{"id":943,"date":"2023-03-06T22:28:30","date_gmt":"2023-03-06T19:28:30","guid":{"rendered":"https:\/\/seyahatpolicesi.com\/blog\/?p=943"},"modified":"2024-12-02T17:47:13","modified_gmt":"2024-12-02T14:47:13","slug":"erasmus-nedir-ve-nasil-yapilir","status":"publish","type":"post","link":"https:\/\/seyahatpolicesi.com\/blog\/erasmus-nedir-ve-nasil-yapilir\/","title":{"rendered":"Erasmus Nedir ve Nas\u0131l Yap\u0131l\u0131r?"},"content":{"rendered":"<p>Erasmus nedir ve nas\u0131l yap\u0131l\u0131r gibi farkl\u0131 sorular\u0131n\u0131z\u0131n detayl\u0131 a\u00e7\u0131klamas\u0131n\u0131 g\u00fcncel yaz\u0131m\u0131zda bulabilirsiniz. \u00d6zellikle, Erasmus programlar\u0131 \u00fcniversite \u00f6\u011frencileri taraf\u0131ndan ra\u011fbet g\u00f6rmektedir.<\/p>\n<p>\u00dcniversiteyi yeni kazanan her \u00f6\u011frenci Erasmus nedir diye meraklan\u0131r. Asl\u0131nda, Erasmus farkl\u0131 k\u00fclt\u00fcrleri ke\u015ffetmenize olanak sa\u011flasa da arka planda \u00e7ok geni\u015f bir Avrupa Birli\u011fi de\u011fi\u015fim programlar\u0131 b\u00fct\u00fcn\u00fcd\u00fcr.<\/p>\n<p>O halde \u00f6ncelikle Erasmus nedir diyerek bir yan\u0131t bulal\u0131m. Daha sonra Erasmus nas\u0131l yap\u0131l\u0131r, faydalar\u0131 nelerdir, Erasmus \u015fartlar\u0131 nelerdir gibi pek \u00e7ok soruyu birlikte inceleyelim.<\/p>\n<h2><span style=\"font-weight: 400;\">Erasmus Nedir?<\/span><\/h2>\n<p><span style=\"font-weight: 400;\"><strong>Erasmus,<\/strong> Avrupa Birli\u011fi taraf\u0131ndan finanse edilen bir \u00f6\u011frenci de\u011fi\u015fim program\u0131d\u0131r. Program\u0131n amac\u0131; <\/span><\/p>\n<p><span style=\"font-weight: 400;\">Avrupa \u00fclkelerindeki \u00fcniversitelerde okuyan \u00f6\u011frencilere f<\/span><span style=\"font-weight: 400;\">arkl\u0131 bir \u00fclkede e\u011fitim alarak;<\/span><\/p>\n<ul>\n<li><span style=\"font-weight: 400;\">Yeni k\u00fclt\u00fcrler, <\/span><\/li>\n<li><span style=\"font-weight: 400;\">Unutulmaz deneyimler,<\/span><\/li>\n<li><span style=\"font-weight: 400;\">Farkl\u0131 diller,<\/span><\/li>\n<li><span style=\"font-weight: 400;\">Ve farkl\u0131 \u00fclkelerden insanlarla tan\u0131\u015fma f\u0131rsat\u0131 vermektedir.<\/span><\/li>\n<\/ul>\n<p><span style=\"font-weight: 400;\"><strong>Erasmus program\u0131;<\/strong> de\u011fi\u015fim programlar\u0131, staj programlar\u0131 ve dil kurslar\u0131 gibi farkl\u0131 se\u00e7enekler sunmaktad\u0131r. Bunun amac\u0131 \u00f6\u011frencilerin yurt d\u0131\u015f\u0131nda ya\u015fama ve \u00e7al\u0131\u015fma deneyimi kazanmalar\u0131n\u0131 sa\u011flamakt\u0131r. Program\u0131n \u00f6\u011frencilerin kariyerleri ve ki\u015fisel geli\u015fimleri i\u00e7in \u00f6nemli bir f\u0131rsat oldu\u011fu d\u00fc\u015f\u00fcn\u00fclmektedir.<\/span><\/p>\n<p><span style=\"font-weight: 400;\">Erasmus program\u0131, 1987 y\u0131l\u0131nda ba\u015flat\u0131lm\u0131\u015ft\u0131r. O zamandan beri milyonlarca \u00f6\u011frenciye farkl\u0131 bir \u00fclkede e\u011fitim alma ve k\u00fclt\u00fcrel deneyim kazanma f\u0131rsat\u0131 sunmu\u015ftur. Yani Erasmus nedir diye merak edenler i\u00e7in, asl\u0131nda bir de\u011fi\u015fim program\u0131d\u0131r.<\/span><\/p>\n<p><a href=\"https:\/\/seyahatpolicesi.com\/seyahat-saglik-sigortasi\"><img fetchpriority=\"high\" decoding=\"async\" class=\"alignnone wp-image-1465 size-full\" src=\"https:\/\/seyahatpolicesi.com\/blog\/wp-content\/uploads\/2024\/11\/seyahat-saglik-sigortasi.jpg\" alt=\"\" width=\"1300\" height=\"400\" srcset=\"https:\/\/seyahatpolicesi.com\/blog\/wp-content\/uploads\/2024\/11\/seyahat-saglik-sigortasi.jpg 1300w, https:\/\/seyahatpolicesi.com\/blog\/wp-content\/uploads\/2024\/11\/seyahat-saglik-sigortasi-300x92.jpg 300w, https:\/\/seyahatpolicesi.com\/blog\/wp-content\/uploads\/2024\/11\/seyahat-saglik-sigortasi-1024x315.jpg 1024w, https:\/\/seyahatpolicesi.com\/blog\/wp-content\/uploads\/2024\/11\/seyahat-saglik-sigortasi-768x236.jpg 768w\" sizes=\"(max-width: 1300px) 100vw, 1300px\" \/><\/a><\/p>\n<h3><span style=\"font-weight: 400;\">Kimler Erasmus Program\u0131ndan Faydalanabilir?<\/span><\/h3>\n<p><img decoding=\"async\" class=\"aligncenter size-full wp-image-945\" src=\"https:\/\/seyahatpolicesi.com\/blog\/wp-content\/uploads\/2023\/03\/Kimler-Erasmus-Programindan-Faydalanabilir.png\" alt=\"Kimler-Erasmus-Programindan-Faydalanabilir\" width=\"1800\" height=\"800\" \/><\/p>\n<p><span style=\"font-weight: 400;\">Erasmus program\u0131ndan faydalanabilecek ki\u015filer, \u00fcniversitelerde kay\u0131tl\u0131 tam zamanl\u0131 \u00f6\u011frencilerdir. Ayr\u0131ca program kapsam\u0131nda yer alan di\u011fer faaliyetlerden, \u00f6rne\u011fin staj yapma f\u0131rsat\u0131ndan faydalanmak isteyen \u00f6\u011frenciler de programdan yararlan\u0131r.<\/span><\/p>\n<p><span style=\"font-weight: 400;\"><strong>Erasmus program\u0131na<\/strong> ba\u015fvurabilmek i\u00e7in;<\/span><\/p>\n<ul>\n<li><span style=\"font-weight: 400;\">\u00d6\u011frencilerin, \u00fclkesindeki bir \u00fcniversitenin lisans veya lisans\u00fcst\u00fc program\u0131nda kay\u0131tl\u0131 olmalar\u0131 gerekir. <\/span><\/li>\n<li><span style=\"font-weight: 400;\">Ayr\u0131ca, \u00f6\u011frencilerin program i\u00e7in gerekli olan<em> \u0130ngilizce<\/em> veya ilgili \u00fclkelerin resmi dillerinden birinde <em>yeterli d\u00fczeyde dil bilgisi becerisine<\/em> sahip olmalar\u0131 gerekir.<\/span><\/li>\n<\/ul>\n<p><span style=\"font-weight: 400;\">Erasmus program\u0131 ayr\u0131ca, <strong>\u00f6\u011fretim g\u00f6revlileri<\/strong> ve <strong>\u00fcniversite personeli<\/strong> gibi \u00fcniversite \u00e7al\u0131\u015fanlar\u0131na da <em>a\u00e7\u0131kt\u0131r<\/em>. <\/span><\/p>\n<p><span style=\"font-weight: 400;\">Bu ki\u015filer;<\/span><\/p>\n<ol>\n<li><span style=\"font-weight: 400;\">Avrupa Birli\u011fi \u00fcyesi \u00fclkelerdeki di\u011fer \u00fcniversitelerle i\u015fbirli\u011fi yapmak,<\/span><\/li>\n<li><span style=\"font-weight: 400;\">Farkl\u0131 \u00fclkelerde ders vermek veya \u00f6\u011frenim g\u00f6rmek,<\/span><\/li>\n<li><span style=\"font-weight: 400;\">Yeni i\u015fbirli\u011fi f\u0131rsatlar\u0131 yaratmak ve,<\/span><\/li>\n<li><span style=\"font-weight: 400;\">K\u00fclt\u00fcrel deneyimlerini geli\u015ftirmek i\u00e7in programdan faydalan\u0131rlar.<\/span><\/li>\n<\/ol>\n<p>Asl\u0131na bakarsan\u0131z Erasmus nedir diyerek bir yan\u0131t bulmak \u00f6yle kolay de\u011fildir. \u00c7\u00fcnk\u00fc Erasmus yaln\u0131zca \u00f6\u011frencilerin de\u011fil, akademisyenlerin de de\u011fi\u015fime kat\u0131lmas\u0131n\u0131 sa\u011flar. Bu sayede kendini geli\u015ftirmek isteyen herkes bu programa kat\u0131lma hakk\u0131na sahiptir.<\/p>\n<p>Ayn\u0131 zamanda, Erasmus program\u0131na gitmeden \u00f6nce Erasmus \u00f6\u011frenci sigortas\u0131 sat\u0131n alman\u0131z gerekir. Gerekli belgeler i\u00e7in \u00fcniversitenizde yer alan Erasmus ofisiyle g\u00f6r\u00fc\u015f\u00fcn.<\/p>\n<h3><span style=\"font-weight: 400;\">Herkes Erasmus&#8217;a Gidebilir Mi?<\/span><\/h3>\n<p><img decoding=\"async\" class=\"aligncenter size-full wp-image-946\" src=\"https:\/\/seyahatpolicesi.com\/blog\/wp-content\/uploads\/2023\/03\/Herkes-Erasmusa-Gidebilir-Mi.png\" alt=\"Herkes-Erasmusa-Gidebilir-Mi\" width=\"1800\" height=\"800\" \/><\/p>\n<p><span style=\"font-weight: 400;\"><strong>Erasmus program\u0131,<\/strong> \u00fcniversitelerde kay\u0131tl\u0131 tam zamanl\u0131 \u00f6\u011frencilere y\u00f6nelik bir \u00f6\u011frenci de\u011fi\u015fim program\u0131d\u0131r. Bu nedenle, <strong>herkes Erasmus program\u0131na kat\u0131lamaz<\/strong>. Programa kat\u0131lmak i\u00e7in \u00f6ncelikle bir \u00fcniversitenin lisans veya lisans\u00fcst\u00fc program\u0131nda kay\u0131tl\u0131 olmak gerekmektedir.<\/span><\/p>\n<p><span style=\"font-weight: 400;\">Ayr\u0131ca, Erasmus program\u0131na kat\u0131lmak i\u00e7in <em>gerekli olan dil becerisi<\/em> seviyesine sahip olmak da gereklidir. Programa kat\u0131l\u0131m \u015fartlar\u0131 \u00fclkelere g\u00f6re de\u011fi\u015fir. Bu nedenle potansiyel Erasmus kat\u0131l\u0131mc\u0131lar\u0131, kendi \u00fclkelerindeki Erasmus koordinat\u00f6rleriyle ileti\u015fime ge\u00e7melidir. Ayr\u0131ca, ilgili \u00fcniversitelerin Erasmus ofisleriyle ileti\u015fime ge\u00e7erek daha fazla bilgi edinirler.<\/span><\/p>\n<p>Erasmus nedir olarak genel hatlar\u0131yla d\u00fc\u015f\u00fcnd\u00fc\u011f\u00fcm\u00fczde AB hibesi alt\u0131nda \u00e7e\u015fitli meslek gruplar\u0131 aras\u0131ndaki de\u011fi\u015fim say\u0131l\u0131r.<\/p>\n<p><span style=\"font-weight: 400;\">Erasmus program\u0131 sadece \u00f6\u011frencilere y\u00f6nelik bir program olmakla birlikte,<strong> \u00f6\u011fretim g\u00f6revlileri<\/strong> ve <strong>\u00fcniversite personeli<\/strong> gibi \u00fcniversite \u00e7al\u0131\u015fanlar\u0131 da programa ba\u015fvururlar. Ancak, ba\u015fvurular \u00fclkelere g\u00f6re farkl\u0131l\u0131k g\u00f6sterir ve her \u00fclke farkl\u0131 kriterler uygular.<\/span><\/p>\n<p>\u00d6zetle, ba\u015fvuru s\u00fcrecini ba\u015far\u0131yla tamamlam\u0131\u015f belirli kriterleri sa\u011flayan ki\u015filer Erasmus program\u0131na gitmeye hak kazan\u0131rlar. Ek olarak, Erasmus program\u0131na gitmeden \u00f6nce Erasmus seyahat sa\u011fl\u0131k sigortas\u0131 sat\u0131n almak gerekir.<\/p>\n<h2><span style=\"font-weight: 400;\">Erasmus Program\u0131 T\u00fcrleri<\/span><\/h2>\n<p><img loading=\"lazy\" decoding=\"async\" class=\"aligncenter size-full wp-image-947\" src=\"https:\/\/seyahatpolicesi.com\/blog\/wp-content\/uploads\/2023\/03\/Erasmus-Programi-Turleri.jpg\" alt=\"Erasmus-Programi-Turleri\" width=\"1800\" height=\"800\" \/><\/p>\n<p><span style=\"font-weight: 400;\">Erasmus program\u0131, \u00f6\u011frencilerin farkl\u0131 t\u00fcrlerdeki de\u011fi\u015fim programlar\u0131na kat\u0131lmalar\u0131na olanak tan\u0131r. Sonu\u00e7 itibariyle, E<\/span><span style=\"font-weight: 400;\">rasmus program\u0131n\u0131n t\u00fcrleri \u015funlard\u0131r:<\/span><\/p>\n<ol>\n<li style=\"font-weight: 400;\" aria-level=\"1\"><span style=\"font-weight: 400;\"><strong><em>Akademik De\u011fi\u015fim Programlar\u0131:<\/em><\/strong> Bu t\u00fcr programlar, \u00f6\u011frencilerin Erasmus program\u0131 kapsam\u0131nda ba\u015fka bir \u00fclkedeki bir \u00fcniversitede akademik dersler almas\u0131 ve kendi \u00fclkelerindeki \u00fcniversitelerinde tan\u0131nan krediler kazanmas\u0131 i\u00e7in tasarlanm\u0131\u015ft\u0131r.<\/span><\/li>\n<li style=\"font-weight: 400;\" aria-level=\"1\"><span style=\"font-weight: 400;\"><em><strong>Staj De\u011fi\u015fim Programlar\u0131:<\/strong><\/em> Bu t\u00fcr programlar, \u00f6\u011frencilerin Erasmus program\u0131 kapsam\u0131nda ba\u015fka bir \u00fclkedeki bir \u015firkette veya kurumda staj yapmalar\u0131n\u0131 ve i\u015fyeri deneyimi kazanmalar\u0131n\u0131 sa\u011flar. Stajyerler, yurt d\u0131\u015f\u0131ndaki i\u015f k\u00fclt\u00fcr\u00fcn\u00fc ve i\u015fyeri uygulamalar\u0131n\u0131 \u00f6\u011frenerek kendi ki\u015fisel ve profesyonel geli\u015fimlerine katk\u0131 sa\u011flarlar.<\/span><\/li>\n<li style=\"font-weight: 400;\" aria-level=\"1\"><span style=\"font-weight: 400;\"><strong><em>Dil Kurslar\u0131:<\/em> <\/strong>Bu t\u00fcr programlar, \u00f6\u011frencilerin Erasmus program\u0131 kapsam\u0131nda ba\u015fka bir \u00fclkede bir dil kursuna kat\u0131lmalar\u0131n\u0131 ve yabanc\u0131 dil becerilerini geli\u015ftirmelerini sa\u011flar.<\/span><\/li>\n<li style=\"font-weight: 400;\" aria-level=\"1\"><span style=\"font-weight: 400;\"><em><strong>Y\u00fcksek Lisans Programlar\u0131:<\/strong><\/em> Bu t\u00fcr programlar, \u00f6\u011frencilerin Erasmus program\u0131 kapsam\u0131nda bir y\u00fcksek lisans program\u0131nda e\u011fitim almalar\u0131n\u0131 sa\u011flar.<\/span><\/li>\n<li style=\"font-weight: 400;\" aria-level=\"1\"><span style=\"font-weight: 400;\"><strong><em>\u00d6\u011fretim G\u00f6revlisi De\u011fi\u015fim Programlar\u0131:<\/em> <\/strong>Bu t\u00fcr programlar, \u00f6\u011fretim g\u00f6revlilerinin Erasmus program\u0131 kapsam\u0131nda ba\u015fka bir \u00fclkedeki bir \u00fcniversitede ders vermesini veya ara\u015ft\u0131rma yapmas\u0131n\u0131 sa\u011flar.\u00a0<\/span><\/li>\n<\/ol>\n<p>G\u00f6r\u00fcld\u00fc\u011f\u00fc \u00fczere Erasmus nedir d\u00fc\u015f\u00fcncesinin \u00e7ok y\u00f6nl\u00fc yan\u0131tlar\u0131 vard\u0131r. Di\u011fer bir deyi\u015fle Erasmus e\u011fitim ve \u00f6\u011fretim hayat\u0131na devam eden en az lisans \u00f6\u011frencisi olan ki\u015filere a\u00e7\u0131kt\u0131r. Fakat bunun yan\u0131 s\u0131ra 18 ya\u015fa y\u00f6nelik k\u0131sa d\u00f6nemli Erasmus projeleri de mevcuttur.<\/p>\n<p>Yani Erasmus <strong>\u00e7ok \u00e7e\u015fitli de\u011fi\u015fim programlar\u0131n\u0131n<\/strong> en genel ismi olarak tan\u0131mlan\u0131r. Ayn\u0131 zamanda, t\u00fcm bu programlar i\u00e7in Erasmus sa\u011fl\u0131k sigortas\u0131 sat\u0131n alman\u0131z gerekir.<\/p>\n<h3><span style=\"font-weight: 400;\">Erasmus Plus&#8217;\u0131n Amac\u0131<\/span><\/h3>\n<p><img loading=\"lazy\" decoding=\"async\" class=\"aligncenter size-full wp-image-948\" src=\"https:\/\/seyahatpolicesi.com\/blog\/wp-content\/uploads\/2023\/03\/Erasmus-Plusin-Amaci.jpg\" alt=\"Erasmus-Plusin-Amaci\" width=\"1800\" height=\"800\" \/><\/p>\n<p><span style=\"font-weight: 400;\">Ayn\u0131 zamanda Erasmus Plus program\u0131n\u0131n amac\u0131n\u0131 anlayarak Erasmus nedir noktas\u0131na dikkat \u00e7ekelim. \u00d6zetle, Erasmus Plus program\u0131n\u0131n amac\u0131 bunlard\u0131r:<\/span><\/p>\n<ul>\n<li><span style=\"font-weight: 400;\"> Avrupa Birli\u011fi&#8217;nin e\u011fitim, gen\u00e7lik ve spor alanlar\u0131nda faaliyet g\u00f6steren organizasyonlar\u0131n desteklenmesi,<\/span><\/li>\n<li><span style=\"font-weight: 400;\">Avrupa&#8217;da e\u011fitim kalitesinin art\u0131r\u0131lmas\u0131,<\/span><\/li>\n<li><span style=\"font-weight: 400;\">Gen\u00e7lerin sosyal, k\u00fclt\u00fcrel ve profesyonel geli\u015fimlerinin desteklenmesidir.<\/span><\/li>\n<\/ul>\n<p><span style=\"font-weight: 400;\"><strong>Erasmus Plus program\u0131; <\/strong><\/span><span style=\"font-weight: 400;\">\u00f6\u011frencilerin, \u00f6\u011fretim g\u00f6revlilerinin ve di\u011fer \u00fcniversite personelinin Avrupa&#8217;da farkl\u0131 \u00fclkelerde,<\/span><\/p>\n<ol>\n<li><span style=\"font-weight: 400;\">E\u011fitim alma,<\/span><\/li>\n<li><span style=\"font-weight: 400;\">Staj yapma, <\/span><\/li>\n<li><span style=\"font-weight: 400;\">\u00d6\u011fretim g\u00f6revlisi de\u011fi\u015fimi yapma,<\/span><\/li>\n<li><span style=\"font-weight: 400;\">Ara\u015ft\u0131rma yapma,<\/span><\/li>\n<li><span style=\"font-weight: 400;\">Proje y\u00fcr\u00fctme gibi faaliyetleri ger\u00e7ekle\u015ftirmelerine olanak tan\u0131r. <\/span><\/li>\n<\/ol>\n<p><span style=\"font-weight: 400;\">Bu sayede, <strong>Avrupa&#8217;daki \u00fcniversiteler<\/strong> aras\u0131nda <em>i\u015fbirli\u011fi<\/em> ve <em>ileti\u015fim<\/em> geli\u015fir. Kat\u0131l\u0131mc\u0131lar da farkl\u0131 k\u00fclt\u00fcrleri tan\u0131r ve yeni beceriler edinir. Ayr\u0131ca, Avrupa gen\u00e7li\u011finin g\u00fc\u00e7lendirilmesine katk\u0131da bulunma f\u0131rsat\u0131 bulurlar.<\/span><\/p>\n<p><span style=\"font-weight: 400;\">Ayn\u0131 zamanda, Erasmus Plus program\u0131 mesleki e\u011fitim ve yeti\u015fkin e\u011fitimi alanlar\u0131nda da faaliyet g\u00f6steren organizasyonlar\u0131 destekler. Avrupa&#8217;da gen\u00e7lerin i\u015fg\u00fcc\u00fcne kat\u0131l\u0131m\u0131n\u0131 ve istihdam edilebilirli\u011fini art\u0131rmay\u0131 hedefler.<\/span><\/p>\n<p>Erasmus Plus&#8217;\u0131n amac\u0131 Erasmus nedir do\u011frultusunda d\u00fc\u015f\u00fcn\u00fcnler i\u00e7in de bir cevap niteli\u011finde say\u0131l\u0131r. Amac\u0131n\u0131 anlad\u0131\u011f\u0131m\u0131za g\u00f6re, bir sonraki ba\u015fl\u0131kta hangi \u00fclkeleri kapsad\u0131\u011f\u0131na g\u00f6z atal\u0131m.<\/p>\n<h3><span style=\"font-weight: 400;\">Erasmus\u2019un Akademik Ba\u015far\u0131ya Etkileri<\/span><\/h3>\n<p><img loading=\"lazy\" decoding=\"async\" class=\"aligncenter size-full wp-image-1165\" src=\"https:\/\/seyahatpolicesi.com\/blog\/wp-content\/uploads\/2023\/03\/Erasmsuun-akademik-katkilari-1.jpg\" alt=\"Erasmsu'un akademik katk\u0131lar\u0131\" width=\"1800\" height=\"800\" \/><\/p>\n<p><span style=\"font-weight: 400;\">Erasmus Program\u0131, yurtd\u0131\u015f\u0131nda e\u011fitim almak isteyen \u00f6\u011frenciler i\u00e7in b\u00fcy\u00fck bir f\u0131rsat sunar ve bu deneyim akademik ba\u015far\u0131lar\u0131n\u0131 olumlu bir \u015fekilde etkileyebilir. Erasmus Program\u0131&#8217;n\u0131n akademik ba\u015far\u0131ya etkilerini 3 alt ba\u015fl\u0131kta incelemekte fayda var. Bunlar \u201cErasmus\u2019un Sa\u011flad\u0131\u011f\u0131 E\u011fitim \u00c7e\u015fitlili\u011fi\u201d, \u201cErasmusun Yabanc\u0131 Dil Konusunda Katk\u0131lar\u0131\u201d ve \u201cErasmusun \u00d6\u011frencilere Sa\u011flad\u0131\u011f\u0131 \u00d6zg\u00fcven\u201d. Hadi daha detayl\u0131 inceleyelim.<\/span><\/p>\n<ul>\n<li><strong>Erasmus\u2019un Sa\u011flad\u0131\u011f\u0131 E\u011fitim \u00c7e\u015fitlili\u011fi<\/strong><\/li>\n<\/ul>\n<p><span style=\"font-weight: 400;\">Erasmus, \u00f6\u011frencilere farkl\u0131 \u00f6\u011frenme ortamlar\u0131na maruz kalmalar\u0131n\u0131 sa\u011flar. <strong>Farkl\u0131 \u00fclkelerdeki \u00fcniversitelerde e\u011fitim almak<\/strong>, farkl\u0131 \u00f6\u011fretim y\u00f6ntemleri, ders i\u00e7erikleri ve \u00f6\u011fretmenlerle kar\u015f\u0131la\u015fmay\u0131 i\u00e7erir. Bu \u00e7e\u015fitlilik, \u00f6\u011frencilere daha geni\u015f bir bilgi yelpazesi sunar ve kendi \u00fclkelerinde alacaklar\u0131 e\u011fitimden farkl\u0131 bir perspektif kazanmalar\u0131n\u0131 sa\u011flar.<\/span><\/p>\n<p><span style=\"font-weight: 400;\">Yurtd\u0131\u015f\u0131nda e\u011fitim almak, \u00f6\u011frencilere farkl\u0131 bir \u00f6\u011frenme deneyimi sunar. Farkl\u0131 \u00fclkelerdeki \u00fcniversitelerin e\u011fitim metodlar\u0131, ders i\u00e7erikleri ve \u00f6\u011fretmenlerin \u00f6\u011fretim tarzlar\u0131, \u00f6\u011frencilerin kendi \u00fclkelerindeki al\u0131\u015fk\u0131n olduklar\u0131ndan farkl\u0131 olabilir. Bu \u00e7e\u015fitlilik, \u00f6\u011frencilere daha geni\u015f bir bilgi yelpazesi sunar ve farkl\u0131 bak\u0131\u015f a\u00e7\u0131lar\u0131 kazanmalar\u0131n\u0131 sa\u011flar. \u00d6zellikle \u00f6\u011frenciler, kendi alanlar\u0131ndaki konular\u0131 farkl\u0131 bir k\u00fclt\u00fcrel ve akademik ba\u011flamda ele alarak daha derinlemesine anlama f\u0131rsat\u0131 bulurlar.<\/span><\/p>\n<p><span style=\"font-weight: 400;\">Ayr\u0131ca, Erasmus deneyimi \u00f6\u011frencilere ba\u011f\u0131ms\u0131z \u00f6\u011frenme ve adaptasyon becerileri kazand\u0131r\u0131r. <strong>Yabanc\u0131 bir \u00fcniversitede<\/strong> e\u011fitim almak, yeni bir \u00f6\u011frenme ortam\u0131na uyum sa\u011flama yetene\u011fini geli\u015ftirir. Farkl\u0131 \u00f6\u011fretim metodlar\u0131na uyum sa\u011flama, \u00f6\u011frencilere esneklik ve a\u00e7\u0131kl\u0131k kazand\u0131r\u0131r. Bu, gelecekteki kariyerlerinde veya ki\u015fisel geli\u015fimlerinde b\u00fcy\u00fck bir avantaj olabilir.<\/span><\/p>\n<ul>\n<li><strong>Erasmus\u2019un Yabanc\u0131 Dil \u00dczerine Etkileri<\/strong><\/li>\n<\/ul>\n<p><span style=\"font-weight: 400;\">Erasmus deneyimi, kat\u0131l\u0131mc\u0131lar\u0131n yabanc\u0131 bir \u00fclkede e\u011fitim al\u0131rken yabanc\u0131 dilde \u00f6\u011frenmelerini gerektirir. Bu, dil becerilerinin geli\u015fimine b\u00fcy\u00fck bir katk\u0131 sa\u011flar. Farkl\u0131 bir dilde ders almak, \u00f6\u011frencilere kendi ana dillerinde \u00f6\u011frenemeyecekleri farkl\u0131 bir perspektif sunar. Yabanc\u0131 dilde dersler, \u00f6\u011frencilerin kelime da\u011farc\u0131\u011f\u0131n\u0131 geni\u015fletir, dilbilgisini iyile\u015ftirir ve etkili ileti\u015fim becerileri kazand\u0131r\u0131r.<\/span><\/p>\n<p><span style=\"font-weight: 400;\">Dil becerilerinin geli\u015fimi sadece akademik alanda de\u011fil, ayn\u0131 zamanda ki\u015fisel geli\u015fim a\u00e7\u0131s\u0131ndan da b\u00fcy\u00fck \u00f6nem ta\u015f\u0131r. Yabanc\u0131 bir \u00fclkede ya\u015fayan ve \u00f6\u011frenim g\u00f6ren \u00f6\u011frenciler, g\u00fcnl\u00fck ya\u015famlar\u0131nda farkl\u0131 bir dili kullanma f\u0131rsat\u0131 bulurlar. Bu, onlar\u0131n k\u00fclt\u00fcrel etkile\u015fimlerini art\u0131r\u0131r ve d\u00fcnya g\u00f6r\u00fc\u015flerini geni\u015fletir.<\/span><\/p>\n<p><span style=\"font-weight: 400;\">Ayr\u0131ca, yabanc\u0131 dil becerileri, \u00f6\u011frencilere uluslararas\u0131 d\u00fczeyde daha fazla kariyer f\u0131rsat\u0131 sunar. \u0130\u015f d\u00fcnyas\u0131nda ve akademik d\u00fcnyada, birden fazla dil bilen ki\u015filere olan talep her ge\u00e7en g\u00fcn artmaktad\u0131r. Erasmus kat\u0131l\u0131mc\u0131lar\u0131, yabanc\u0131 dil yetenekleri sayesinde <strong>uluslararas\u0131 i\u015f ortamlar\u0131nda<\/strong> ba\u015far\u0131l\u0131 olabilirler. Ayr\u0131ca, uluslararas\u0131 bir i\u015f veya kariyer aray\u0131\u015f\u0131ndaki ki\u015filere daha fazla a\u00e7\u0131k kap\u0131 sunar.<\/span><\/p>\n<ul>\n<li><strong> Erasmus\u2019un \u00d6\u011frencilere Sa\u011flad\u0131\u011f\u0131 \u00d6zg\u00fcven<\/strong><\/li>\n<\/ul>\n<p><span style=\"font-weight: 400;\">Erasmus Program\u0131, kat\u0131l\u0131mc\u0131lar\u0131 farkl\u0131 bir \u00fclkenin e\u011fitim sistemi ve ya\u015fam tarz\u0131yla tan\u0131\u015ft\u0131r\u0131r. Bu deneyim, \u00f6\u011frencilere yeni bir \u00e7evreye uyum sa\u011flama ve farkl\u0131 k\u00fclt\u00fcrel dinamiklere adapte olma f\u0131rsat\u0131 sunar. Bu s\u00fcre\u00e7, \u00f6\u011frencilerin \u00f6zg\u00fcvenlerini art\u0131r\u0131r \u00e7\u00fcnk\u00fc yeni ve bilinmeyen bir ortamla ba\u015fa \u00e7\u0131kmay\u0131 \u00f6\u011frenirler.<\/span><\/p>\n<p><span style=\"font-weight: 400;\">Yurtd\u0131\u015f\u0131nda e\u011fitim almak, genellikle dil bariyerleri, farkl\u0131 \u00f6\u011frenme y\u00f6ntemleri ve al\u0131\u015f\u0131k olunmayan bir ya\u015fam tarz\u0131 gibi zorluklarla kar\u015f\u0131la\u015fmay\u0131 gerektirir. Bu t\u00fcr zorluklarla ba\u015fa \u00e7\u0131kmak,<strong> \u00f6\u011frencilerin problem \u00e7\u00f6zme yeteneklerini<\/strong> geli\u015ftirir ve daha diren\u00e7li hale gelmelerini sa\u011flar. Bu deneyim, hayatta kar\u015f\u0131la\u015facaklar\u0131 di\u011fer zorluklarla ba\u015fa \u00e7\u0131kmalar\u0131na da yard\u0131mc\u0131 olabilir.<\/span><\/p>\n<p><span style=\"font-weight: 400;\">Yurtd\u0131\u015f\u0131nda e\u011fitim al\u0131rken, \u00f6\u011frenciler genellikle kendi ba\u015flar\u0131na ya\u015famak ve kararlar almak zorunda kal\u0131rlar. Bu, ba\u011f\u0131ms\u0131zl\u0131k kazanmalar\u0131n\u0131 te\u015fvik eder. \u00d6zg\u00fcrl\u00fck ve sorumluluklar\u0131n\u0131 dengelemeyi \u00f6\u011frenmek, \u00f6\u011frencilere gelecekteki ya\u015famlar\u0131 i\u00e7in \u00f6nemli bir beceri kazand\u0131r\u0131r.<\/span><\/p>\n<p><span style=\"font-weight: 400;\">Bu deneyimler, \u00f6\u011frencilerin daha fazla \u00f6zg\u00fcven kazanmalar\u0131na ve akademik hedeflerine daha fazla odaklanmalar\u0131na yard\u0131mc\u0131 olabilir. Kendi yeteneklerine ve kapasitelerine daha fazla inan\u00e7 geli\u015ftirirler, bu da gelecekteki ba\u015far\u0131lar\u0131na \u00f6nemli bir katk\u0131 sa\u011flar. Erasmus, \u00f6\u011frencilere sadece akademik de\u011fil ayn\u0131 zamanda ki\u015fisel geli\u015fim a\u00e7\u0131s\u0131ndan da de\u011ferli bir deneyim sunar.<\/span><\/p>\n<h3><span style=\"font-weight: 400;\">Erasmus Plus Program\u0131nda Hangi \u00dclkeler Yer Al\u0131yor?<\/span><\/h3>\n<p><span style=\"font-weight: 400;\"><strong>Erasmus Plus<\/strong> program\u0131na Avrupa Birli\u011fi \u00fcyesi \u00fclkelerin yan\u0131 s\u0131ra, Avrupa Serbest Ticaret Birli\u011fi (EFTA) \u00fclkeleri ve Avrupa Ekonomik Alan\u0131 (EEA) \u00fclkeleri de kat\u0131lmaktad\u0131r. Programda \u015fu \u00fclkeler yer almaktad\u0131r:<\/span><\/p>\n<p><strong>-Avrupa Birli\u011fi \u00fcyesi \u00fclkeler: <\/strong><\/p>\n<ul>\n<li style=\"font-weight: 400;\" aria-level=\"1\"><span style=\"font-weight: 400;\">Almanya, <\/span><\/li>\n<li style=\"font-weight: 400;\" aria-level=\"1\"><span style=\"font-weight: 400;\">Avusturya, <\/span><\/li>\n<li style=\"font-weight: 400;\" aria-level=\"1\"><span style=\"font-weight: 400;\">Bel\u00e7ika, <\/span><\/li>\n<li style=\"font-weight: 400;\" aria-level=\"1\"><span style=\"font-weight: 400;\">Bulgaristan, <\/span><\/li>\n<li style=\"font-weight: 400;\" aria-level=\"1\"><span style=\"font-weight: 400;\">\u00c7ek Cumhuriyeti, <\/span><\/li>\n<li style=\"font-weight: 400;\" aria-level=\"1\"><span style=\"font-weight: 400;\">Danimarka, <\/span><\/li>\n<li style=\"font-weight: 400;\" aria-level=\"1\"><span style=\"font-weight: 400;\">Estonya, <\/span><\/li>\n<li style=\"font-weight: 400;\" aria-level=\"1\"><span style=\"font-weight: 400;\">Finlandiya, <\/span><\/li>\n<li style=\"font-weight: 400;\" aria-level=\"1\"><span style=\"font-weight: 400;\">Fransa, <\/span><\/li>\n<li style=\"font-weight: 400;\" aria-level=\"1\"><span style=\"font-weight: 400;\">H\u0131rvatistan, <\/span><\/li>\n<li style=\"font-weight: 400;\" aria-level=\"1\"><span style=\"font-weight: 400;\">\u0130rlanda, <\/span><\/li>\n<li style=\"font-weight: 400;\" aria-level=\"1\"><span style=\"font-weight: 400;\">\u0130spanya, <\/span><\/li>\n<li style=\"font-weight: 400;\" aria-level=\"1\"><span style=\"font-weight: 400;\">\u0130sve\u00e7, <\/span><\/li>\n<li style=\"font-weight: 400;\" aria-level=\"1\"><span style=\"font-weight: 400;\">\u0130talya, <\/span><\/li>\n<li style=\"font-weight: 400;\" aria-level=\"1\"><span style=\"font-weight: 400;\">K\u0131br\u0131s Rum Kesimi, <\/span><\/li>\n<li style=\"font-weight: 400;\" aria-level=\"1\"><span style=\"font-weight: 400;\">Letonya, <\/span><\/li>\n<li style=\"font-weight: 400;\" aria-level=\"1\"><span style=\"font-weight: 400;\">Litvanya, <\/span><\/li>\n<li style=\"font-weight: 400;\" aria-level=\"1\"><span style=\"font-weight: 400;\">L\u00fcksemburg, <\/span><\/li>\n<li style=\"font-weight: 400;\" aria-level=\"1\"><span style=\"font-weight: 400;\">Macaristan, <\/span><\/li>\n<li style=\"font-weight: 400;\" aria-level=\"1\"><span style=\"font-weight: 400;\">Malta, <\/span><\/li>\n<li style=\"font-weight: 400;\" aria-level=\"1\"><span style=\"font-weight: 400;\">Hollanda, <\/span><\/li>\n<li style=\"font-weight: 400;\" aria-level=\"1\"><span style=\"font-weight: 400;\">Polonya, <\/span><\/li>\n<li style=\"font-weight: 400;\" aria-level=\"1\"><span style=\"font-weight: 400;\">Portekiz, <\/span><\/li>\n<li style=\"font-weight: 400;\" aria-level=\"1\"><span style=\"font-weight: 400;\">Romanya, <\/span><\/li>\n<li style=\"font-weight: 400;\" aria-level=\"1\"><span style=\"font-weight: 400;\">Slovakya, <\/span><\/li>\n<li style=\"font-weight: 400;\" aria-level=\"1\"><span style=\"font-weight: 400;\">Slovenya, <\/span><\/li>\n<li style=\"font-weight: 400;\" aria-level=\"1\"><span style=\"font-weight: 400;\">Yunanistan.<\/span><\/li>\n<\/ul>\n<p><strong>-Serbest Ticaret Birli\u011fi (EFTA) \u00fclkeleri: <\/strong><\/p>\n<ul>\n<li>\u0130zlanda,<\/li>\n<li>Lihten\u015ftayn,<\/li>\n<li>Norve\u00e7,<\/li>\n<li>\u0130svi\u00e7re.<\/li>\n<\/ul>\n<p><strong>-Avrupa Ekonomik Alan\u0131 (EEA) \u00fclkeleri: <\/strong><\/p>\n<ul>\n<li>\u0130zlanda,<\/li>\n<li>Lihten\u015ftayn,<\/li>\n<li>Norve\u00e7.<\/li>\n<\/ul>\n<p><span style=\"font-weight: 400;\">Ayr\u0131ca, program kapsam\u0131nda Bat\u0131 Balkan \u00fclkeleri (<strong>Arnavutluk, Bosna Hersek, Karada\u011f, Kuzey Makedonya, S\u0131rbistan<\/strong>), Kuzey Afrika ve Ortado\u011fu \u00fclkeleri <strong>(Cezayir, M\u0131s\u0131r, \u0130srail, \u00dcrd\u00fcn, L\u00fcbnan, Fas, Filistin, Tunus<\/strong>), Do\u011fu Ortakl\u0131\u011f\u0131 \u00fclkeleri (<strong>Ermenistan, Azerbaycan, Beyaz Rusya, G\u00fcrcistan, Moldova, Ukrayna<\/strong>) ve<strong> Rusya Federasyonu<\/strong> da yer almaktad\u0131r.<\/span><\/p>\n<p>T\u00fcm bu \u00fclkelerde herhangi bir de\u011fi\u015fim program\u0131na giderken \u00f6\u011frenci seyahat sigortas\u0131 edinmeniz gerekir. Erasmus seyahat sa\u011fl\u0131k sigortas\u0131 sayesinde sa\u011fl\u0131k nedenli harcamalar size y\u00fck olmaz. Gitti\u011finiz \u00fclkede ani yaralanma, kaza veya t\u0131bbi m\u00fcdahele gibi durumlarda<strong> Erasmus sa\u011fl\u0131k sigortan\u0131z<\/strong> sizi korur.<\/p>\n<h3><span style=\"font-weight: 400;\">Erasmus \u015eartlar\u0131 Nelerdir?<\/span><\/h3>\n<p><img loading=\"lazy\" decoding=\"async\" class=\"aligncenter size-full wp-image-949\" src=\"https:\/\/seyahatpolicesi.com\/blog\/wp-content\/uploads\/2023\/03\/Erasmus-Sartlari-Nelerdir.jpg\" alt=\"Erasmus-Sartlari-Nelerdir\" width=\"1800\" height=\"800\" \/><\/p>\n<p><span style=\"font-weight: 400;\">Erasmus program\u0131na kat\u0131lmak i\u00e7in belli ba\u015fl\u0131 \u015fartlar vard\u0131r. Bu \u015fartlar a\u015fa\u011f\u0131daki gibidir:<\/span><\/p>\n<ol>\n<li style=\"font-weight: 400;\" aria-level=\"1\"><span style=\"font-weight: 400;\"><strong>\u00d6\u011frenciler:<\/strong> Erasmus program\u0131na kat\u0131lmak i\u00e7in \u00f6\u011frencilerin en az bir y\u0131l boyunca kay\u0131tl\u0131 olduklar\u0131 y\u00fcksek\u00f6\u011fretim kurumlar\u0131nda tam zamanl\u0131 e\u011fitim almalar\u0131 gerekir.<\/span><\/li>\n<li style=\"font-weight: 400;\" aria-level=\"1\"><span style=\"font-weight: 400;\"><strong>\u00d6\u011fretim g\u00f6revlileri:<\/strong> Erasmus program\u0131na kat\u0131lmak i\u00e7in \u00f6\u011fretim g\u00f6revlilerinin, kay\u0131tl\u0131 olduklar\u0131 y\u00fcksek\u00f6\u011fretim kurumlar\u0131nda tam zamanl\u0131 \u00e7al\u0131\u015fmalar\u0131 ve bir y\u0131l en az 60 saat ders vermeleri \u015fart\u0131 vard\u0131r.<\/span><\/li>\n<li style=\"font-weight: 400;\" aria-level=\"1\"><span style=\"font-weight: 400;\"><strong>Dil yeterlili\u011fi:<\/strong> Erasmus program\u0131 kapsam\u0131nda se\u00e7ilen \u00f6\u011frenci veya personelin, e\u011fitim g\u00f6rece\u011fi \u00fclkede kullan\u0131lacak olan dili anlayabilecek d\u00fczeyde dil yeterlili\u011fine sahip olmas\u0131 gerekir. Bu, dil s\u0131navlar\u0131 veya belirli dil seviyelerine g\u00f6re belirlenir.<\/span><\/li>\n<li style=\"font-weight: 400;\" aria-level=\"1\"><span style=\"font-weight: 400;\"><strong>Se\u00e7im s\u00fcreci:<\/strong> Erasmus program\u0131 i\u00e7in y\u00fcksek\u00f6\u011fretim kurumlar\u0131, \u00f6\u011frenci veya personel se\u00e7imlerini kendi belirledikleri kriterlere g\u00f6re yaparlar. Bu se\u00e7im kriterleri aras\u0131nda \u00f6\u011frencinin akademik performans\u0131, motivasyonu, yabanc\u0131 dil bilgisi, sosyal beceriler gibi fakt\u00f6rler yer al\u0131r.<\/span><\/li>\n<li style=\"font-weight: 400;\" aria-level=\"1\"><span style=\"font-weight: 400;\"><strong>Finansal destek:<\/strong> Erasmus program\u0131 kapsam\u0131nda \u00f6\u011frencilerin ve personelin, seyahat, konaklama ve di\u011fer harcamalar\u0131 i\u00e7in finansal destek alabilmeleri i\u00e7in y\u00fcksek\u00f6\u011fretim kurumlar\u0131n\u0131n Erasmus Plus program\u0131ndan hibe almalar\u0131 gerekmektedir.<\/span><\/li>\n<li style=\"font-weight: 400;\" aria-level=\"1\"><span style=\"font-weight: 400;\"><strong>Erasmus Sa\u011fl\u0131k Sigortas\u0131:<\/strong> Erasmus program\u0131na kat\u0131lan \u00f6\u011frenci ve personel, Erasmus seyahat sa\u011fl\u0131k sigortas\u0131 sat\u0131n al\u0131rlar.<\/span><\/li>\n<\/ol>\n<p><span style=\"font-weight: 400;\">Bu \u015fartlar\u0131n yan\u0131 s\u0131ra, Erasmus program\u0131 kapsam\u0131nda di\u011fer kurallar ve prosed\u00fcrler de bulunmaktad\u0131r. Di\u011fer bir deyi\u015fle, bu prosed\u00fcrler Erasmus nedir tan\u0131m\u0131n\u0131 da yapmaktad\u0131r.\u00a0<\/span><\/p>\n<p><span style=\"font-weight: 400;\">Bu kurallar ve prosed\u00fcrler, kat\u0131l\u0131mc\u0131lara \u00f6nceden bildirilir ve kat\u0131l\u0131mc\u0131lar\u0131n bu kurallara uymalar\u0131 gerekir.\u00a0<\/span><\/p>\n<h3><span style=\"font-weight: 400;\">Erasmus Faydalar\u0131 Nelerdir?<\/span><\/h3>\n<p><img loading=\"lazy\" decoding=\"async\" class=\"aligncenter size-full wp-image-950\" src=\"https:\/\/seyahatpolicesi.com\/blog\/wp-content\/uploads\/2023\/03\/Erasmus-Faydalari-Nelerdir.jpg\" alt=\"Erasmus-Faydalari-Nelerdir\" width=\"1800\" height=\"800\" \/><\/p>\n<p><span style=\"font-weight: 400;\">Erasmus program\u0131, kat\u0131l\u0131mc\u0131lara bir\u00e7ok fayda sa\u011flar. Bunlardan baz\u0131lar\u0131 \u015funlard\u0131r:<\/span><\/p>\n<ol>\n<li style=\"font-weight: 400;\" aria-level=\"1\"><span style=\"font-weight: 400;\"><strong><em>Yeni k\u00fclt\u00fcrleri ke\u015ffetme f\u0131rsat\u0131:<\/em><\/strong> Erasmus program\u0131, \u00f6\u011frencilere farkl\u0131 \u00fclkelerin k\u00fclt\u00fcrlerini ke\u015ffetme f\u0131rsat\u0131 verir. Bu, dil becerilerinin yan\u0131 s\u0131ra, a\u00e7\u0131k fikirlilik, ho\u015fg\u00f6r\u00fc, yeni arkada\u015fl\u0131klar kurma ve uluslararas\u0131 i\u015fbirli\u011fi gibi becerilerin geli\u015ftirilmesine yard\u0131mc\u0131 olur.<\/span><\/li>\n<li style=\"font-weight: 400;\" aria-level=\"1\"><span style=\"font-weight: 400;\"><strong><em>Akademik deneyim:<\/em> <\/strong>Erasmus program\u0131, \u00f6\u011frencilere yurtd\u0131\u015f\u0131ndaki \u00fcniversitelerde e\u011fitim alma imkan\u0131 sa\u011flar. Bu, kat\u0131l\u0131mc\u0131lar\u0131n farkl\u0131 e\u011fitim sistemlerini, dersleri ve \u00f6\u011frenme y\u00f6ntemlerini deneyimlemelerine ve bu deneyimlerden yararlanmalar\u0131na olanak tan\u0131r.<\/span><\/li>\n<li style=\"font-weight: 400;\" aria-level=\"1\"><span style=\"font-weight: 400;\"><strong><em>Dil becerileri geli\u015ftirme:<\/em><\/strong> Erasmus program\u0131, kat\u0131l\u0131mc\u0131lar\u0131n yabanc\u0131 dil becerilerini geli\u015ftirmelerine yard\u0131mc\u0131 olur. \u00d6zellikle, e\u011fitim g\u00f6rece\u011fi \u00fclkenin dilini \u00f6\u011frenme ve kullanma f\u0131rsat\u0131, kat\u0131l\u0131mc\u0131lar\u0131n dil becerilerini h\u0131zla geli\u015ftirmelerine yard\u0131mc\u0131 olur.<\/span><\/li>\n<li style=\"font-weight: 400;\" aria-level=\"1\"><span style=\"font-weight: 400;\"><strong><em>Kariyer f\u0131rsatlar\u0131:<\/em><\/strong> Erasmus program\u0131, kat\u0131l\u0131mc\u0131lar\u0131n kariyer f\u0131rsatlar\u0131n\u0131 artt\u0131r\u0131r. Yurtd\u0131\u015f\u0131ndaki e\u011fitim ve deneyimler, i\u015fverenler taraf\u0131ndan de\u011ferli g\u00f6r\u00fclmekte ve kat\u0131l\u0131mc\u0131lar\u0131n i\u015f bulma s\u00fcre\u00e7lerinde avantaj sa\u011flamaktad\u0131r.<\/span><\/li>\n<li style=\"font-weight: 400;\" aria-level=\"1\"><span style=\"font-weight: 400;\"><strong><em>Ki\u015fisel geli\u015fim:<\/em> <\/strong>Erasmus program\u0131, kat\u0131l\u0131mc\u0131lar\u0131n ki\u015fisel geli\u015fimlerine de katk\u0131da bulunur. Farkl\u0131 k\u00fclt\u00fcrleri tan\u0131ma, yeni beceriler \u00f6\u011frenme ve \u00f6zg\u00fcven kazanma, kat\u0131l\u0131mc\u0131lar\u0131n daha kendine g\u00fcvenli ve giri\u015fimci olmalar\u0131na yard\u0131mc\u0131 olur.<\/span><\/li>\n<li style=\"font-weight: 400;\" aria-level=\"1\"><span style=\"font-weight: 400;\"><strong><em>Avrupa Birli\u011fi&#8217;nin de\u011ferlerini \u00f6\u011frenme:<\/em> <\/strong>Erasmus program\u0131, Avrupa Birli\u011fi&#8217;nin ortak de\u011ferlerini, tarihini ve k\u00fclt\u00fcr\u00fcn\u00fc \u00f6\u011frenme f\u0131rsat\u0131 sa\u011flar. Bu, kat\u0131l\u0131mc\u0131lar\u0131n Avrupa&#8217;da ya\u015fayan insanlarla daha fazla etkile\u015fime ge\u00e7melerini ve Avrupa&#8217;n\u0131n farkl\u0131 k\u00fclt\u00fcrlerini daha iyi anlamalar\u0131n\u0131 sa\u011flar.<\/span><\/li>\n<\/ol>\n<p>Erasmus&#8217;un di\u011fer bir gizli faydas\u0131 da kat\u0131l\u0131mc\u0131lar, Erasmus nedir sorusuna kendileri cevap verirler. Bu sayede hep duyduklar\u0131 Erasmus program\u0131 kendileri ke\u015ffederek ne oldu\u011funu anlarlar.<\/p>\n<h3><span style=\"font-weight: 400;\">Erasmus&#8217;un Kariyerinize Katk\u0131lar\u0131 Nelerdir?<\/span><\/h3>\n<p><img loading=\"lazy\" decoding=\"async\" class=\"aligncenter size-full wp-image-1157\" src=\"https:\/\/seyahatpolicesi.com\/blog\/wp-content\/uploads\/2023\/03\/sepoersmusgorsel.jpg\" alt=\"Erasmus Kariyer F\u0131rsatlar\u0131\" width=\"1800\" height=\"800\" \/><\/p>\n<p><span style=\"font-weight: 400;\">Erasmus Program\u0131, sadece akademik bir deneyim sunmakla kalmay\u0131p, ayn\u0131 zamanda kariyeriniz \u00fczerinde de d\u00f6n\u00fc\u015ft\u00fcr\u00fcc\u00fc etkilere sahip olabilir. Yurtd\u0131\u015f\u0131nda ge\u00e7irilen bu d\u00f6nem, hem ki\u015fisel hem de profesyonel geli\u015fiminize b\u00fcy\u00fck katk\u0131 sa\u011flar. \u0130\u015fte Erasmus deneyiminin kariyerinizi nas\u0131l zenginle\u015ftirebilece\u011fi hakk\u0131nda baz\u0131 d\u00fc\u015f\u00fcnd\u00fcr\u00fcc\u00fc noktalar:<\/span><\/p>\n<ol>\n<li><b>Yabanc\u0131 Dil Becerileri: <\/b>Erasmus deneyimi, \u00f6\u011frencilere yabanc\u0131 dil konusunda \u00f6nemli bir yetenek kazand\u0131r\u0131r. Yeni bir \u00fclkede ya\u015fayarak ve yerel halkla etkile\u015fimde bulunarak, dil becerilerinizi geli\u015ftirme f\u0131rsat\u0131n\u0131z olur. Bu, uluslararas\u0131 i\u015f d\u00fcnyas\u0131nda \u00e7ok \u00f6nemli bir avantajd\u0131r.<\/li>\n<li><b>Uluslararas\u0131 Deneyim: <\/b>Erasmus ile farkl\u0131 bir \u00fclkede ya\u015famak ve okumak, k\u00fclt\u00fcrel anlay\u0131\u015f\u0131n\u0131z\u0131 art\u0131r\u0131r. Farkl\u0131 k\u00fclt\u00fcrlerle etkile\u015fim, esneklik, empati ve \u00e7e\u015fitli bak\u0131\u015f a\u00e7\u0131lar\u0131 kazanman\u0131za yard\u0131mc\u0131 olur. \u0130\u015fverenler, uluslararas\u0131 bir deneyime sahip adaylar\u0131 tercih eder, \u00e7\u00fcnk\u00fc bu, k\u00fcresel i\u015f d\u00fcnyas\u0131nda ba\u015far\u0131l\u0131 olma kap\u0131lar\u0131n\u0131 a\u00e7ar.<\/li>\n<li><b>K\u00fclt\u00fcrel Hassasiyet: <\/b>Erasmus deneyimi, farkl\u0131 k\u00fclt\u00fcrlerle daha yak\u0131ndan tan\u0131\u015fman\u0131z\u0131 ve bu k\u00fclt\u00fcrlerin de\u011ferlerine sayg\u0131 duyman\u0131z\u0131 sa\u011flar. Bu, i\u015f yerinde k\u00fclt\u00fcrel \u00e7e\u015fitlili\u011fi y\u00f6netme yetene\u011finizi art\u0131r\u0131r. Bir\u00e7ok \u00e7ok uluslu \u015firket, k\u00fclt\u00fcrel hassasiyeti olan \u00e7al\u0131\u015fanlar\u0131 tercih eder.<\/li>\n<li><b>\u0130\u015fe Al\u0131m Avantaj\u0131: <\/b>Erasmus deneyimi, \u00f6zge\u00e7mi\u015finizi zenginle\u015ftirir. \u0130\u015fverenler, bu deneyimi g\u00f6ren adaylar\u0131 s\u0131kl\u0131kla daha cazip bulurlar. Erasmus&#8217;un, ba\u015fka bir \u00fclkede ya\u015fama ve \u00e7al\u0131\u015fma iste\u011finizin bir g\u00f6stergesi oldu\u011funu d\u00fc\u015f\u00fcn\u00fcrler. Ayr\u0131ca, dil becerileri ve k\u00fclt\u00fcrel farkl\u0131l\u0131klara olan duyarl\u0131l\u0131\u011f\u0131n\u0131z, i\u015fe al\u0131m s\u00fcre\u00e7lerinde sizi di\u011fer adaylardan ay\u0131rabilir.<\/li>\n<\/ol>\n<p><span style=\"font-weight: 400;\">Erasmus Program\u0131, sadece bir akademik deneyimden \u00e7ok daha fazlas\u0131n\u0131 sunar. Yabanc\u0131 dil becerileri, k\u00fclt\u00fcrel anlay\u0131\u015f ve uluslararas\u0131 deneyimler, kariyerinizin ba\u015far\u0131l\u0131 bir \u015fekilde ilerlemesine katk\u0131 sa\u011flar. Bu deneyim, i\u015f d\u00fcnyas\u0131nda sizi \u00f6ne \u00e7\u0131karacak bir avantaj olabilir ve gelecekteki kariyeriniz i\u00e7in kap\u0131lar\u0131 a\u00e7abilir.<\/span><\/p>\n<h2><span style=\"font-weight: 400;\">Erasmus Plus Ayl\u0131k Hibe Miktarlar\u0131<\/span><\/h2>\n<p><img loading=\"lazy\" decoding=\"async\" class=\"aligncenter size-full wp-image-951\" src=\"https:\/\/seyahatpolicesi.com\/blog\/wp-content\/uploads\/2023\/03\/Erasmus-Plus-Aylik-Hibe-Miktarlari.jpg\" alt=\"Erasmus-Plus-Aylik-Hibe-Miktarlari\" width=\"1800\" height=\"800\" \/><\/p>\n<p><span style=\"font-weight: 400;\"><strong>Erasmus+ program\u0131<\/strong> kapsam\u0131nda verilen ayl\u0131k hibe miktarlar\u0131, \u00f6\u011frencilerin gidecekleri \u00fclkeye ve d\u00f6nemlerine g\u00f6re de\u011fi\u015fiklik g\u00f6sterir. Ayr\u0131ca, \u00f6\u011frencilerin ka\u00e7\u0131nc\u0131 s\u0131n\u0131fta olduklar\u0131na ve gidecekleri \u00fclkede <em>ya\u015fam maliyetlerine<\/em> g\u00f6re de farkl\u0131l\u0131k g\u00f6sterir. Bununla birlikte, genel olarak 2021-2027 d\u00f6nemi i\u00e7in Erasmus+ program\u0131nda \u00f6ng\u00f6r\u00fclen ayl\u0131k hibe miktarlar\u0131 \u015funlard\u0131r:<\/span><\/p>\n<ul>\n<li style=\"font-weight: 400;\" aria-level=\"1\"><span style=\"font-weight: 400;\"><strong>\u00d6\u011frenci hareketlili\u011fi:<\/strong> En az 3, ay en fazla 12 ay s\u00fcreli\u011fine yurtd\u0131\u015f\u0131ndaki bir \u00fcniversiteye giden \u00f6\u011frencilere verilen ayl\u0131k hibe miktar\u0131 350-450 Euro aras\u0131nda de\u011fi\u015fir.<\/span><\/li>\n<li style=\"font-weight: 400;\" aria-level=\"1\"><span style=\"font-weight: 400;\"><strong>Staj hareketlili\u011fi:<\/strong> En az 2, en fazla 12 ay s\u00fcreli\u011fine yurtd\u0131\u015f\u0131ndaki bir i\u015fletmede staj yapacak \u00f6\u011frencilere verilen ayl\u0131k hibe miktar\u0131 ise 400-500 Euro aras\u0131nda de\u011fi\u015fir.<\/span><\/li>\n<li style=\"font-weight: 400;\" aria-level=\"1\"><span style=\"font-weight: 400;\"><strong>\u00d6\u011fretmen hareketlili\u011fi:<\/strong> En az 2, en fazla 12 hafta s\u00fcreli\u011fine yurtd\u0131\u015f\u0131ndaki bir okulda ders verecek \u00f6\u011fretmenlere verilen ayl\u0131k hibe miktar\u0131 ise 700-1400 Euro aras\u0131nda de\u011fi\u015fir.<\/span><\/li>\n<li style=\"font-weight: 400;\" aria-level=\"1\"><span style=\"font-weight: 400;\"><strong>Gen\u00e7lik hareketlili\u011fi:<\/strong> Gen\u00e7lerin yurtd\u0131\u015f\u0131nda ger\u00e7ekle\u015ftirecekleri faaliyetlerde (kurslar, seminerler, at\u00f6lye \u00e7al\u0131\u015fmalar\u0131 vb.) ayl\u0131k hibe miktar\u0131, faaliyetin s\u00fcresine ve \u00fclkeye g\u00f6re de\u011fi\u015fir. 2021-2027 d\u00f6nemi i\u00e7in \u00f6ng\u00f6r\u00fclen ayl\u0131k hibe miktar\u0131 220-350 Euro aras\u0131nda de\u011fi\u015fmektedir.<\/span><\/li>\n<\/ul>\n<p><span style=\"font-weight: 400;\">Yukar\u0131da belirtilen hibe miktarlar\u0131, Erasmus+ program\u0131 kapsam\u0131nda sunulan<strong> en y\u00fcksek hibe miktarlar\u0131d\u0131r.<\/strong> Ancak, \u00f6\u011frencilerin veya di\u011fer kat\u0131l\u0131mc\u0131lar\u0131n hibe miktar\u0131 alma s\u00fcre\u00e7leri, ba\u015fvuru yap\u0131lan kurumun ve \u00fclkenin kriterlerine ba\u011fl\u0131 olarak de\u011fi\u015fir.<\/span><\/p>\n<p>\u00d6zetle, <strong>Erasmus nedir<\/strong> olarak d\u00fc\u015f\u00fcnenler i\u00e7in hibe k\u0131sm\u0131 da \u00e7ok \u00f6nemlidir. Hibe, <strong>cep har\u00e7l\u0131\u011f\u0131<\/strong> anlam\u0131na gelir. Bu sayede oradaki harcamalar\u0131n\u0131z i\u00e7in bir b\u00fct\u00e7eye sahip olursunuz.<\/p>\n<p>Hibeler genel olarak ayl\u0131k olarak hesab\u0131n\u0131za ge\u00e7er. Daha detayl\u0131 bilgiyi, kendi okulunuz veya gidece\u011finiz kurumdan edinin. Hibe sayesinde Erasmus \u00f6\u011frenci sigortas\u0131 poli\u00e7enizi de sat\u0131n almay\u0131 ihmal etmeyin. Ayr\u0131ca, \u00f6\u011frenci seyahat sigortas\u0131 vize ba\u015fvurusu i\u00e7in gereklidir.<\/p>\n<h3><span style=\"font-weight: 400;\">Erasmus Ba\u015fvuru S\u00fcreci Hakk\u0131nda Tavsiyeler<\/span><\/h3>\n<p><img loading=\"lazy\" decoding=\"async\" class=\"aligncenter size-full wp-image-952\" src=\"https:\/\/seyahatpolicesi.com\/blog\/wp-content\/uploads\/2023\/03\/Erasmus-Basvuru-Sureci-Hakkinda-Tavsiyeler.jpg\" alt=\"Erasmus-Basvuru-Sureci-Hakkinda-Tavsiyeler\" width=\"1800\" height=\"800\" \/><\/p>\n<p><span style=\"font-weight: 400;\">Erasmus ba\u015fvuru s\u00fcreci olduk\u00e7a yo\u011fun ve stresli bir s\u00fcre\u00e7 olur. A\u015fa\u011f\u0131da Erasmus ba\u015fvurusu yapacaklara baz\u0131 tavsiyeler verilmi\u015ftir:<\/span><\/p>\n<ul>\n<li style=\"font-weight: 400;\" aria-level=\"1\"><span style=\"font-weight: 400;\"><strong><em>Ba\u015fvuru tarihlerini iyi takip edin:<\/em> <\/strong>Erasmus program\u0131 i\u00e7in ba\u015fvuru tarihleri her y\u0131l de\u011fi\u015fir. Ba\u015fvuru tarihlerini takip ederek, ba\u015fvuru s\u00fcrecinde zaman\u0131nda i\u015flemlerinizi tamamlayabilirsiniz.<\/span><\/li>\n<li style=\"font-weight: 400;\" aria-level=\"1\"><span style=\"font-weight: 400;\"><strong><em>Kendinize uygun program\u0131 se\u00e7in:<\/em> <\/strong>Erasmus program\u0131 kapsam\u0131nda bir\u00e7ok farkl\u0131 program bulunmaktad\u0131r. Kendinize uygun program\u0131 se\u00e7mek i\u00e7in, program\u0131n i\u00e7eri\u011fini ve gerekliliklerini iyi ara\u015ft\u0131r\u0131n.<\/span><\/li>\n<li style=\"font-weight: 400;\" aria-level=\"1\"><span style=\"font-weight: 400;\"><strong><em>D\u00fczg\u00fcn bir CV haz\u0131rlay\u0131n:<\/em> <\/strong>Erasmus program\u0131 ba\u015fvurusu yaparken, \u00f6zge\u00e7mi\u015finiz \u00f6nemli bir rol oynar. D\u00fczg\u00fcn ve net bir \u015fekilde haz\u0131rlanm\u0131\u015f bir CV, ba\u015fvurunuzun olumlu sonu\u00e7lanmas\u0131na yard\u0131mc\u0131 olacakt\u0131r.<\/span><\/li>\n<li style=\"font-weight: 400;\" aria-level=\"1\"><span style=\"font-weight: 400;\"><strong><em>Referans mektubu isteyin:<\/em> <\/strong>Erasmus ba\u015fvurusu yaparken, \u00f6\u011fretmenlerinizden veya di\u011fer yetkililerden size referans mektubu yazmalar\u0131n\u0131 isteyin. Bu mektuplar, ba\u015fvurunuzun kabul edilmesinde etkili olur.<\/span><\/li>\n<li style=\"font-weight: 400;\" aria-level=\"1\"><span style=\"font-weight: 400;\"><strong><em>Dil seviyenizi y\u00fckseltin:<\/em> <\/strong>Erasmus program\u0131 kapsam\u0131nda yurtd\u0131\u015f\u0131na gitmek i\u00e7in yeterli bir dil seviyesine sahip olman\u0131z gerekir. Dil seviyenizi y\u00fckseltmek i\u00e7in, yabanc\u0131 dil kurslar\u0131na veya dil pratiklerine kat\u0131l\u0131n.<\/span><\/li>\n<li style=\"font-weight: 400;\" aria-level=\"1\"><span style=\"font-weight: 400;\"><em><strong>Kendinizi motive edin:<\/strong> <\/em>Erasmus program\u0131 ba\u015fvurusu yaparken, kendinizi motive etmek \u00f6nemlidir. Kendinize neden yurtd\u0131\u015f\u0131nda e\u011fitim veya staj yapmak istedi\u011finizi hat\u0131rlay\u0131n ve bu hedefe odaklan\u0131n.<\/span><\/li>\n<li style=\"font-weight: 400;\" aria-level=\"1\"><span style=\"font-weight: 400;\"><strong><em>Ba\u015fvurunuzu dikkatli bir \u015fekilde tamamlay\u0131n:<\/em><\/strong> Erasmus ba\u015fvurusunu tamamlarken, ba\u015fvuru formunu dikkatli bir \u015fekilde doldurun. Yanl\u0131\u015f bilgi vermek, ba\u015fvurunuzun reddedilmesine neden olur.<\/span><\/li>\n<li style=\"font-weight: 400;\" aria-level=\"1\"><span style=\"font-weight: 400;\"><strong><em>Sab\u0131rl\u0131 olun:<\/em> <\/strong>Erasmus program\u0131 ba\u015fvuru s\u00fcreci uzun ve sab\u0131r gerektirir. Ba\u015fvurunuzun kabul edilip edilmedi\u011fini \u00f6\u011frenmek i\u00e7in birka\u00e7 hafta veya hatta aylar beklemeniz gerekir.<\/span><\/li>\n<li aria-level=\"1\"><strong>Belgelerinizi eksiksiz olarak toplay\u0131n:\u00a0<\/strong>Bu belgeler aras\u0131nda dil s\u0131nav sonucu ve transkript de yer al\u0131r. Bununla birlikte, Erasmus \u00f6\u011frenci sigortas\u0131, hem vize hem de de\u011fi\u015fim program\u0131 i\u00e7in gereklidir.<\/li>\n<\/ul>\n<p><span style=\"font-weight: 400;\">Sonu\u00e7 olarak, Erasmus ba\u015fvuru s\u00fcreci dikkatli bir \u015fekilde planlanmal\u0131d\u0131r. Ba\u015fvurunuzun kabul edilmesi i\u00e7in gereken t\u00fcm ad\u0131mlar\u0131 atmak, ba\u015fvurunuzun ba\u015far\u0131l\u0131 olma \u015fans\u0131n\u0131 art\u0131racakt\u0131r. Ek olarak, bu ad\u0131mlar\u0131n en ba\u015f\u0131nda kendinize Erasmus nedir gibi sorular y\u00f6neltip cevaplay\u0131n. Bu sayede motivasyonunuzu ortaya \u00e7\u0131kar\u0131rs\u0131n\u0131z.<\/span><\/p>\n<h3><span style=\"font-weight: 400;\">Erasmus Ne Kadar S\u00fcrer?<\/span><\/h3>\n<p><img loading=\"lazy\" decoding=\"async\" class=\"aligncenter size-full wp-image-953\" src=\"https:\/\/seyahatpolicesi.com\/blog\/wp-content\/uploads\/2023\/03\/Erasmus-Ne-Kadar-Surer.jpg\" alt=\"Erasmus-Ne-Kadar-Surer\" width=\"1800\" height=\"800\" \/><\/p>\n<p><span style=\"font-weight: 400;\"><strong>Erasmus program\u0131,<\/strong> Avrupa Birli\u011fi taraf\u0131ndan finanse edilen bir de\u011fi\u015fim program\u0131d\u0131r ve s\u00fcresi de\u011fi\u015fir.<\/span><\/p>\n<p><span style=\"font-weight: 400;\">Genellikle, Erasmus program\u0131;<\/span><\/p>\n<ul>\n<li><span style=\"font-weight: 400;\">Lisans \u00f6\u011frencileri i\u00e7in 3-12 ay,<\/span><\/li>\n<li><span style=\"font-weight: 400;\">Y\u00fcksek lisans \u00f6\u011frencileri i\u00e7in 2-12 ay s\u00fcrer. <\/span><\/li>\n<li><span style=\"font-weight: 400;\">Ancak, program\u0131n s\u00fcresi \u00fclkeye ve se\u00e7ilen programa <strong>ba\u011fl\u0131 olarak de\u011fi\u015fir.<\/strong><\/span><\/li>\n<\/ul>\n<p><span style=\"font-weight: 400;\">\u00d6rne\u011fin, staj yapmak veya bir yar\u0131y\u0131l d\u00f6nemi ge\u00e7irmek isteyen \u00f6\u011frenciler i\u00e7in daha k\u0131sa programlar mevcut olur. Bununla birlikte, \u00f6\u011frenciler Erasmus program\u0131ndan<strong> yaln\u0131zca bir kere yararlan\u0131rlar.\u00a0<\/strong><\/span><\/p>\n<p>Ayn\u0131 zamanda, \u00f6\u011frenci seyahat sa\u011fl\u0131k sigortan\u0131z\u0131 de\u011fi\u015fim program\u0131 s\u00fcresine g\u00f6re yapt\u0131r\u0131n. \u00d6rne\u011fin, gidece\u011finiz \u00fclkede 5 ay kalacaksan\u0131z bunu dikkate al\u0131n. Yani Erasmus sa\u011fl\u0131k sigortas\u0131n\u0131 da 5 ayl\u0131k bir poli\u00e7e olarak edinin.<\/p>\n<h3><span style=\"font-weight: 400;\">Erasmus \u0130\u00e7in \u0130ngilizce Zorunlu Mu?<\/span><\/h3>\n<p><img loading=\"lazy\" decoding=\"async\" class=\"aligncenter size-full wp-image-954\" src=\"https:\/\/seyahatpolicesi.com\/blog\/wp-content\/uploads\/2023\/03\/Erasmus-Icin-Ingilizce-Zorunlu-Mu.png\" alt=\"Erasmus-Icin-Ingilizce-Zorunlu-Mu\" width=\"1800\" height=\"800\" \/><\/p>\n<p><span style=\"font-weight: 400;\">Erasmus program\u0131nda<strong> \u0130ngilizce zorunlu bir dil de\u011fildir.<\/strong> Ancak, program kapsam\u0131nda kat\u0131laca\u011f\u0131n\u0131z e\u011fitim kurumu veya yapaca\u011f\u0131n\u0131z staj yerinde \u0130ngilizce&#8217;nin yan\u0131 s\u0131ra ba\u015fka bir dil de konu\u015fuluyorsa, o dilde yeterli d\u00fczeyde ileti\u015fim kurabilmeniz gerekir.<\/span><\/p>\n<p><span style=\"font-weight: 400;\">Bununla birlikte, Erasmus program\u0131 \u00e7o\u011funlukla Avrupa \u00fclkelerinde ger\u00e7ekle\u015ftirildi\u011finden, program\u0131n verimli ge\u00e7mesi i\u00e7in en az\u0131ndan biraz \u0130ngilizce bilmeniz faydal\u0131 olacakt\u0131r. Belki de Erasmus nedir olarak d\u00fc\u015f\u00fcnd\u00fc\u011f\u00fcn\u00fczde, sahip oldu\u011funuz dil yeterlili\u011fini de d\u00fc\u015f\u00fcn\u00fcn.<\/span><\/p>\n<p><span style=\"font-weight: 400;\">Zira \u0130ngilizce, d\u00fcnya genelinde <strong>en yayg\u0131n olarak konu\u015fulan dillerden biridir<\/strong>. Bir\u00e7ok \u00fclkede ortak bir dil olarak kullan\u0131lmaktad\u0131r. Ayr\u0131ca, \u0130ngilizce&#8217;nin uluslararas\u0131 ticaret, bilim ve teknoloji gibi bir\u00e7ok alanda da kullan\u0131ld\u0131\u011f\u0131 d\u00fc\u015f\u00fcn\u00fcl\u00fcrse, dilin \u00f6nemi daha da artmaktad\u0131r.\u00a0<\/span><\/p>\n<h2><span style=\"font-weight: 400;\">Erasmus Cep Har\u00e7l\u0131\u011f\u0131 Hangi Masraflar\u0131n\u0131z\u0131 Kar\u015f\u0131lar?<\/span><\/h2>\n<p><img loading=\"lazy\" decoding=\"async\" class=\"aligncenter size-full wp-image-955\" src=\"https:\/\/seyahatpolicesi.com\/blog\/wp-content\/uploads\/2023\/03\/Erasmus-Cep-Harcligi-Hangi-Masraflarinizi-Karsilar.png\" alt=\"Erasmus-Cep-Harcligi-Hangi-Masraflarinizi-Karsilar\" width=\"1800\" height=\"800\" \/><\/p>\n<p><span style=\"font-weight: 400;\"><strong>Erasmus program\u0131<\/strong> kapsam\u0131nda \u00f6\u011frencilere verilen cep har\u00e7l\u0131\u011f\u0131, \u00f6\u011frencilerin seyahat, konaklama ve ya\u015fam giderlerinin bir k\u0131sm\u0131n\u0131 kar\u015f\u0131lamaya yard\u0131mc\u0131 olur. Ancak, bu har\u00e7l\u0131k t\u00fcm masraflar\u0131 kar\u015f\u0131lamaz ve \u00f6\u011frencilerin di\u011fer kaynaklardan da destek almalar\u0131 gerekebilir.<\/span><\/p>\n<p><span style=\"font-weight: 400;\"><strong>Erasmus cep har\u00e7l\u0131\u011f\u0131<\/strong>, \u00f6\u011frencilerin gidecekleri \u00fclkeye ve program\u0131n s\u00fcresine g\u00f6re de\u011fi\u015fir. Ayr\u0131ca, \u00f6\u011frencilerin g\u00f6reli olarak daha d\u00fc\u015f\u00fck ya\u015fam maliyeti olan \u00fclkelere gitmeleri halinde, daha az cep har\u00e7l\u0131\u011f\u0131 al\u0131rlar.<\/span><\/p>\n<p>Erasmus nedir gibi d\u00fc\u015f\u00fcnd\u00fc\u011f\u00fcm\u00fczde, cep har\u00e7l\u0131\u011f\u0131 \u00f6\u011frenciler i\u00e7in \u00e7ok \u00f6nemlidir. Gidilen \u00fclkedeki ya\u015fam giderleri T\u00fcrkiye&#8217;den daha y\u00fcksektir. Bu nedenle hibe almak b\u00fct\u00e7enizi ak\u0131ll\u0131ca y\u00f6netmenize imkan sa\u011flar.<\/p>\n<p><span style=\"font-weight: 400;\">Cep har\u00e7l\u0131\u011f\u0131;<\/span><\/p>\n<ul>\n<li><span style=\"font-weight: 400;\">\u00d6\u011frencilerin seyahat giderlerini,<\/span><\/li>\n<li><span style=\"font-weight: 400;\">Konaklama giderlerini,<\/span><\/li>\n<li><span style=\"font-weight: 400;\">Yemek masraflar\u0131n\u0131,<\/span><\/li>\n<li><span style=\"font-weight: 400;\">\u015eehir i\u00e7i ula\u015f\u0131m,<\/span><\/li>\n<li><span style=\"font-weight: 400;\">G\u00fcnl\u00fck ya\u015fam giderlerini kar\u015f\u0131lamaya yard\u0131mc\u0131 olur. <\/span><\/li>\n<\/ul>\n<p><span style=\"font-weight: 400;\">Ancak, \u00f6\u011frencilerin <strong>Erasmus sa\u011fl\u0131k sigortas\u0131<\/strong>, <strong>vize \u00fccretleri <\/strong>ve <strong>kitaplar<\/strong> gibi ekstra maliyetleri de kendilerinin kar\u015f\u0131lamas\u0131 gerekebilir. Uygun fiyatl\u0131 ve geni\u015f kapsaml\u0131 \u00f6\u011frenci seyahat sigortas\u0131 edinmeyi d\u00fc\u015f\u00fcn\u00fcyorsan\u0131z <a href=\"https:\/\/seyahatpolicesi.com\/\">www.seyahatpolicesi.com<\/a>&#8216;u ziyaret edebilirsiniz.<\/span><\/p>\n<h3><span style=\"font-weight: 400;\">Erasmus \u0130\u00e7in En \u0130yi \u00dclkeler Hangileri?<\/span><\/h3>\n<p><img loading=\"lazy\" decoding=\"async\" class=\"aligncenter size-full wp-image-956\" src=\"https:\/\/seyahatpolicesi.com\/blog\/wp-content\/uploads\/2023\/03\/Erasmus-Icin-En-Iyi-Ulkeler-Hangileri.jpg\" alt=\"Erasmus-Icin-En-Iyi-Ulkeler-Hangileri\" width=\"1800\" height=\"800\" \/><\/p>\n<p><span style=\"font-weight: 400;\"><strong>Erasmus program\u0131,<\/strong> Avrupa&#8217;da \u00fcniversite \u00f6\u011frencilerinin bir veya iki d\u00f6nem boyunca ba\u015fka bir Avrupa \u00fclkesinde e\u011fitim almalar\u0131n\u0131 sa\u011flayan bir de\u011fi\u015fim program\u0131d\u0131r. <\/span><\/p>\n<p><span style=\"font-weight: 400;\">En iyi Erasmus \u00fclkeleri, \u00f6\u011frencilerin derslerini tamamlarken farkl\u0131 bir k\u00fclt\u00fcr\u00fc deneyimlemelerine ve yurtd\u0131\u015f\u0131nda ya\u015faman\u0131n getirdi\u011fi avantajlar\u0131 ke\u015ffetmelerine yard\u0131mc\u0131 olan \u00fclkelerdir. Hat\u0131rlatal\u0131m ki \u00fclke fark etmeksizin Erasmus sa\u011fl\u0131k sigortas\u0131 t\u00fcm \u00fclkeler i\u00e7in zorunluluktur.<\/span><\/p>\n<p><span style=\"font-weight: 400;\">\u0130\u015fte Erasmus i\u00e7in en iyi \u00fclkelerden baz\u0131lar\u0131:<\/span><\/p>\n<ol>\n<li style=\"font-weight: 400;\" aria-level=\"1\"><span style=\"font-weight: 400;\"><strong>\u0130spanya:<\/strong> \u0130spanya, Erasmus program\u0131 i\u00e7in en pop\u00fcler \u00fclkelerden biridir. G\u00fcne\u015fli hava, canl\u0131 k\u00fclt\u00fcr ve d\u00fc\u015f\u00fck ya\u015fam maliyeti ile \u00f6\u011frenciler i\u00e7in \u00e7ekici bir se\u00e7enektir.<\/span><\/li>\n<li style=\"font-weight: 400;\" aria-level=\"1\"><span style=\"font-weight: 400;\"><strong>Almanya:<\/strong> Almanya, \u00fcst\u00fcn kaliteli e\u011fitim, \u00e7e\u015fitli \u00fcniversiteler ve y\u00fcksek ya\u015fam standartlar\u0131 ile Erasmus program\u0131 i\u00e7in en iyi \u00fclkelerden biridir.<\/span><\/li>\n<li style=\"font-weight: 400;\" aria-level=\"1\"><span style=\"font-weight: 400;\"><strong>Fransa:<\/strong> Fransa, sanat, k\u00fclt\u00fcr ve tarih a\u00e7\u0131s\u0131ndan zengin bir \u00fclke olarak tan\u0131n\u0131r. Ayr\u0131ca, Frans\u0131z dilini \u00f6\u011frenmek isteyen \u00f6\u011frenciler i\u00e7in ideal bir se\u00e7enektir.<\/span><\/li>\n<li style=\"font-weight: 400;\" aria-level=\"1\"><span style=\"font-weight: 400;\"><strong>\u0130talya:<\/strong> \u0130talya, tarihi \u015fehirleri, lezzetli yemekleri ve zengin k\u00fclt\u00fcr\u00fc ile \u00f6\u011frenciler i\u00e7in cazip bir \u00fclkedir. Ayr\u0131ca, \u0130talya&#8217;n\u0131n \u00fcnl\u00fc sanat ve mimari eserlerini ke\u015ffetmek de m\u00fcmk\u00fcnd\u00fcr.<\/span><\/li>\n<li style=\"font-weight: 400;\" aria-level=\"1\"><span style=\"font-weight: 400;\"><strong>Yunanistan:<\/strong> Yunanistan, s\u0131cakkanl\u0131 insanlar\u0131, do\u011fal g\u00fczellikleri ve canl\u0131 sosyal hayat\u0131 ile \u00f6\u011frenciler i\u00e7in pop\u00fcler bir se\u00e7enektir.<\/span><\/li>\n<li style=\"font-weight: 400;\" aria-level=\"1\"><span style=\"font-weight: 400;\"><strong>Hollanda:<\/strong> Hollanda, bisiklet k\u00fclt\u00fcr\u00fc, renkli sokaklar\u0131, d\u00fc\u015f\u00fck ya\u015fam maliyeti ve d\u00fcnya \u00e7ap\u0131ndaki \u00fcniversiteleriyle Erasmus program\u0131 i\u00e7in ideal bir \u00fclkedir.<\/span><\/li>\n<li style=\"font-weight: 400;\" aria-level=\"1\"><span style=\"font-weight: 400;\"><strong>Danimarka:<\/strong> Danimarka, y\u00fcksek ya\u015fam standartlar\u0131, mutlu insanlar\u0131 ve canl\u0131 sosyal hayat\u0131 ile \u00f6\u011frenciler i\u00e7in pop\u00fcler bir se\u00e7enektir.<\/span><\/li>\n<\/ol>\n<p><span style=\"font-weight: 400;\">Tabii ki, bunlar sadece \u00f6nerilerdir. Her \u00f6\u011frenci i\u00e7in en iyi Erasmus \u00fclkesi <em>ki\u015fisel tercihlere<\/em> ve <em>hedeflere<\/em> ba\u011fl\u0131d\u0131r. Ayn\u0131 \u015fekilde, Erasmus Nedir olarak d\u00fc\u015f\u00fcnd\u00fc\u011f\u00fcnzde en iyi \u00fclkeyi kendiniz bulursunuz.<\/span><\/p>\n<h3><span style=\"font-weight: 400;\">Erasmus De\u011fi\u015fim \u00d6\u011frencisi Olma Kriterleri Nelerdir?<\/span><\/h3>\n<p><img loading=\"lazy\" decoding=\"async\" class=\"aligncenter size-full wp-image-957\" src=\"https:\/\/seyahatpolicesi.com\/blog\/wp-content\/uploads\/2023\/03\/Erasmus-Degisim-Ogrencisi-Olma-Kriterleri-Nelerdir.jpg\" alt=\"Erasmus-Degisim-Ogrencisi-Olma-Kriterleri-Nelerdir\" width=\"1800\" height=\"800\" \/><\/p>\n<p><span style=\"font-weight: 400;\">Erasmus de\u011fi\u015fim \u00f6\u011frencisi olmak i\u00e7in a\u015fa\u011f\u0131daki kriterleri kar\u015f\u0131lamak gerekmektedir:<\/span><\/p>\n<ol>\n<li style=\"font-weight: 400;\" aria-level=\"1\"><span style=\"font-weight: 400;\"><strong>Lisans veya y\u00fcksek lisans d\u00fczeyinde e\u011fitim al\u0131yor olmak:<\/strong> Erasmus program\u0131na ba\u015fvurabilmek i\u00e7in, \u00fcniversitelerin lisans veya y\u00fcksek lisans programlar\u0131nda kay\u0131tl\u0131 olmak gerekmektedir. Ayr\u0131ca, program\u0131n bulundu\u011fu \u00fclkeye gitmeden \u00f6nce, birinci s\u0131n\u0131f\u0131 tamamlam\u0131\u015f olman\u0131z \u015fartt\u0131r.<\/span><\/li>\n<li style=\"font-weight: 400;\" aria-level=\"1\"><span style=\"font-weight: 400;\"><strong>Erasmus program\u0131n\u0131n bulundu\u011fu \u00fclkeye gitmek istemek:<\/strong> Erasmus program\u0131, Avrupa \u00fclkelerindeki \u00fcniversiteler aras\u0131nda bir de\u011fi\u015fim program\u0131d\u0131r. Bu nedenle, program\u0131n bulundu\u011fu bir \u00fclkede e\u011fitim almaya karar vermeniz gerekir.<\/span><\/li>\n<li style=\"font-weight: 400;\" aria-level=\"1\"><span style=\"font-weight: 400;\"><strong>Minimum not ortalamas\u0131:<\/strong> Erasmus program\u0131na ba\u015fvurmak i\u00e7in, \u00fcniversitelerin belirledi\u011fi minimum not ortalamas\u0131n\u0131 kar\u015f\u0131laman\u0131z gerekmektedir. Bu not ortalamas\u0131 genellikle <em>2.00 veya \u00fczeri olmaktad\u0131r.<\/em><\/span><\/li>\n<li style=\"font-weight: 400;\" aria-level=\"1\"><span style=\"font-weight: 400;\"><strong>Dil yeterlili\u011fi:<\/strong> Erasmus program\u0131n\u0131n bulundu\u011fu \u00fclkede \u00f6\u011frenim g\u00f6rmek i\u00e7in, o \u00fclkenin dilinde yeterli seviyede ileti\u015fim kurabilmek \u00f6nemlidir. Bu nedenle, \u00fcniversiteler genellikle adaylar\u0131n program dili i\u00e7in belirlenmi\u015f bir yeterlilik seviyesine sahip olmas\u0131n\u0131 beklerler.<\/span><\/li>\n<li style=\"font-weight: 400;\" aria-level=\"1\"><span style=\"font-weight: 400;\"><strong>Ba\u015fvuru s\u00fcrecinde gerekli belgeleri haz\u0131rlama:<\/strong> Erasmus program\u0131na ba\u015fvurmak i\u00e7in, \u00fcniversitenizin belirledi\u011fi tarihlerde ba\u015fvuru yapman\u0131z ve gerekli belgeleri haz\u0131rlaman\u0131z gerekmektedir. B<\/span>u belgeler aras\u0131nda; \u00f6<span style=\"font-weight: 400;\">\u011frenci ba\u015fvuru formu, t<\/span><span style=\"font-weight: 400;\">ranskript, m<\/span><span style=\"font-weight: 400;\">otivasyon mektubu, di<\/span><span style=\"font-weight: 400;\">l s\u0131nav sonucu ve <strong>Erasmus sa\u011fl\u0131k sigortas\u0131<\/strong> gibi belgeler yer al\u0131r.<\/span><\/li>\n<\/ol>\n<p><span style=\"font-weight: 400;\">Yukar\u0131daki kriterleri kar\u015f\u0131lad\u0131\u011f\u0131n\u0131z takdirde, \u00fcniversitenizin Erasmus program\u0131 ile ilgili koordinat\u00f6r\u00fcne ba\u015fvurarak program hakk\u0131nda daha fazla bilgi edinerek ba\u015fvurunuzu tamamlars\u0131n\u0131z. Sonu\u00e7 olarak Erasmus nedir, uzun bir a\u00e7\u0131klama gerektirir.<\/span><\/p>\n<h3><span style=\"font-weight: 400;\">Erasmus Program\u0131ndan Yararlanmak \u0130\u00e7in Ne Yap\u0131lmas\u0131 Gerekir?<\/span><\/h3>\n<p><img loading=\"lazy\" decoding=\"async\" class=\"aligncenter size-full wp-image-958\" src=\"https:\/\/seyahatpolicesi.com\/blog\/wp-content\/uploads\/2023\/03\/Erasmus-Programindan-Yararlanmak-Icin-Ne-Yapilmasi-Gerekir.jpg\" alt=\"Erasmus-Programindan-Yararlanmak-Icin-Ne-Yapilmasi-Gerekir\" width=\"1800\" height=\"800\" \/><\/p>\n<p><span style=\"font-weight: 400;\">Erasmus program\u0131ndan yararlanmak i\u00e7in a\u015fa\u011f\u0131daki ad\u0131mlar\u0131 takip edin:<\/span><\/p>\n<ul>\n<li style=\"font-weight: 400;\" aria-level=\"1\"><span style=\"font-weight: 400;\"><strong>\u00dcniversitenizin Erasmus koordinat\u00f6r\u00fc ile ileti\u015fim kurun:<\/strong> Erasmus program\u0131ndan yararlanmak i\u00e7in, \u00f6ncelikle \u00fcniversitenizin Erasmus koordinat\u00f6r\u00fc ile ileti\u015fime ge\u00e7in. Bu ki\u015fi size program hakk\u0131nda detayl\u0131 bilgi verecek ve ba\u015fvuru s\u00fcrecinde size rehberlik edecektir.<\/span><\/li>\n<li style=\"font-weight: 400;\" aria-level=\"1\"><span style=\"font-weight: 400;\"><strong>Ba\u015fvuru s\u00fcrecini takip edin:<\/strong> Ba\u015fvuru s\u00fcreci \u00fcniversiteler aras\u0131nda farkl\u0131l\u0131k g\u00f6sterir. Bu nedenle \u00fcniversitenizin belirledi\u011fi ba\u015fvuru tarihlerini takip etmeniz \u00f6nemlidir. Ba\u015fvuru s\u00fcreci genellikle \u00f6\u011frenci ba\u015fvuru formunun doldurulmas\u0131 ile ba\u015flar. Transkript ve dil s\u0131nav sonucu gibi belgelerin sunulmas\u0131n\u0131 i\u00e7erir.<\/span><\/li>\n<li><span style=\"font-weight: 400;\"><strong>Dil s\u0131nav\u0131na kat\u0131l\u0131n:<\/strong> Genellikle \u00fcniversitenizde Erasmus dil s\u0131nav\u0131 ger\u00e7ekle\u015fir. Siz de bu s\u0131nava kat\u0131l\u0131m g\u00f6stererek Erasmus program\u0131 i\u00e7in ilk ad\u0131m\u0131 atm\u0131\u015f olursunuz. Bunun yan\u0131 s\u0131ra TOEFL, IELTS gibi uluslararas\u0131 ge\u00e7erli dil yeterlilik belgeleri de sunabilirsiniz.\u00a0<\/span><\/li>\n<li style=\"font-weight: 400;\" aria-level=\"1\"><span style=\"font-weight: 400;\"><strong>Program se\u00e7imini yap\u0131n:<\/strong> Erasmus program\u0131 bir\u00e7ok \u00fclkede ve \u00fcniversitede mevcuttur. Bu nedenle, program hakk\u0131nda ara\u015ft\u0131rma yaparak size uygun olan \u00fcniversiteyi se\u00e7ebilirsiniz. Bu se\u00e7im s\u00fcrecinde, \u00fcniversitenizin Erasmus koordinat\u00f6r\u00fc size yard\u0131mc\u0131 olacakt\u0131r.<\/span><\/li>\n<li aria-level=\"1\"><strong>Erasmus seyahat sa\u011fl\u0131k sigortas\u0131 edinin:\u00a0<\/strong>Erasmus sa\u011fl\u0131k sigortas\u0131, <em>\u00f6\u011frenci seyahat sa\u011fl\u0131k sigortas\u0131<\/em> anlam\u0131na gelir. Bu sayede, gidece\u011finiz \u00fclkede herhangi bir sa\u011fl\u0131k sorunuyla kar\u015f\u0131la\u015ft\u0131\u011f\u0131n\u0131zda rahat edersiniz. \u00d6zetle; poli\u00e7e kapsam\u0131nda sigorta \u015firketiniz sa\u011fl\u0131k giderlerinizi \u00f6der.<\/li>\n<li style=\"font-weight: 400;\" aria-level=\"1\"><span style=\"font-weight: 400;\"><strong>Vize ve seyahat i\u015flemlerini tamamlay\u0131n:<\/strong> Erasmus program\u0131 kapsam\u0131nda gidece\u011finiz \u00fclkeye giri\u015f yapmak i\u00e7in vize i\u015flemlerini tamamlaman\u0131z gerekir. Ayr\u0131ca, seyahat plan\u0131n\u0131z\u0131 yaparken, konaklama ve ula\u015f\u0131m gibi konularda da \u00f6nceden plan yapman\u0131z faydal\u0131 olacakt\u0131r.<\/span><\/li>\n<\/ul>\n<p><span style=\"font-weight: 400;\">Sonu\u00e7 olarak, Erasmus program\u0131 size, farkl\u0131 bir \u00fclkede e\u011fitim alma ve farkl\u0131 bir k\u00fclt\u00fcr\u00fc ke\u015ffetme f\u0131rsat\u0131 sunar.<\/span><\/p>\n<p><span style=\"font-weight: 400;\">Bununla birlikte yeni arkada\u015flar edinme se\u00e7ene\u011fi sa\u011flar. Bu nedenle, program hakk\u0131nda detayl\u0131 bilgi edinerek ve ba\u015fvuru s\u00fcrecini takip edinin. O halde Erasmus nedir diyenlere bunlar\u0131 hat\u0131rlatal\u0131m ki, Erasmus program\u0131ndan tam anlam\u0131yla yararlanabilesiniz.<\/span><\/p>\n<h2><span style=\"font-weight: 400;\">Erasmus Seyahat Sigortas\u0131 Limit ve Kapsam\u0131<\/span><\/h2>\n<p><img loading=\"lazy\" decoding=\"async\" class=\"aligncenter size-full wp-image-959\" src=\"https:\/\/seyahatpolicesi.com\/blog\/wp-content\/uploads\/2023\/03\/Erasmus-Seyahat-Sigortasi-Limit-Ve-Kapsami.jpg\" alt=\"Erasmus-Seyahat-Sigortasi-Limit-Ve-Kapsami\" width=\"1800\" height=\"800\" \/><\/p>\n<p><span style=\"font-weight: 400;\"><strong>Erasmus Seyahat Sigortas\u0131,<\/strong> Avrupa Birli\u011fi&#8217;nin Erasmus+ program\u0131na kat\u0131lan \u00f6\u011frencilere sunulan bir sigorta poli\u00e7esidir. Bu sigorta, \u00f6\u011frencilerin yurt d\u0131\u015f\u0131nda ya\u015fayacaklar\u0131 sa\u011fl\u0131k sorunlar\u0131, kaza veya di\u011fer acil durumlar i\u00e7in finansal koruma sa\u011flar. Sigortan\u0131n kapsam\u0131, \u00f6\u011frencilerin acil t\u0131bbi bak\u0131m masraflar\u0131n\u0131 i\u00e7erir.<\/span><\/p>\n<p><span style=\"font-weight: 400;\">Erasmus Seyahat Sigortas\u0131, a\u015fa\u011f\u0131daki alanlarda bir kapsama sahip olabilir:<\/span><\/p>\n<ol>\n<li style=\"font-weight: 400;\" aria-level=\"1\"><span style=\"font-weight: 400;\"><strong>T\u0131bbi Giderler:<\/strong> \u00d6\u011frencilerin acil t\u0131bbi yard\u0131m ve tedavi masraflar\u0131 dahil olmak \u00fczere t\u0131bbi masraflar\u0131n\u0131 kapsar.<\/span><\/li>\n<li style=\"font-weight: 400;\" aria-level=\"1\"><span style=\"font-weight: 400;\"><strong>Sa\u011fl\u0131k Kurumlar\u0131 Aras\u0131 Nakiller:<\/strong> \u00d6\u011frencilerin seyahatleri s\u0131ras\u0131nda acil bir durumda hastane ve di\u011fer sa\u011fl\u0131k kurumlar\u0131 aras\u0131nda nakilini sa\u011flar.<\/span><\/li>\n<li style=\"font-weight: 400;\" aria-level=\"1\"><span style=\"font-weight: 400;\"><strong>Seyahat \u0130ptal ve \u0130adesi:<\/strong> \u00d6\u011frencilerin planlanan seyahatlerinin iptali veya ertelenmesi durumunda \u00f6nceden \u00f6denen bilet \u00fccretlerinin iadesini sa\u011flar.<\/span><\/li>\n<li style=\"font-weight: 400;\" aria-level=\"1\"><span style=\"font-weight: 400;\"><strong>Bagaj Kayb\u0131:<\/strong> \u00d6\u011frencilerin bagaj\u0131n\u0131n kaybolmas\u0131 veya hasar g\u00f6rmesi durumunda tazminat sa\u011flar.<\/span><\/li>\n<li style=\"font-weight: 400;\" aria-level=\"1\"><span style=\"font-weight: 400;\"><strong>Sorumluluk:<\/strong> \u00d6\u011frencilerin seyahatleri s\u0131ras\u0131nda \u00fc\u00e7\u00fcnc\u00fc taraflara zarar vermesi durumunda tazminat sa\u011flar.<\/span><\/li>\n<\/ol>\n<p><span style=\"font-weight: 400;\">Erasmus Seyahat Sigortas\u0131&#8217;n\u0131n kapsam\u0131 \u00fclkeye g\u00f6re de\u011fi\u015fir. Her sigorta \u015firketi farkl\u0131 kapsamlar sunar.<\/span><\/p>\n<p><span style=\"font-weight: 400;\">Bu nedenle, poli\u00e7eyi sat\u0131n almadan \u00f6nce kapsam\u0131n detaylar\u0131n\u0131 okuyun. Ayn\u0131 zamanda, sigorta \u015firketleri aras\u0131nda kar\u015f\u0131la\u015ft\u0131rma yap\u0131n. Kar\u015f\u0131la\u015ft\u0131rma yapmak kafa kar\u0131\u015ft\u0131r\u0131c\u0131 ve yorucu bir s\u00fcre\u00e7tir. <a href=\"https:\/\/seyahatpolicesi.com\/\">www.seyahatpolicesi.com<\/a> sahip oldu\u011fu konseptiyle pek \u00e7ok \u015firket taraf\u0131ndan sunulan sigorta poli\u00e7elerini tek sayfada sunar. Size kalan yaln\u0131zca istedi\u011finiz Erasmus sa\u011fl\u0131k sigortas\u0131n\u0131 se\u00e7mektir.<\/span><\/p>\n<p><span style=\"font-weight: 400;\">Erasmus nedir sorusuna bir \u00f6nemli cevap da yapt\u0131rman\u0131z gereken <strong>Erasmus seyahat sa\u011fl\u0131k sigortas\u0131\u00a0<\/strong>poli\u00e7esidir.<\/span><\/p>\n<h3><span style=\"font-weight: 400;\">Erasmus \u0130\u00e7in Seyahat Sa\u011fl\u0131k Sigortas\u0131 Gerekli Mi?<\/span><\/h3>\n<p><img loading=\"lazy\" decoding=\"async\" class=\"aligncenter size-full wp-image-960\" src=\"https:\/\/seyahatpolicesi.com\/blog\/wp-content\/uploads\/2023\/03\/Erasmus-Icin-Seyahat-Saglik-Sigortasi-Gerekli-Mi.jpg\" alt=\"Erasmus-Icin-Seyahat-Saglik-Sigortasi-Gerekli-Mi\" width=\"1800\" height=\"800\" \/><\/p>\n<p><span style=\"font-weight: 400;\"><strong>Evet, Erasmus+ program\u0131na<\/strong> kat\u0131lan \u00f6\u011frencilerin seyahat sa\u011fl\u0131k sigortas\u0131 yapt\u0131rmalar\u0131 gereklidir. Avrupa Birli\u011fi, Erasmus+ program\u0131 kapsam\u0131nda yurt d\u0131\u015f\u0131nda e\u011fitim g\u00f6ren \u00f6\u011frencilerin seyahat sa\u011fl\u0131k sigortas\u0131 yapt\u0131rmalar\u0131n\u0131 zorunlu k\u0131lmaktad\u0131r. <\/span><\/p>\n<p><span style=\"font-weight: 400;\">\u00d6\u011frenci seyahat sa\u011fl\u0131k sigortas\u0131, \u00f6\u011frencilerin seyahatleri s\u0131ras\u0131nda acil t\u0131bbi hizmetler alabilecekleri ve t\u0131bbi masraflar\u0131n\u0131n kar\u015f\u0131lanabilece\u011fi bir koruma sa\u011flar. Bununla birlikte, vize ba\u015fvurusu i\u00e7in Erasmus seyahat sigortas\u0131 edinmi\u015f olman\u0131z gereklidir.\u00a0<\/span><\/p>\n<p><span style=\"font-weight: 400;\"><strong>Erasmus Seyahat Sigortas\u0131,<\/strong> \u00f6\u011frencilerin seyahatleri boyunca kar\u015f\u0131la\u015fabilecekleri acil durumlar i\u00e7in gereklidir. \u00d6rne\u011fin, bir \u00f6\u011frenci seyahat s\u0131ras\u0131nda bir kaza ge\u00e7irirse veya aniden hastalan\u0131rsa, \u00f6\u011frenci seyahat sa\u011fl\u0131k sigortas\u0131, t\u0131bbi masraflar\u0131n\u0131 kar\u015f\u0131layarak \u00f6\u011frencinin finansal olarak korunmas\u0131n\u0131 sa\u011flar.<\/span><\/p>\n<p><span style=\"font-weight: 400;\">Erasmus program\u0131na kat\u0131lan \u00f6\u011frencilerin, \u00f6\u011frenci seyahat sa\u011fl\u0131k sigortas\u0131 yapt\u0131rmalar\u0131 bir zorunluluktur. Bu sigorta, \u00f6\u011frencilerin g\u00fcvenli\u011fi ve sa\u011fl\u0131\u011f\u0131 i\u00e7in \u00f6nemlidir.<\/span><\/p>\n<p>Bu do\u011frultuda, Erasmus nedir gibi d\u00fc\u015f\u00fcnceye kapsaml\u0131 bir yan\u0131t verebiliriz. Erasmus seyahat sigortas\u0131 ile gidece\u011finiz \u00fclkede huzurlu hissedersiniz. Ya hastalan\u0131rsam, ya hastaneye gitmek zorunda kal\u0131rsam gibi endi\u015feleriniz son bulur.<\/p>\n<p>Benzer do\u011frultuda Erasmus seyahat sigortas\u0131 ile sevdikleriniz de sizin g\u00fcvende oldu\u011funuzu bilirler. <span style=\"font-weight: 400;\">Bu nedenle, Erasmus+ program\u0131na kat\u0131lan \u00f6\u011frencilerin Erasmus seyahat sa\u011fl\u0131k sigortas\u0131 yapt\u0131rmalar\u0131 ve seyahatleri s\u0131ras\u0131nda sigorta poli\u00e7elerinin ge\u00e7erlilik s\u00fcresi boyunca g\u00fcncel kalmalar\u0131 \u00f6nemlidir.<\/span><\/p>\n<h3><span style=\"font-weight: 400;\">Erasmus Seyahat Sigortan\u0131z\u0131 Sat\u0131n Ald\u0131n\u0131z M\u0131?<\/span><\/h3>\n<p><img loading=\"lazy\" decoding=\"async\" class=\"aligncenter size-full wp-image-961\" src=\"https:\/\/seyahatpolicesi.com\/blog\/wp-content\/uploads\/2023\/03\/Erasmus-Seyahat-Sigortanizi-Satin-Aldiniz-Mi.png\" alt=\"Erasmus-Seyahat-Sigortanizi-Satin-Aldiniz-Mi\" width=\"1800\" height=\"800\" \/><\/p>\n<p><span style=\"font-weight: 400;\"><strong>Erasmus+ program\u0131na<\/strong> kat\u0131lman\u0131z durumunda seyahat sigortas\u0131 sat\u0131n alman\u0131z gerekir. Hen\u00fcz Erasmus sa\u011fl\u0131k sigortan\u0131z\u0131 almad\u0131ysan\u0131z <\/span><a href=\"http:\/\/www.seyahatpolicesi.com\"><span style=\"font-weight: 400;\">www.seyahatpolicesi.com<\/span><\/a><span style=\"font-weight: 400;\"> \u00fczerinden en uygun fiyata poli\u00e7enizi sat\u0131n alabilirsiniz.<\/span><\/p>\n<p><span style=\"font-weight: 400;\">Seyahatpolicesi.com, farkl\u0131 sigorta \u015firketlerinin tekliflerini sizlere sunar. Siz de ihtiyac\u0131n\u0131za ve b\u00fct\u00e7enize uygun \u00f6\u011frenci seyahat sigortas\u0131n\u0131 se\u00e7ersiniz. Saniyeler i\u00e7erisinde <strong>Erasmus sa\u011fl\u0131k sigortas\u0131 <\/strong>edinmek i\u00e7in <a href=\"https:\/\/seyahatpolicesi.com\/erasmus-sigortasi\">buraya<\/a> t\u0131klay\u0131n.\u00a0<\/span><\/p>\n<p>Hem de oturdu\u011funuz yerden \u00f6\u011frenci seyahat sigortas\u0131 edinebilece\u011finizi biliyor musunuz? Bu sayede ihtiya\u00e7 duydu\u011funuz t\u00fcm belgeleri elektronik ortamda saklars\u0131n\u0131z.<em><strong> Erasmus seyahat sa\u011fl\u0131k sigortas\u0131n\u0131<\/strong><\/em> g\u00fcvenle bilgisayar\u0131n\u0131za ve telefonunuza indirin.<\/p>\n<p><span style=\"font-weight: 400;\"><strong>Erasmus sa\u011fl\u0131k sigortas\u0131,<\/strong> seyahatiniz s\u0131ras\u0131nda olas\u0131 acil durumlar i\u00e7in finansal koruma sa\u011flar. Bu seyahat sa\u011fl\u0131k sigortas\u0131n\u0131n, sizin g\u00fcvenli\u011finiz ve sa\u011fl\u0131\u011f\u0131n\u0131z i\u00e7in \u00f6nemli oldu\u011funu unutmamak gerekir.<\/span><\/p>\n<p>Yukar\u0131da ge\u00e7en t\u00fcm bilgilere ek olarak Erasmus seyahat sigortas\u0131 hakk\u0131nda daha detayl\u0131 bilgi edinmek i\u00e7in <a href=\"https:\/\/seyahatpolicesi.com\/blog\/erasmus-seyahat-saglik-sigortasi-hakkinda-merak-edilenler\/\">Erasmus Seyahat Sa\u011fl\u0131k Sigortas\u0131 Hakk\u0131nda Merak Edilenler<\/a> ba\u015fl\u0131kl\u0131 di\u011fer blog yaz\u0131m\u0131z\u0131 da inceleyebilirsiniz.<\/p>\n<p>Bu i\u00e7eri\u011fi arkada\u015f ve s\u0131n\u0131f gruplar\u0131n\u0131zda payla\u015fmaktan \u00e7ekinmeyin. Erasmus programlar\u0131na ba\u015fvuru ve belge s\u00fcreci t\u00fcm \u00f6\u011frencilerin kafas\u0131n\u0131 kar\u0131\u015ft\u0131rmaktad\u0131r. Bu sayede bu projelere kat\u0131lmak isteyen herkese yard\u0131m edersiniz.<\/p>\n","protected":false},"excerpt":{"rendered":"Erasmus nedir ve nas\u0131l yap\u0131l\u0131r gibi farkl\u0131 sorular\u0131n\u0131z\u0131n detayl\u0131 a\u00e7\u0131klamas\u0131n\u0131 g\u00fcncel yaz\u0131m\u0131zda bulabilirsiniz. \u00d6zellikle, Erasmus programlar\u0131 \u00fcniversite \u00f6\u011frencileri&hellip;","protected":false},"author":1,"featured_media":0,"comment_status":"open","ping_status":"open","sticky":false,"template":"","format":"standard","meta":{"csco_singular_sidebar":"","csco_page_header_type":"","csco_page_load_nextpost":"","csco_post_video_location":[],"csco_post_video_location_hash":"","csco_post_video_url":"","csco_post_video_bg_start_time":0,"csco_post_video_bg_end_time":0,"csco_post_video_bg_volume":false,"footnotes":""},"categories":[1],"tags":[],"class_list":{"0":"post-943","1":"post","2":"type-post","3":"status-publish","4":"format-standard","6":"category-genel","7":"cs-entry","8":"cs-video-wrap"},"aioseo_notices":[],"_links":{"self":[{"href":"https:\/\/seyahatpolicesi.com\/blog\/wp-json\/wp\/v2\/posts\/943","targetHints":{"allow":["GET"]}}],"collection":[{"href":"https:\/\/seyahatpolicesi.com\/blog\/wp-json\/wp\/v2\/posts"}],"about":[{"href":"https:\/\/seyahatpolicesi.com\/blog\/wp-json\/wp\/v2\/types\/post"}],"author":[{"embeddable":true,"href":"https:\/\/seyahatpolicesi.com\/blog\/wp-json\/wp\/v2\/users\/1"}],"replies":[{"embeddable":true,"href":"https:\/\/seyahatpolicesi.com\/blog\/wp-json\/wp\/v2\/comments?post=943"}],"version-history":[{"count":9,"href":"https:\/\/seyahatpolicesi.com\/blog\/wp-json\/wp\/v2\/posts\/943\/revisions"}],"predecessor-version":[{"id":1513,"href":"https:\/\/seyahatpolicesi.com\/blog\/wp-json\/wp\/v2\/posts\/943\/revisions\/1513"}],"wp:attachment":[{"href":"https:\/\/seyahatpolicesi.com\/blog\/wp-json\/wp\/v2\/media?parent=943"}],"wp:term":[{"taxonomy":"category","embeddable":true,"href":"https:\/\/seyahatpolicesi.com\/blog\/wp-json\/wp\/v2\/categories?post=943"},{"taxonomy":"post_tag","embeddable":true,"href":"https:\/\/seyahatpolicesi.com\/blog\/wp-json\/wp\/v2\/tags?post=943"}],"curies":[{"name":"wp","href":"https:\/\/api.w.org\/{rel}","templated":true}]}}