{"id":907,"date":"2023-03-05T14:45:04","date_gmt":"2023-03-05T11:45:04","guid":{"rendered":"https:\/\/seyahatpolicesi.com\/blog\/?p=907"},"modified":"2024-12-02T17:48:05","modified_gmt":"2024-12-02T14:48:05","slug":"fas-vize-istiyor-mu","status":"publish","type":"post","link":"https:\/\/seyahatpolicesi.com\/blog\/fas-vize-istiyor-mu\/","title":{"rendered":"Fas Vize \u0130stiyor Mu?"},"content":{"rendered":"<p>Fas vize istiyor mu diye merak ediyorsan\u0131z, sorular\u0131n\u0131z\u0131n cevaplar\u0131n\u0131 ve Fas gezi rehberi i\u00e7eri\u011fini bu yaz\u0131da bulacaks\u0131n\u0131z. T\u00fcrkiye ve Fas aras\u0131nda vize muafiyet antla\u015fmas\u0131 bulunmaktad\u0131r. Fas vize istiyor mu sorusunu detayl\u0131 bir \u015fekilde sizler i\u00e7in yan\u0131tlad\u0131k.<\/p>\n<p>Fas vize muafiyetinin ne oldu\u011funu bilmiyorsan\u0131z bu i\u00e7eri\u011fi okumaya devam edin. Ayr\u0131ca, Fas vize istiyor mu sorusu pek \u00e7ok ki\u015fi taraf\u0131ndan sorulmaktad\u0131r. O halde gelin Fas vize sistemini birlikte anlayal\u0131m.<\/p>\n<p>Ek olarak, bu i\u00e7erikte sizler i\u00e7in Fas gezi rehberi olu\u015fturduk. Bu sayede Fas&#8217;ta nerede kal\u0131n\u0131r, Fas mutfa\u011f\u0131 nas\u0131ld\u0131r gibi sorular\u0131n\u0131za cevap alacaks\u0131n\u0131z.<\/p>\n<h2><span style=\"font-weight: 400;\">Fas Vize Muafiyeti<\/span><\/h2>\n<p><span style=\"font-weight: 400;\">Evet, T\u00fcrkiye vatanda\u015flar\u0131 Fas&#8217;a seyahat ederken vizeye ihtiya\u00e7 duymazlar. T\u00fcrkiye vatanda\u015flar\u0131, Fas&#8217;a turistik ama\u00e7l\u0131 seyahatlerinde giri\u015f i\u00e7in vize almak <strong>zorunda de\u011fillerdir. <\/strong><\/span><\/p>\n<p><span style=\"font-weight: 400;\">Fas turistik vizesi, \u00fclke topraklar\u0131nda 180 g\u00fcn i\u00e7inde 90 g\u00fcne kadar kalman\u0131za imkan sa\u011flar. Fas, <strong>vizesiz bir \u00fclkedir.<\/strong> T\u00fcrkiye vatanda\u015flar\u0131, Fas turistik vizesi d\u0131\u015f\u0131ndaki di\u011fer vizeler i\u00e7in resmi kurumlarla irtibate ge\u00e7melidir.<\/span><\/p>\n<p><span style=\"font-weight: 400;\">Di\u011fer vizeler i\u00e7in Fas B\u00fcy\u00fckel\u00e7ili\u011fi veya Konsoloslu\u011fu ile ileti\u015fime ge\u00e7erek vize ba\u015fvurusunda bulunun. Ayr\u0131ca, seyahatinizden \u00f6nce g\u00fcncel ve detayl\u0131 bilgi i\u00e7in yetkili makamlarla do\u011frudan ileti\u015fime ge\u00e7in.<\/span><\/p>\n<p><a href=\"https:\/\/seyahatpolicesi.com\/seyahat-saglik-sigortasi\"><img fetchpriority=\"high\" decoding=\"async\" class=\"alignnone wp-image-1465 size-full\" src=\"https:\/\/seyahatpolicesi.com\/blog\/wp-content\/uploads\/2024\/11\/seyahat-saglik-sigortasi.jpg\" alt=\"\" width=\"1300\" height=\"400\" srcset=\"https:\/\/seyahatpolicesi.com\/blog\/wp-content\/uploads\/2024\/11\/seyahat-saglik-sigortasi.jpg 1300w, https:\/\/seyahatpolicesi.com\/blog\/wp-content\/uploads\/2024\/11\/seyahat-saglik-sigortasi-300x92.jpg 300w, https:\/\/seyahatpolicesi.com\/blog\/wp-content\/uploads\/2024\/11\/seyahat-saglik-sigortasi-1024x315.jpg 1024w, https:\/\/seyahatpolicesi.com\/blog\/wp-content\/uploads\/2024\/11\/seyahat-saglik-sigortasi-768x236.jpg 768w\" sizes=\"(max-width: 1300px) 100vw, 1300px\" \/><\/a><\/p>\n<h3><span style=\"font-weight: 400;\">Fas\u2019a Giderken Gerekli Olan Belgeler<\/span><\/h3>\n<p><img decoding=\"async\" class=\"aligncenter size-full wp-image-913\" src=\"https:\/\/seyahatpolicesi.com\/blog\/wp-content\/uploads\/2023\/03\/Fasa-Giderken-Gerekli-Olan-Belgeler.jpg\" alt=\"Fasa-Giderken-Gerekli-Olan-Belgeler\" width=\"1800\" height=\"800\" \/><\/p>\n<p><span style=\"font-weight: 400;\">Evet, Fas vize istiyor mu sorusunu yukar\u0131da cevaplad\u0131k. Fas&#8217;a giderken vizeye ihtiya\u00e7 olmasa da Fas&#8217;a giderken gerekli olan belgeler vard\u0131r. Bu belgeler a\u015fa\u011f\u0131dakilerdir:<\/span><\/p>\n<ol>\n<li style=\"font-weight: 400;\" aria-level=\"1\"><span style=\"font-weight: 400;\"><strong>Pasaport:<\/strong> Fas&#8217;a seyahat ederken pasaport gereklidir. Pasaportunuzun, seyahatiniz bitene kadar ge\u00e7erli olmas\u0131 ve en az 6 ay ge\u00e7erlilik s\u00fcresi bulunmas\u0131 gerekmektedir.<\/span><\/li>\n<li style=\"font-weight: 400;\" aria-level=\"1\"><span style=\"font-weight: 400;\"><strong>U\u00e7ak bileti:<\/strong> Fas&#8217;a gitmek i\u00e7in u\u00e7ak bileti sat\u0131n alman\u0131z gerekmektedir.<\/span><\/li>\n<li style=\"font-weight: 400;\" aria-level=\"1\"><span style=\"font-weight: 400;\"><strong>Konaklama belgesi:<\/strong> Fas&#8217;a gitti\u011finizde havaalan\u0131nda pasaport kontrol noktas\u0131nda, kalaca\u011f\u0131n\u0131z yerin belgesini g\u00f6stermeniz gerekir. Oteller, konaklama belgesi sa\u011flarlar.<\/span><\/li>\n<li style=\"font-weight: 400;\" aria-level=\"1\"><span style=\"font-weight: 400;\"><strong>Seyahat sa\u011fl\u0131k sigortas\u0131:<\/strong> Seyahat sa\u011fl\u0131k sigortas\u0131, Fas&#8217;a gitti\u011finizde gereksiz masraflardan korunmak i\u00e7in gereklidir. Ayr\u0131ca, \u00fclkeye giri\u015fte sizden istenir.<\/span><\/li>\n<\/ol>\n<p><span style=\"font-weight: 400;\">Yukar\u0131daki belgeler, Fas&#8217;a seyahat ederken gereken temel evraklard\u0131r. Ancak seyahat amac\u0131na ve di\u011fer fakt\u00f6rlere ba\u011fl\u0131 olarak ek belgeler gerekir. Ayr\u0131ca, yukar\u0131daki belgeleri \u00e7\u0131kt\u0131 olarak al\u0131n veya elektronik ortamda saklay\u0131n.<\/span><\/p>\n<p><span style=\"font-weight: 400;\">Bu nedenle, seyahatten \u00f6nce Fas B\u00fcy\u00fckel\u00e7ili\u011fi veya Konsoloslu\u011fu ile do\u011frudan ileti\u015fime ge\u00e7in.<\/span><\/p>\n<h3><span style=\"font-weight: 400;\">Fas\u2019\u0131n Vize \u0130stedi\u011fi \u00dclkeler<\/span><\/h3>\n<p><img decoding=\"async\" class=\"aligncenter size-full wp-image-914\" src=\"https:\/\/seyahatpolicesi.com\/blog\/wp-content\/uploads\/2023\/03\/Fasin-Vize-Istedigi-Ulkeler.jpg\" alt=\"Fasin-Vize-Istedigi-Ulkeler\" width=\"1800\" height=\"800\" \/><\/p>\n<p><span style=\"font-weight: 400;\">Fas, vize istedi\u011fi \u00fclkeler konusunda \u00e7e\u015fitli d\u00fczenlemeler yapmaktad\u0131r. Genel olarak, Fas, bir\u00e7ok \u00fclke vatanda\u015f\u0131n\u0131n vize almaks\u0131z\u0131n seyahat etmelerine izin vermektedir. <\/span><\/p>\n<p><span style=\"font-weight: 400;\">Ancak, baz\u0131 \u00fclkelerin vatanda\u015flar\u0131 Fas&#8217;a seyahat ederken Fas vize istiyor mu sorusunu sorarlar. Sonu\u00e7 olarak, bu ki\u015filer vize almak zorundad\u0131rlar.<\/span><\/p>\n<p>Ayn\u0131 zamanda bu \u00fclke vatanda\u015flar\u0131 ba\u015fvuru esnas\u0131nda seyahat sa\u011fl\u0131k sigortas\u0131 ibraz ederler. T\u00fcrk vatanda\u015flar\u0131 Fas&#8217;a vizesiz gider. Yani <strong>vize almaya gerek yoktur<\/strong>. Fakat yurt d\u0131\u015f\u0131 seyahat sa\u011fl\u0131k sigortas\u0131 sat\u0131n almak \u015fartt\u0131r.<\/p>\n<p><span style=\"font-weight: 400;\">Fas&#8217;\u0131n vize istedi\u011fi \u00fclkeler aras\u0131nda a\u015fa\u011f\u0131dakiler yer almaktad\u0131r:<\/span><\/p>\n<ol>\n<li style=\"font-weight: 400;\" aria-level=\"1\"><span style=\"font-weight: 400;\">Rusya<\/span><\/li>\n<li style=\"font-weight: 400;\" aria-level=\"1\"><span style=\"font-weight: 400;\">\u00c7in<\/span><\/li>\n<li style=\"font-weight: 400;\" aria-level=\"1\"><span style=\"font-weight: 400;\">Hindistan<\/span><\/li>\n<li style=\"font-weight: 400;\" aria-level=\"1\"><span style=\"font-weight: 400;\">Pakistan<\/span><\/li>\n<li style=\"font-weight: 400;\" aria-level=\"1\"><span style=\"font-weight: 400;\">Banglade\u015f<\/span><\/li>\n<li style=\"font-weight: 400;\" aria-level=\"1\"><span style=\"font-weight: 400;\">Nijerya<\/span><\/li>\n<li style=\"font-weight: 400;\" aria-level=\"1\"><span style=\"font-weight: 400;\">Kongo Demokratik Cumhuriyeti<\/span><\/li>\n<li style=\"font-weight: 400;\" aria-level=\"1\"><span style=\"font-weight: 400;\">Gana<\/span><\/li>\n<li style=\"font-weight: 400;\" aria-level=\"1\"><span style=\"font-weight: 400;\">Senegal<\/span><\/li>\n<li style=\"font-weight: 400;\" aria-level=\"1\"><span style=\"font-weight: 400;\">Cezayir<\/span><\/li>\n<\/ol>\n<p><span style=\"font-weight: 400;\"><strong>Bu listedeki \u00fclkeler,<\/strong> Fas&#8217;a turistik veya i\u015f ama\u00e7l\u0131 seyahatlerinde vize almak zorundad\u0131rlar. Bununla birlikte, seyahat s\u00fcresi, amac\u0131 ve di\u011fer fakt\u00f6rlere g\u00f6re vize gereklilikleri de\u011fi\u015fir. Dolay\u0131s\u0131yla, seyahatten \u00f6nce Fas B\u00fcy\u00fckel\u00e7ili\u011fi veya Konsoloslu\u011fu ile ileti\u015fime ge\u00e7erek g\u00fcncel bilgi almak \u00f6nerilir.<\/span><\/p>\n<h3><span style=\"font-weight: 400;\">T\u00fcrkiye&#8217;den Fas&#8217;a Seyahat \u0130\u00e7in Vize Almak Gerekiyor mu?<\/span><\/h3>\n<p><span style=\"font-weight: 400;\">Hay\u0131r, T\u00fcrkiye vatanda\u015flar\u0131n\u0131n Fas&#8217;a seyahat etmek i\u00e7in <strong>vize almalar\u0131 gerekmez.<\/strong> T\u00fcrkiye vatanda\u015flar\u0131, Fas&#8217;a turistik ama\u00e7l\u0131 olmayan seyahatlerinde vize almak zorundad\u0131rlar. Ek olarak bu vize, seyahat amac\u0131na, s\u00fcresine ve di\u011fer belirli fakt\u00f6rlere g\u00f6re de\u011fi\u015fir.<\/span><\/p>\n<p>Yani Fas topraklar\u0131nda 6 ay i\u00e7inde 3 aya kadar vizesiz seyahat edersiniz. Vizesiz gezme \u00f6zg\u00fcrl\u00fc\u011f\u00fcn\u00fcn tad\u0131n\u0131 \u00e7\u0131kar\u0131n! Yani Fas vize istiyor mu sorusunun yan\u0131t\u0131; hay\u0131r, istemiyor. Ama dikkat edilmesi gereken bir di\u011fer nokta yurt d\u0131\u015f\u0131 seyahat sa\u011fl\u0131k sigortas\u0131d\u0131r.<\/p>\n<p>Havaalan\u0131nda giri\u015f esnas\u0131nda seyahat s\u00fcresini kapsayan bir seyahat sa\u011fl\u0131k sigortas\u0131 sorulur. Yurt d\u0131\u015f\u0131 sa\u011fl\u0131k sigortas\u0131 sat\u0131n al\u0131rken \u00fclkede kalmay\u0131 planlad\u0131\u011f\u0131n\u0131z tahmini s\u00fcreye g\u00f6re bir seyahat sigortas\u0131 sat\u0131n al\u0131n.<\/p>\n<p><span style=\"font-weight: 400;\"><strong>3 aydan daha uzun s\u00fcreli kal\u0131\u015flar i\u00e7in Fas vizesi alman\u0131z gerekir.<\/strong> Bu do\u011frultuda, Fas B\u00fcy\u00fckel\u00e7ili\u011fi veya Konsoloslu\u011fu ile ileti\u015fime ge\u00e7erek vize ba\u015fvurusunda bulunun. <\/span><\/p>\n<p><span style=\"font-weight: 400;\">Ba\u015fvuru s\u0131ras\u0131nda genellikle,<\/span><\/p>\n<ul>\n<li><span style=\"font-weight: 400;\">Ge\u00e7erli pasaport,<\/span><\/li>\n<li><span style=\"font-weight: 400;\">Biometrik foto\u011fraf, <\/span><\/li>\n<li><span style=\"font-weight: 400;\">Konaklama belgesi,<\/span><\/li>\n<li><span style=\"font-weight: 400;\">U\u00e7ak bileti rezervasyonu,<\/span><\/li>\n<li><span style=\"font-weight: 400;\">Yurtd\u0131\u015f\u0131 seyahat sa\u011fl\u0131k sigortas\u0131,<\/span><\/li>\n<li><span style=\"font-weight: 400;\">Kal\u0131\u015f amac\u0131na y\u00f6enlik belgeler,<\/span><\/li>\n<li><span style=\"font-weight: 400;\">E\u011fitim i\u00e7in kurum mektubu, <\/span><\/li>\n<li><span style=\"font-weight: 400;\">\u00c7al\u0131\u015fma i\u00e7in i\u015fveren daveti gibi belgeler gereklidir. <\/span><\/li>\n<\/ul>\n<p><span style=\"font-weight: 400;\">Ayr\u0131ca, seyahatten \u00f6nce g\u00fcncel ve detayl\u0131 bilgi i\u00e7in yetkili makamlarla do\u011frudan ileti\u015fime ge\u00e7meniz \u00f6nerilir.<\/span><\/p>\n<h3><span style=\"font-weight: 400;\">T\u00fcrkiye&#8217;den Fas&#8217;a Gidi\u015fte Vize Kalkt\u0131 M\u0131?<\/span><\/h3>\n<p><img loading=\"lazy\" decoding=\"async\" class=\"aligncenter size-full wp-image-915\" src=\"https:\/\/seyahatpolicesi.com\/blog\/wp-content\/uploads\/2023\/03\/Turkiyeden-Fasa-Gidiste-Vize-Kalkti-Mi.jpg\" alt=\"Turkiyeden-Fasa-Gidiste-Vize-Kalkti-Mi\" width=\"1800\" height=\"800\" \/><\/p>\n<p><span style=\"font-weight: 400;\"><strong>Evet,<\/strong> T\u00fcrkiye vatanda\u015flar\u0131 Fas&#8217;a seyahat etmek i\u00e7in <strong>vize almak zorunda de\u011fillerdir.<\/strong> Fas h\u00fck\u00fcmeti, T\u00fcrkiye vatanda\u015flar\u0131na y\u00f6nelik, \u00fclkeye giri\u015fte k\u0131sa bir giri\u015f formu doldurmas\u0131n\u0131 isteyebilir.<\/span><\/p>\n<p><span style=\"font-weight: 400;\">Bununla birlikte, Fas&#8217;\u0131n seyahat politikalar\u0131 zaman zaman de\u011fi\u015fir. Bu nedenle, Fas&#8217;a seyahat etmek isteyen T\u00fcrkiye vatanda\u015flar\u0131n\u0131n, seyahatten \u00f6nce Fas B\u00fcy\u00fckel\u00e7ili\u011fi veya Konsoloslu\u011fu ile ileti\u015fime ge\u00e7erek g\u00fcncel belge gereklilikleri hakk\u0131nda bilgi almas\u0131 \u00f6nerilir.<\/span><\/p>\n<p>Fas vize istiyor mu diye merak etmenize gerek yok. Yani, bu \u00fclkede 90 g\u00fcne kadar diledi\u011finiz gibi seyahat etmenin keyfine var\u0131n.<\/p>\n<p><span style=\"font-weight: 400;\">Ayr\u0131ca, seyahat \u00f6ncesi <strong>pasaportunuzun ge\u00e7erlilik s\u00fcresi,<\/strong> yurt d\u0131\u015f\u0131 seyahat sigortas\u0131 ve di\u011fer konularda da yetkili makamlardan bilgi alman\u0131z \u00f6nemlidir.<\/span><\/p>\n<h2><span style=\"font-weight: 400;\">T\u00fcrkiye&#8217;den Fas&#8217;a Nas\u0131l Gidilir?<\/span><\/h2>\n<p><img loading=\"lazy\" decoding=\"async\" class=\"aligncenter size-full wp-image-916\" src=\"https:\/\/seyahatpolicesi.com\/blog\/wp-content\/uploads\/2023\/03\/Turkiyeden-Fasa-Nasil-Gidilir.jpg\" alt=\"Turkiyeden-Fasa-Nasil-Gidilir\" width=\"1800\" height=\"800\" \/><\/p>\n<p><span style=\"font-weight: 400;\">T\u00fcrkiye&#8217;den Fas&#8217;a seyahat etmek i\u00e7in farkl\u0131 ula\u015f\u0131m se\u00e7enekleri mevcuttur. \u0130\u015fte T\u00fcrkiye&#8217;den Fas&#8217;a gitmek i\u00e7in baz\u0131 yayg\u0131n ula\u015f\u0131m y\u00f6ntemleri:<\/span><\/p>\n<ol>\n<li style=\"font-weight: 400;\" aria-level=\"1\"><span style=\"font-weight: 400;\"><strong>U\u00e7ak:<\/strong> T\u00fcrkiye&#8217;den Fas&#8217;a seyahat etmek i\u00e7in en yayg\u0131n ula\u015f\u0131m y\u00f6ntemi u\u00e7akt\u0131r. \u0130stanbul ve Ankara&#8217;dan direkt u\u00e7u\u015flar bulabilirler. Casablanca, Rabat, Marrakech, Agadir ve Fes gibi \u015fehirlere do\u011frudan u\u00e7u\u015flar mevcuttur. U\u00e7u\u015f s\u00fcresi yakla\u015f\u0131k 4-5 saat aras\u0131ndad\u0131r.<\/span><\/li>\n<li style=\"font-weight: 400;\" aria-level=\"1\"><span style=\"font-weight: 400;\"><strong>Karayolu:<\/strong> T\u00fcrkiye&#8217;den Fas&#8217;a ara\u00e7la seyahat etmek m\u00fcmk\u00fcn de\u011fildir. Ancak, Fas&#8217;a seyahat etmek i\u00e7in T\u00fcrkiye&#8217;den Avrupa \u00fclkelerine ara\u00e7la gitmek ve ard\u0131ndan oradan Fas&#8217;a u\u00e7mak bir se\u00e7enek olabilir.<\/span><\/li>\n<li style=\"font-weight: 400;\" aria-level=\"1\"><span style=\"font-weight: 400;\"><strong>Denizyolu:<\/strong> T\u00fcrkiye&#8217;den Fas&#8217;a feribot seferi yoktur. Ancak, Akdeniz&#8217;deki bir\u00e7ok limandan gemi seferleri ile \u0130spanya veya \u0130talya&#8217;ya gitmek ve oradan Fas&#8217;a u\u00e7mak m\u00fcmk\u00fcnd\u00fcr.<\/span><\/li>\n<\/ol>\n<p><span style=\"font-weight: 400;\">T\u00fcrkiye&#8217;den Fas&#8217;a seyahat etmek i\u00e7in <strong>en h\u0131zl\u0131 ve rahat y\u00f6ntem<\/strong> <em>u\u00e7akla seyahattir<\/em>. Fas vize istiyor mu konusu yukar\u0131da tart\u0131\u015f\u0131ld\u0131\u011f\u0131 \u00fczere Fas vize istemiyor. Havalan\u0131na indi\u011finizde seyahat sigortas\u0131 istenir.<\/span><\/p>\n<p><span style=\"font-weight: 400;\">Size kalan yaln\u0131zca <strong>u\u00e7ak biletinizi<\/strong> ve <strong>seyahat sa\u011fl\u0131k sigortas\u0131 sat\u0131n al\u0131p<\/strong> <em>tatile \u00e7\u0131kmakt\u0131r.<\/em><\/span><\/p>\n<p><span style=\"font-weight: 400;\">Ancak, seyahatten \u00f6nce seyahat belgelerinizin, pasaportunuzun ve vize gerekliliklerinin g\u00fcncel oldu\u011fundan emin olmak \u00f6nemlidir. Ayr\u0131ca, seyahat \u00f6ncesi hava yolu \u015firketi <strong>bagaj ve yolcu haklar\u0131<\/strong> hakk\u0131nda da bilgi sahibi olun.<\/span><\/p>\n<h3><span style=\"font-weight: 400;\">Fas Ba\u015fkenti ve Para birimi<\/span><\/h3>\n<p><span style=\"font-weight: 400;\">Fas&#8217;\u0131n ba\u015fkenti <strong>Rabat&#8217;t\u0131r.<\/strong> Fas&#8217;\u0131n para birimi <strong>Fas dirhemidir<\/strong> (MAD). Ayn\u0131 zamanda Fas, genel olarak yabanc\u0131lara a\u00e7\u0131k bir \u00fclkedir. Turizm end\u00fcstrisi \u00fclkenin ekonomisi i\u00e7in \u00f6nemlidir.<\/span><\/p>\n<p><span style=\"font-weight: 400;\"> Fas, turizmde \u00e7e\u015fitli alanlarda sundu\u011fu imkanlar ve zengin k\u00fclt\u00fcrel miras\u0131 ile yabanc\u0131 turistler aras\u0131nda pop\u00fcler bir destinasyondur. <\/span><\/p>\n<p><span style=\"font-weight: 400;\">Bununla birlikte, baz\u0131 insanlar\u0131n Fas&#8217;\u0131n yabanc\u0131lara bak\u0131\u015f a\u00e7\u0131s\u0131n\u0131n negatif olabilece\u011fi y\u00f6n\u00fcnde g\u00f6r\u00fc\u015fleri vard\u0131r. Ancak genel olarak, Fasl\u0131lar yabanc\u0131lara <strong>sayg\u0131 g\u00f6steren<\/strong> ve <strong>misafirperver bir halk<\/strong> olarak bilinirler.<\/span><\/p>\n<h3><span style=\"font-weight: 400;\">Fasta Hangi Dil Konu\u015fulur, Saat Ka\u00e7?<\/span><\/h3>\n<p><span style=\"font-weight: 400;\"><strong>Fas&#8217;ta resmi diller <\/strong>Arap\u00e7a ve Berberi dilleridir. Ayr\u0131ca, Frans\u0131zca ve \u0130spanyolca da yayg\u0131n olarak konu\u015fulmaktad\u0131r.<\/span><\/p>\n<p><span style=\"font-weight: 400;\">Fas, Greenwich Ortalama Saati (GMT) zaman diliminde yer almaktad\u0131r. Ancak, yaz saati uygulamas\u0131 nedeniyle, Mart ay\u0131ndan Ekim ay\u0131na kadar bir saat ileri al\u0131nmaktad\u0131r. Yani <strong>T\u00fcrkiye ile aras\u0131nda<\/strong> yaz\u0131n 2 saat ve k\u0131\u015f\u0131n 1 saat zaman fark\u0131 vard\u0131r.<\/span><\/p>\n<p><span style=\"font-weight: 400;\">Bu nedenle, yaz aylar\u0131nda Fas&#8217;ta yerel saat, GMT+1&#8217;dir. Fas vize istiyor mu diye akl\u0131n\u0131zda soru i\u015faretleri varsa, yaz\u0131m\u0131z\u0131n giri\u015f k\u0131sm\u0131n\u0131 okuyun.<\/span><\/p>\n<h3><span style=\"font-weight: 400;\">Fas&#8217;a Ne Zaman Gidilir?<\/span><\/h3>\n<p><img loading=\"lazy\" decoding=\"async\" class=\"aligncenter size-full wp-image-917\" src=\"https:\/\/seyahatpolicesi.com\/blog\/wp-content\/uploads\/2023\/03\/Fasa-Ne-Zaman-Gidilir.jpg\" alt=\"Fasa-Ne-Zaman-Gidilir\" width=\"1800\" height=\"800\" \/><\/p>\n<p><span style=\"font-weight: 400;\">Fas,<strong> her mevsim<\/strong> ziyaret edilebilecek bir \u00fclkedir, ancak ziyaret etmek i\u00e7in en uygun zaman ki\u015fisel tercihlere ve seyahat ama\u00e7lar\u0131na g\u00f6re de\u011fi\u015febilir.<\/span><\/p>\n<p><span style=\"font-weight: 400;\">Fas&#8217;ta yaz aylar\u0131 (Haziran-A\u011fustos) olduk\u00e7a s\u0131cak ve nemli olabilir, \u00f6zellikle Sahra \u00c7\u00f6l\u00fc b\u00f6lgesinde. Bu nedenle, s\u0131cak havay\u0131 tolere edemeyenler i\u00e7in en uygun zaman ilkbahar (Mart-May\u0131s) veya sonbahar (Eyl\u00fcl-Kas\u0131m) aylar\u0131d\u0131r. Bir de bu aylarda hava <strong>daha \u0131l\u0131man ve rahatt\u0131r.<\/strong><\/span><\/p>\n<p><span style=\"font-weight: 400;\">Ayr\u0131ca, Fas&#8217;ta Ramazan ay\u0131 da \u00f6nemli bir d\u00f6nemdir. Bir\u00e7ok turistik yerler, restoranlar ve kafeler \u00f6\u011f\u00fcn saatlerinde kapal\u0131 olur. Bu nedenle, Ramazan ay\u0131 boyunca Fas&#8217;a seyahat ederseniz bu durumu g\u00f6z \u00f6n\u00fcnde bulundurun.<\/span><\/p>\n<p><span style=\"font-weight: 400;\">Bunun yan\u0131 s\u0131ra, Fas \u0130slam d\u00fcnyas\u0131n\u0131n \u00f6nemli bir merkezi oldu\u011fu i\u00e7in Ramazan Bayram\u0131 Fas&#8217;ta olduk\u00e7a \u00f6nemlidir. <\/span><span style=\"font-weight: 400;\">Ramazan Bayram\u0131, Fas&#8217;ta olduk\u00e7a co\u015fkulu bir \u015fekilde kutlan\u0131r. Bu do\u011frultuda, bayram\u0131n birinci g\u00fcn\u00fc insanlar giyinip s\u00fcslenerek aile ve arkada\u015flar\u0131yla bir araya gelirler. <\/span><\/p>\n<p><span style=\"font-weight: 400;\">Fasl\u0131lar aras\u0131nda bayram ziyaretleri yapmak ve hediyeler vermek de yayg\u0131nd\u0131r. Ek olarak bayram boyunca,<strong> \u00f6zel yemekler haz\u0131rlan\u0131r<\/strong> ve <strong>tatl\u0131lar ikram edilir.<\/strong><\/span><\/p>\n<p><span style=\"font-weight: 400;\">Bununla birlikte, Fas&#8217;ta d\u00fczenlenen baz\u0131 festivaller, \u00f6zellikle <strong>Fes Festivali<\/strong>, <strong>Gnaoua D\u00fcnya M\u00fczik Festivali<\/strong> ve <strong>Marrakech Uluslararas\u0131 Film Festivali<\/strong>, ziyaret etmek i\u00e7in ideal zamanlard\u0131r. Bu sayede Fas&#8217;\u0131n k\u00fclt\u00fcrel miras\u0131n\u0131 ke\u015ffetmek i\u00e7in harika f\u0131rsatlara sahip olursunuz.<\/span><\/p>\n<p>Fas vize istiyor mu diye soranlar i\u00e7in, 180 g\u00fcn i\u00e7erisinde 90 g\u00fcne kadar vizesiz olarak gezebilirsiniz.<\/p>\n<h3><span style=\"font-weight: 400;\">Fas&#8217;ta Ne Yenir?<\/span><\/h3>\n<p><img loading=\"lazy\" decoding=\"async\" class=\"aligncenter size-full wp-image-918\" src=\"https:\/\/seyahatpolicesi.com\/blog\/wp-content\/uploads\/2023\/03\/Fasta-Ne-Yenir.jpg\" alt=\"Fasta-Ne-Yenir\" width=\"1800\" height=\"800\" \/><\/p>\n<p><span style=\"font-weight: 400;\">Fas mutfa\u011f\u0131, Arap, Berberi ve Akdeniz yemek k\u00fclt\u00fcrlerinin birle\u015fmesinden olu\u015fan <strong>zengin bir mutfakt\u0131r.<\/strong> Baharatlar, tatl\u0131-tuzlu dengesi, kuskus ve et yemekleri gibi \u00f6zellikleriyle tan\u0131n\u0131r.<\/span><\/p>\n<p><span style=\"font-weight: 400;\">Fas&#8217;ta mutlaka tad\u0131lmas\u0131 gereken yemekler aras\u0131nda \u015funlar yer al\u0131r:<\/span><\/p>\n<ul>\n<li style=\"font-weight: 400;\" aria-level=\"1\"><span style=\"font-weight: 400;\"><em><strong>Kuskus:<\/strong> <\/em>Bu, t\u00fcm d\u00fcnyada bilinen Fas yeme\u011fi. Bu\u011fday unu toplar\u0131, \u00e7e\u015fitli sebzeler, et ve baharatlarla haz\u0131rlan\u0131r.<\/span><\/li>\n<li style=\"font-weight: 400;\" aria-level=\"1\"><span style=\"font-weight: 400;\"><strong><em>Tajin:<\/em><\/strong> Et, sebze, bal\u0131k veya tavuk gibi malzemelerin, baharatlarla tatland\u0131r\u0131larak \u00f6zel bir seramik kapta pi\u015firilmesiyle haz\u0131rlanan bir yemektir.<\/span><\/li>\n<li style=\"font-weight: 400;\" aria-level=\"1\"><span style=\"font-weight: 400;\"><strong><em>Harira:<\/em><\/strong> K\u0131rm\u0131z\u0131 mercimek, nohut, sebze, baharatlar ve et suyu ile haz\u0131rlanan bir \u00e7orba.<\/span><\/li>\n<li style=\"font-weight: 400;\" aria-level=\"1\"><span style=\"font-weight: 400;\"><strong><em>Pastilla:<\/em> <\/strong>Tatl\u0131 ve tuzlu aromalar\u0131n birle\u015fti\u011fi tavuk, badem ve \u015fekerli \u00e7e\u015fnilerle kapl\u0131 bir turta.<\/span><\/li>\n<li style=\"font-weight: 400;\" aria-level=\"1\"><span style=\"font-weight: 400;\"><strong><em>Mechoui:<\/em> <\/strong>Kuzu eti, odun ate\u015finde pi\u015firilerek haz\u0131rlanan pop\u00fcler bir yemektir.<\/span><\/li>\n<li style=\"font-weight: 400;\" aria-level=\"1\"><span style=\"font-weight: 400;\"><strong><em>Couscous Tfaya:<\/em> <\/strong>Kuskus, kuru \u00fcz\u00fcm, so\u011fan ve k\u0131zarm\u0131\u015f badem gibi tatl\u0131 malzemelerle tatland\u0131r\u0131l\u0131r.<\/span><\/li>\n<li style=\"font-weight: 400;\" aria-level=\"1\"><span style=\"font-weight: 400;\"><strong><em>B&#8217;stilla:<\/em> <\/strong>Tavuk, badem, yumurta ve baharatlarla doldurulmu\u015f bir yufka pastas\u0131d\u0131r.<\/span><\/li>\n<\/ul>\n<p><span style=\"font-weight: 400;\">Ayr\u0131ca, Fas&#8217;ta \u00e7e\u015fitli taze meyve suyu ve \u00e7aylar\u0131 da olduk\u00e7a pop\u00fclerdir. Hem de Fas vize istemiyor, bu nedenle doyas\u0131ya gezip doyas\u0131ya Fas mutfa\u011f\u0131n\u0131 tadabilirsiniz.<\/span><\/p>\n<p>Seyahat sigortas\u0131 sayesinde sa\u011fl\u0131k harcamalar\u0131ndan korunursunuz. Pek \u00e7ok yabanc\u0131 turist, gitti\u011fi \u00fclkede mide veya kar\u0131n a\u011fr\u0131s\u0131yla hastaneye ba\u015fvurmaktad\u0131r. Siz de olas\u0131 y\u00fcksek \u00fccretlerden kendinizi korumak i\u00e7in <em>yurt d\u0131\u015f\u0131 sa\u011fl\u0131k sigortas\u0131<\/em> sat\u0131n al\u0131n.<\/p>\n<h2><span style=\"font-weight: 400;\">Fas&#8217;ta Nerede Kal\u0131n\u0131r?<\/span><\/h2>\n<p><span style=\"font-weight: 400;\"><strong>Fas&#8217;ta nerede kal\u0131n\u0131r diye soruyorsan\u0131z,<\/strong> hi\u00e7 merak etmeyin \u00e7\u00fcnk\u00fc konaklama se\u00e7enekleri olduk\u00e7a \u00e7e\u015fitlidir. Ayr\u0131ca, \u00fclke genelinde l\u00fcks otellerden pansiyonlara kadar her b\u00fct\u00e7eye uygun konaklama yerleri bulabilirsiniz. Fas&#8217;ta turistik yerler ve \u015fehir merkezleri genellikle konaklama a\u00e7\u0131s\u0131ndan daha pop\u00fclerdir.<\/span><\/p>\n<p><span style=\"font-weight: 400;\">Konaklama i\u00e7in en pop\u00fcler yerler \u015funlard\u0131r:<\/span><\/p>\n<ul>\n<li style=\"font-weight: 400;\" aria-level=\"1\"><span style=\"font-weight: 400;\"><strong>Fas&#8217;\u0131n ba\u015fkenti<\/strong> Rabat&#8217;ta, Medina ve kasbah&#8217;lar\u0131n yer ald\u0131\u011f\u0131 eski \u015fehir merkezinde yer alan konaklama yerleri.<\/span><\/li>\n<li style=\"font-weight: 400;\" aria-level=\"1\"><span style=\"font-weight: 400;\"><strong>Marake\u015f&#8217;teki<\/strong> \u00fcnl\u00fc Jemaa el-Fna meydan\u0131nda ve eski \u015fehir merkezinde konaklama yapabilece\u011finiz l\u00fcks oteller ve riadlar.<\/span><\/li>\n<li style=\"font-weight: 400;\" aria-level=\"1\"><span style=\"font-weight: 400;\"><strong>Fes&#8217;teki<\/strong> UNESCO D\u00fcnya Miras\u0131 alan\u0131 olan Fes el-Bali&#8217;deki geleneksel konaklama yerleri ve riadlar.<\/span><\/li>\n<li style=\"font-weight: 400;\" aria-level=\"1\"><span style=\"font-weight: 400;\"><strong>Essaouira&#8217;da,<\/strong> plaj ve liman\u0131n yak\u0131n\u0131nda yer alan oteller ve pansiyonlar.<\/span><\/li>\n<li style=\"font-weight: 400;\" aria-level=\"1\"><span style=\"font-weight: 400;\"><strong>Sahra \u00c7\u00f6l\u00fc&#8217;nde<\/strong>, \u00f6zellikle Merzouga ve Zagora&#8217;daki \u00e7\u00f6l kamp yerleri.<\/span><\/li>\n<\/ul>\n<p><span style=\"font-weight: 400;\">Fas&#8217;ta konaklama se\u00e7enekleri i\u00e7in en uygun fiyatlar genellikle \u00e7evredeki \u015fehirlerde veya kasabalarda bulunur. \u00d6zellikle, k\u0131rsal alanlarda konaklama yapmak, do\u011fal g\u00fczellikleri ke\u015ffetmek isteyenler i\u00e7in harika bir se\u00e7enektir. Tatilinizi planlarken<strong> Fas vize istiyor mu<\/strong> olarak d\u00fc\u015f\u00fcn\u00fcyorsan\u0131z hay\u0131r Fas&#8217;a vizesiz seyahat imkan\u0131 vard\u0131r.<\/span><\/p>\n<h3><span style=\"font-weight: 400;\">Fas Pahal\u0131 Bir \u00dclke mi?<\/span><\/h3>\n<p><img loading=\"lazy\" decoding=\"async\" class=\"aligncenter size-full wp-image-919\" src=\"https:\/\/seyahatpolicesi.com\/blog\/wp-content\/uploads\/2023\/03\/Fas-Pahali-Bir-Ulke-Mi.jpg\" alt=\"Fas-Pahali-Bir-Ulke-Mi\" width=\"1800\" height=\"800\" \/><\/p>\n<p><span style=\"font-weight: 400;\"><strong>Fas,<\/strong> d\u00fcnya genelindeki di\u011fer turistik destinasyonlara k\u0131yasla genellikle<strong> daha ekonomik<\/strong> bir se\u00e7enektir. Ancak, Fas&#8217;\u0131n pahal\u0131 veya ucuz oldu\u011funu belirlemek i\u00e7in \u00e7e\u015fitli fakt\u00f6rler dikkate al\u0131nmal\u0131d\u0131r.<\/span><\/p>\n<p><span style=\"font-weight: 400;\">Fas&#8217;ta turistik b\u00f6lgelerdeki l\u00fcks oteller ve restoranlar, di\u011fer yerlere g\u00f6re daha pahal\u0131 olur. Ancak, yerel restoranlarda ve pansiyonlarda uygun fiyatlarla yemek yersiniz. Ayr\u0131ca, uygun fiyatl\u0131 konaklama se\u00e7enekleri bulursunuz.<\/span><\/p>\n<p><span style=\"font-weight: 400;\">Fas&#8217;ta seyahat etmek i\u00e7in bir\u00e7ok <strong>b\u00fct\u00e7e dostu<\/strong> se\u00e7enek mevcuttur. Yani toplu ta\u015f\u0131ma, \u00f6zellikle trenler, Fas&#8217;ta ula\u015f\u0131m i\u00e7in <strong>ucuz ve rahat bir se\u00e7enektir.<\/strong> Ayr\u0131ca, turistik yerlere gitmek i\u00e7in d\u00fczenlenen turlar ve grup aktiviteleri de uygun fiyatl\u0131 olur.<\/span><\/p>\n<p><span style=\"font-weight: 400;\">Fas&#8217;ta<em> genel olarak pahal\u0131 bir \u00fclke de\u011fildir<\/em>. Fakat, seyahatiniz s\u0131ras\u0131nda b\u00fct\u00e7enize uygun planlama yapman\u0131z\u0131 \u00f6neririz. Bunun i\u00e7in, seyahat \u00f6ncesi b\u00fct\u00e7enizi belirleyin ve plan\u0131n\u0131z\u0131 buna g\u00f6re yap\u0131n. <\/span><\/p>\n<p><span style=\"font-weight: 400;\"><strong>Fas vize istiyor mu<\/strong> olarak akl\u0131n\u0131za tak\u0131l\u0131rsa, hemen hat\u0131rlatal\u0131m. Hay\u0131r vizesiz Fas&#8217;a seyahat edebilirsiniz. Hem de 90 g\u00fcne kadar \u00f6zg\u00fcrce kalabilirsiniz. Bu nedenle vize \u00fccreti olmad\u0131\u011f\u0131ndan, bu \u00fclkeye yapaca\u011f\u0131n\u0131z geziler <strong>daha ekonomik<\/strong> olur.<\/span><\/p>\n<h3><span style=\"font-weight: 400;\">Fas&#8217;\u0131n En \u00d6nemli 3 \u015eehri<\/span><\/h3>\n<p><img loading=\"lazy\" decoding=\"async\" class=\"aligncenter size-full wp-image-920\" src=\"https:\/\/seyahatpolicesi.com\/blog\/wp-content\/uploads\/2023\/03\/Fasin-En-Onemli-3-Sehri.jpg\" alt=\"Fas\u0131n-En-Onemli-3-Sehri\" width=\"1800\" height=\"800\" \/><\/p>\n<p><span style=\"font-weight: 400;\">Fas, tarihi, k\u00fclt\u00fcrel ve turistik a\u00e7\u0131dan zengin bir \u00fclke oldu\u011fu i\u00e7in bir\u00e7ok \u00f6nemli \u015fehre ev sahipli\u011fi yapmaktad\u0131r. Bununla birlikte, Fas&#8217;\u0131n en \u00f6nemli \u00fc\u00e7 \u015fehri \u015funlard\u0131r:<\/span><\/p>\n<ol>\n<li style=\"font-weight: 400;\" aria-level=\"1\"><span style=\"font-weight: 400;\"><strong>Marake\u015f:<\/strong> Fas&#8217;\u0131n g\u00fcneyinde yer alan Marake\u015f, \u00fclkenin turistik a\u00e7\u0131dan en pop\u00fcler \u015fehirlerinden biridir. Marake\u015f, tarihi dokusu, eski \u015fehir merkezi, Jemaa el-Fna meydan\u0131 ve \u00e7e\u015fitli turistik yerleri ile \u00fcnl\u00fcd\u00fcr.<\/span><\/li>\n<li style=\"font-weight: 400;\" aria-level=\"1\"><span style=\"font-weight: 400;\"><strong>Fes:<\/strong> Fas&#8217;\u0131n orta kesiminde yer alan Fes, \u00fclkenin en eski \u015fehirlerinden biridir. UNESCO taraf\u0131ndan d\u00fcnya miras\u0131 listesine al\u0131nan Fes, tarihi dokusu ve geleneksel mimarisi ile \u00fcnl\u00fcd\u00fcr.<\/span><\/li>\n<li style=\"font-weight: 400;\" aria-level=\"1\"><span style=\"font-weight: 400;\"><strong>Kazablanka:<\/strong> Fas&#8217;\u0131n bat\u0131s\u0131nda yer alan Kazablanka, \u00fclkenin ticari ve ekonomik merkezidir. Modern mimarisi ve turistik yerleri ile bilinen Kazablanka, Fas&#8217;\u0131n en b\u00fcy\u00fck \u015fehridir.<\/span><\/li>\n<\/ol>\n<p><span style=\"font-weight: 400;\">Bu \u00fc\u00e7 \u015fehir, Fas&#8217;ta gezilecek ve ke\u015ffedilecek yerler a\u00e7\u0131s\u0131ndan olduk\u00e7a zengindir. Ancak, Fas&#8217;ta ba\u015fka bir\u00e7ok \u00f6nemli \u015fehir de vard\u0131r ve her biri benzersiz bir deneyim sunar. <em>Kazablanka&#8217;ya giri\u015fte<\/em> <strong>Fas vize istiyor mu<\/strong> sorusuna yan\u0131t verelim. Hay\u0131r Fas H\u00fck\u00fcmeti, T.C. vatanda\u015flar\u0131n\u0131n yapaca\u011f\u0131 seyahatlerde vize istemez.<\/span><\/p>\n<h3><span style=\"font-weight: 400;\">Fas&#8217;ta Tatil Yapmak<\/span><\/h3>\n<p><img loading=\"lazy\" decoding=\"async\" class=\"aligncenter size-full wp-image-921\" src=\"https:\/\/seyahatpolicesi.com\/blog\/wp-content\/uploads\/2023\/03\/Fasta-Tatil-Yapmak.jpg\" alt=\"Fasta-Tatil-Yapmak\" width=\"1800\" height=\"800\" \/><\/p>\n<p><span style=\"font-weight: 400;\">Fas, tarihi, k\u00fclt\u00fcrel ve do\u011fal g\u00fczellikleri ile zengin bir tatil deneyimi sunan bir \u00fclkedir. Fas&#8217;ta tatil yapmak isteyenler i\u00e7in a\u015fa\u011f\u0131daki \u00f6neriler faydal\u0131 olabilir:<\/span><\/p>\n<ol>\n<li style=\"font-weight: 400;\" aria-level=\"1\"><span style=\"font-weight: 400;\"><strong>Turistik Yerleri Ke\u015ffetmek:<\/strong> Fas&#8217;ta tarihi ve turistik yerleri ke\u015ffetmek, \u00fclkenin k\u00fclt\u00fcrel ve mimari zenginli\u011fini deneyimlemek i\u00e7in harika bir yoludur. Marake\u015f, Fes, Rabat, Casablanca, Meknes ve Chefchaouen gibi \u015fehirler, tarihi yap\u0131lar\u0131, \u00e7ar\u015f\u0131lar\u0131, camileri ve m\u00fczeleri ile ziyaret\u00e7ileri cezbeder.<\/span><\/li>\n<li style=\"font-weight: 400;\" aria-level=\"1\"><span style=\"font-weight: 400;\"><strong>Sahil Tatilleri:<\/strong> Fas, sahil tatilleri i\u00e7in de ideal bir destinasyondur. Agadir, Essaouira ve Asilah gibi sahil \u015fehirleri, beyaz kumlu plajlar\u0131, su sporlar\u0131 imkanlar\u0131 ve yemekleri ile ziyaret\u00e7ileri cezbeder.<\/span><\/li>\n<li style=\"font-weight: 400;\" aria-level=\"1\"><span style=\"font-weight: 400;\"><strong>\u00c7\u00f6l Turlar\u0131:<\/strong> Fas&#8217;ta, \u00e7\u00f6l turlar\u0131 d\u00fczenlenmektedir. Sahra \u00c7\u00f6l\u00fc, Merzouga ve Zagora gibi b\u00f6lgeler, \u00e7\u00f6l gezileri i\u00e7in pop\u00fcler destinasyonlard\u0131r. Kamelyal\u0131 \u00e7ad\u0131rlarda konaklama, deve s\u0131rt\u0131nda geziler ve g\u00fcn bat\u0131m\u0131 manzaralar\u0131 gibi deneyimler sunarlar.<\/span><\/li>\n<li style=\"font-weight: 400;\" aria-level=\"1\"><span style=\"font-weight: 400;\"><strong>Geleneksel Hamamlar:<\/strong> Fas&#8217;ta geleneksel hamamlar, yerel bir deneyim ya\u015famak i\u00e7in harika bir se\u00e7enektir. Hamamlar, geleneksel bir y\u0131kama ve masaj rit\u00fceli sunarlar ve Fas k\u00fclt\u00fcr\u00fcn\u00fcn bir par\u00e7as\u0131d\u0131r.<\/span><\/li>\n<li style=\"font-weight: 400;\" aria-level=\"1\"><span style=\"font-weight: 400;\"><strong>Yemek Deneyimleri:<\/strong> Fas, zengin ve lezzetli yemekleri ile \u00fcnl\u00fcd\u00fcr. Fas mutfa\u011f\u0131, taze baharatlar, sebzeler ve etlerden olu\u015fan yemekleriyle ziyaret\u00e7ileri kendine hayran b\u0131rak\u0131r. Yerel restoranlarda Fas yemekleri denemek, tatilinize unutulmaz bir lezzet katabilir.<\/span><\/li>\n<\/ol>\n<p><span style=\"font-weight: 400;\">Fas&#8217;ta tatil yaparken, g\u00fcvenli\u011fi ve sa\u011fl\u0131\u011f\u0131 g\u00f6z \u00f6n\u00fcnde bulundurmak da \u00f6nemlidir. <strong>Fas vize istiyor mu<\/strong> ba\u015fl\u0131\u011f\u0131 alt\u0131nda s\u00f6yledi\u011fimiz gibi, hay\u0131r vizesiz seyahat edebilirsiniz. Bu sayede Fas, tam bir tatil destinasyonudur.<\/span><\/p>\n<p>Ayn\u0131 zamanda,<strong> yurt d\u0131\u015f\u0131 seyahat sigortas\u0131<\/strong> sat\u0131n al\u0131n. Bu \u00fclkeye giri\u015fte bir zorunluluk olmas\u0131n\u0131n yan\u0131 s\u0131ra, kendinizi g\u00fcvende hissetmenizin bir di\u011fer yoludur.<\/p>\n<p><span style=\"font-weight: 400;\">Yerel geleneklere sayg\u0131l\u0131 olmak, dikkatli olmak ve seyahat sigortas\u0131 yapt\u0131rmak tatilinizi daha keyifli hale getirecektir.<\/span><\/p>\n<h2><span style=\"font-weight: 400;\">Fas Hakk\u0131nda \u00d6nemli Bilgiler<\/span><\/h2>\n<p><img loading=\"lazy\" decoding=\"async\" class=\"aligncenter size-full wp-image-923\" src=\"https:\/\/seyahatpolicesi.com\/blog\/wp-content\/uploads\/2023\/03\/Fas-Hakkinda-Onemli-Bilgiler.jpg\" alt=\"Fas-Hakkinda-Onemli-Bilgiler\" width=\"1800\" height=\"800\" \/><\/p>\n<p><span style=\"font-weight: 400;\">Fas, Kuzey Afrika&#8217;da yer alan bir \u00fclkedir. \u0130slam&#8217;\u0131n etkisi alt\u0131nda kalm\u0131\u015f bir \u00fclke olan Fas, tarihi, k\u00fclt\u00fcrel ve do\u011fal g\u00fczellikleri ile turistlerin ilgisini \u00e7ekmektedir. \u0130\u015fte Fas hakk\u0131nda \u00f6nemli bilgiler:<\/span><\/p>\n<ul>\n<li style=\"font-weight: 400;\" aria-level=\"1\"><span style=\"font-weight: 400;\"><strong>Ba\u015fkenti:<\/strong> Rabat<\/span><\/li>\n<li style=\"font-weight: 400;\" aria-level=\"1\"><span style=\"font-weight: 400;\"><strong>Dil:<\/strong> Arap\u00e7a ve Berberi dilleri resmi dillerdir. Frans\u0131zca ise yayg\u0131n olarak konu\u015fulan ikinci dildir.<\/span><\/li>\n<li style=\"font-weight: 400;\" aria-level=\"1\"><span style=\"font-weight: 400;\"><strong>Para birimi:<\/strong> Fas dirhemi (MAD)<\/span><\/li>\n<li style=\"font-weight: 400;\" aria-level=\"1\"><span style=\"font-weight: 400;\"><strong>N\u00fcfus:<\/strong> 2022 itibariyle yakla\u015f\u0131k 38 milyon<\/span><\/li>\n<li style=\"font-weight: 400;\" aria-level=\"1\"><span style=\"font-weight: 400;\"><strong>Din:<\/strong> \u0130slam (resmi din)<\/span><\/li>\n<li style=\"font-weight: 400;\" aria-level=\"1\"><span style=\"font-weight: 400;\"><strong>\u0130klim:<\/strong> Fas, Akdeniz iklimi, Sahra \u00e7\u00f6l\u00fc iklimi ve Okyanus iklimi olmak \u00fczere \u00e7e\u015fitli iklimlerin etkisi alt\u0131ndad\u0131r. Y\u0131l\u0131n b\u00fcy\u00fck bir k\u0131sm\u0131nda s\u0131cak ve g\u00fcne\u015fli havalara sahiptir.<\/span><\/li>\n<li style=\"font-weight: 400;\" aria-level=\"1\"><span style=\"font-weight: 400;\"><strong>Turistik yerler:<\/strong> Fas&#8217;ta gezilecek bir\u00e7ok turistik yer vard\u0131r. Marake\u015f, Fes, Rabat, Kazablanka, \u015eaf\u015favan, Merzouga ve Agadir gibi \u015fehirler, tarihi dokular\u0131, \u00e7ar\u015f\u0131lar\u0131, camileri, kaleleri, plajlar\u0131, \u00e7\u00f6lleri ve da\u011flar\u0131 ile ziyaret\u00e7ileri cezbeder.<\/span><\/li>\n<li style=\"font-weight: 400;\" aria-level=\"1\"><span style=\"font-weight: 400;\"><strong>Yemekler:<\/strong> Fas mutfa\u011f\u0131, taze baharatlar, sebzeler ve etlerden olu\u015fan yemekleri ile \u00fcnl\u00fcd\u00fcr. Tajin, kebap, couscous, harira ve pastilla gibi yemekler Fas mutfa\u011f\u0131n\u0131n en bilinen lezzetlerindendir.<\/span><\/li>\n<li style=\"font-weight: 400;\" aria-level=\"1\"><span style=\"font-weight: 400;\"><strong>Gelenekler:<\/strong> Fas&#8217;ta, geleneksel k\u0131yafetler, el sanatlar\u0131, m\u00fczik, dans ve hamamlar gibi geleneksel \u00f6\u011feler hala canl\u0131l\u0131\u011f\u0131n\u0131 korumaktad\u0131r.<\/span><\/li>\n<li style=\"font-weight: 400;\" aria-level=\"1\"><span style=\"font-weight: 400;\"><strong>G\u00fcvenlik:<\/strong> Fas, genellikle g\u00fcvenli bir \u00fclkedir. Ancak, turistlerin dikkatli olmas\u0131 ve \u00e7al\u0131nmaya kar\u015f\u0131 \u00f6nlem almalar\u0131 \u00f6nerilir.<\/span><\/li>\n<li style=\"font-weight: 400;\" aria-level=\"1\"><span style=\"font-weight: 400;\"><strong>Sa\u011fl\u0131k:<\/strong> Fas&#8217;ta sa\u011fl\u0131k hizmetleri genellikle iyi d\u00fczeydedir. Ancak, seyahatten \u00f6nce yurt d\u0131\u015f\u0131 seyahat sa\u011fl\u0131k sigortas\u0131 yapt\u0131rmak \u00f6nerilir.<\/span><\/li>\n<\/ul>\n<p><span style=\"font-weight: 400;\">Fas, zengin k\u00fclt\u00fcr\u00fc, tarihi dokusu ve do\u011fal g\u00fczellikleri ile<strong> Afrika&#8217;n\u0131n<\/strong> <em>en ilgi \u00e7ekici \u00fclkelerinden biridir. <\/em>Hem de Fas vize istiyor mu herkesin akl\u0131nda beliren bir sorudur. \u0130ki \u00fclke aras\u0131ndaki anla\u015fmalar sonucunda, Fas vizesiz gidilen bir \u00fclkedir.<\/span><\/p>\n<p>\u00dclkeye giri\u015fte vize istenmese de yurt d\u0131\u015f\u0131 seyayahat sigortas\u0131 sat\u0131n alman\u0131z \u00f6nerilir. Bu sayede acil t\u0131bbi hizmetleri, ani sa\u011fl\u0131k problemleri ve di\u011fer sa\u011fl\u0131k harcamalar\u0131ndan korunursunuz. \u00d6zellikle yurt d\u0131\u015f\u0131nda hastane masraflar\u0131 i\u00e7in yabanc\u0131 ki\u015filere y\u00fcksek tutarda faturalar kesilebilmektedir.<\/p>\n<h3><span style=\"font-weight: 400;\">Fas&#8217;ta Gezilecek Yerler Tam Listesi<\/span><\/h3>\n<p><img loading=\"lazy\" decoding=\"async\" class=\"aligncenter size-full wp-image-924\" src=\"https:\/\/seyahatpolicesi.com\/blog\/wp-content\/uploads\/2023\/03\/Fasta-Gezilecek-Yerler-Tam-Listesi.jpg\" alt=\"Fasta-Gezilecek-Yerler-Tam-Listesi\" width=\"1800\" height=\"800\" \/><\/p>\n<p><span style=\"font-weight: 400;\">Fas, tarihi ve k\u00fclt\u00fcrel zenginlikleri, muhte\u015fem mimarisi, nefis yemekleri ve renkli atmosferi ile gezginler i\u00e7in pop\u00fcler bir turistik destinasyondur. \u0130\u015fte Fas&#8217;ta gezilebilecek yerlerden baz\u0131lar\u0131:<\/span><\/p>\n<ol>\n<li style=\"font-weight: 400;\" aria-level=\"1\"><span style=\"font-weight: 400;\"><strong><em>Marake\u015f:<\/em> <\/strong>Fas&#8217;\u0131n en pop\u00fcler turistik \u015fehirlerinden biridir. Marake\u015f, eski \u015fehir duvarlar\u0131, b\u00fcy\u00fcleyici \u00e7ar\u015f\u0131lar\u0131, tarihi camileri, bah\u00e7eleri ve meydanlar\u0131 ile \u00fcnl\u00fcd\u00fcr.<\/span><\/li>\n<li style=\"font-weight: 400;\" aria-level=\"1\"><span style=\"font-weight: 400;\"><strong><em>Fes:<\/em> <\/strong>Fas&#8217;\u0131n en eski \u015fehirlerinden biridir. Fes, tarihi medina (eski \u015fehir), medrese (\u0130slam okulu), camiler ve \u00fcniversitesiyle tan\u0131n\u0131r.<\/span><\/li>\n<li style=\"font-weight: 400;\" aria-level=\"1\"><span style=\"font-weight: 400;\"><em><strong>Kazablanka:<\/strong><\/em> Fas&#8217;\u0131n en b\u00fcy\u00fck \u015fehridir. Kazablanka, modern mimarisi, b\u00fcy\u00fck camileri ve tarihi mekanlar\u0131 ile \u00fcnl\u00fcd\u00fcr.<\/span><\/li>\n<li style=\"font-weight: 400;\" aria-level=\"1\"><span style=\"font-weight: 400;\"><strong><em>\u015eaf\u015favan<\/em><\/strong>: Fas&#8217;\u0131n kuzeyinde, mavi boyal\u0131 evleri ile \u00fcnl\u00fc bir da\u011f kasabas\u0131d\u0131r.<\/span><\/li>\n<li style=\"font-weight: 400;\" aria-level=\"1\"><span style=\"font-weight: 400;\"><strong><em>Merzouga:<\/em><\/strong> Sahra \u00c7\u00f6l\u00fc&#8217;n\u00fcn g\u00fcneydo\u011fu b\u00f6lgesinde bulunan k\u00fc\u00e7\u00fck bir kasabad\u0131r. Burada \u00e7\u00f6lde yap\u0131lan kum tepelerine t\u0131rmanma, deve turlar\u0131 ve kamp yapma gibi aktiviteler yap\u0131labilir.<\/span><\/li>\n<li style=\"font-weight: 400;\" aria-level=\"1\"><span style=\"font-weight: 400;\"><strong><em>Atlas Da\u011flar\u0131:<\/em> <\/strong>Fas&#8217;\u0131n ortas\u0131nda yer alan bu da\u011flar, do\u011fal g\u00fczellikleri, trekking rotalar\u0131 ve etnik k\u00f6yleri ile \u00fcnl\u00fcd\u00fcr.<\/span><\/li>\n<li style=\"font-weight: 400;\" aria-level=\"1\"><span style=\"font-weight: 400;\"><strong><em>Rabat:<\/em> <\/strong>Fas&#8217;\u0131n ba\u015fkenti olan Rabat, tarihi kaleleri, m\u00fczeleri ve bah\u00e7eleri ile turistlerin ilgisini \u00e7ekmektedir.<\/span><\/li>\n<li style=\"font-weight: 400;\" aria-level=\"1\"><span style=\"font-weight: 400;\"><strong><em>Suvayr veya Essaouira:<\/em> <\/strong>Fas&#8217;\u0131n bat\u0131 k\u0131y\u0131s\u0131ndaki bir kasabad\u0131r. Bu sahil kasabas\u0131, yel de\u011firmenleri, eski liman\u0131 ve plajlar\u0131yla \u00fcnl\u00fcd\u00fcr.<\/span><\/li>\n<li style=\"font-weight: 400;\" aria-level=\"1\"><span style=\"font-weight: 400;\"><strong><em>Meknes:<\/em><\/strong> Fas&#8217;\u0131n tarihi \u015fehirlerinden biridir. Meknes, eski kent duvarlar\u0131, tarihi medina ve saraylar\u0131 ile \u00fcnl\u00fcd\u00fcr.<\/span><\/li>\n<li style=\"font-weight: 400;\" aria-level=\"1\"><span style=\"font-weight: 400;\"><strong><em>Varzazat veya Ouarzazate<\/em>:<\/strong> G\u00fcneydo\u011fu Fas&#8217;ta bulunan bir kasabad\u0131r. Bu kasaba, tarihi kalesi, film st\u00fcdyolar\u0131 ve \u00e7\u00f6l kasabalar\u0131na olan yak\u0131nl\u0131\u011f\u0131yla \u00fcnl\u00fcd\u00fcr.<\/span><\/li>\n<\/ol>\n<p><span style=\"font-weight: 400;\">Fas&#8217;ta, bu yerlerin yan\u0131 s\u0131ra di\u011fer bir\u00e7ok tarihi ve turistik yer de bulunmaktad\u0131r. Sonu\u00e7 olarak <strong>Fas&#8217;\u0131n zengin k\u00fclt\u00fcr\u00fcn\u00fc,<\/strong> tarihi yerlerini ve muhte\u015fem manzaralar\u0131n\u0131 ke\u015ffetmek i\u00e7in en az birka\u00e7 g\u00fcn ay\u0131rmak gerekmektedir.<\/span><\/p>\n<p>Fas&#8217;ta gezerken keyfinizi hi\u00e7bir \u015feyin ka\u00e7\u0131rmas\u0131na izin vermeyin. Yurt d\u0131\u015f\u0131 seyahat sa\u011fl\u0131k sigortas\u0131 sat\u0131n al\u0131n ve olas\u0131 sa\u011fl\u0131k problemlerine kar\u015f\u0131 korunun.<\/p>\n<h3><span style=\"font-weight: 400;\">Marake\u015f Nereleri Gezmeli<\/span><\/h3>\n<p><img loading=\"lazy\" decoding=\"async\" class=\"aligncenter size-full wp-image-925\" src=\"https:\/\/seyahatpolicesi.com\/blog\/wp-content\/uploads\/2023\/03\/Marakes-Nereleri-Gezmeli.jpg\" alt=\"Marakes-Nereleri-Gezmeli\" width=\"1800\" height=\"800\" \/><\/p>\n<p><span style=\"font-weight: 400;\">Marake\u015f, Fas&#8217;\u0131n en pop\u00fcler turistik \u015fehirlerinden biridir. \u015eehir, tarihi duvarlar\u0131, b\u00fcy\u00fcleyici \u00e7ar\u015f\u0131lar\u0131, tarihi camileri, bah\u00e7eleri ve meydanlar\u0131 ile turistlerin ilgisini \u00e7ekmektedir. Marrakech&#8217;in gezilecek yerlerinden baz\u0131lar\u0131 \u015funlard\u0131r:<\/span><\/p>\n<ol>\n<li style=\"font-weight: 400;\" aria-level=\"1\"><span style=\"font-weight: 400;\"><strong><em>Jamaa el-Fna Meydan\u0131:<\/em> <\/strong>Marrakech&#8217;in kalbi olarak kabul edilen bu meydan, g\u00fcn\u00fcn her saatinde hareketlidir. Burada sokak sanat\u00e7\u0131lar\u0131, yemek sat\u0131c\u0131lar\u0131, t\u00fcccarlar ve yerel halk bulunur.<\/span><\/li>\n<li style=\"font-weight: 400;\" aria-level=\"1\"><span style=\"font-weight: 400;\"><strong><em>Koutoubia Camii:<\/em> <\/strong>Jamaa el-Fna Meydan\u0131&#8217;n\u0131n yan\u0131nda yer alan bu cami, Fas&#8217;\u0131n en \u00f6nemli \u0130slami yap\u0131lar\u0131ndan biridir.<\/span><\/li>\n<li style=\"font-weight: 400;\" aria-level=\"1\"><span style=\"font-weight: 400;\"><strong><em>Bahia Saray\u0131:<\/em> <\/strong>19. y\u00fczy\u0131lda in\u015fa edilmi\u015f olan bu saray, zengin Fas mimarisinin en g\u00fczel \u00f6rneklerinden biridir.<\/span><\/li>\n<li style=\"font-weight: 400;\" aria-level=\"1\"><span style=\"font-weight: 400;\"><strong><em>Saadien Mezarl\u0131\u011f\u0131:<\/em> <\/strong>16. y\u00fczy\u0131lda in\u015fa edilmi\u015f bu mezarl\u0131k, Saadien Hanedan\u0131 \u00fcyelerinin mezarlar\u0131n\u0131 bar\u0131nd\u0131rmaktad\u0131r.<\/span><\/li>\n<li style=\"font-weight: 400;\" aria-level=\"1\"><span style=\"font-weight: 400;\"><strong><em>Medersa Ben Youssef:<\/em> <\/strong>Fas&#8217;\u0131n en b\u00fcy\u00fck \u0130slami okullar\u0131ndan biri olan Medersa Ben Youssef, 16. y\u00fczy\u0131lda in\u015fa edilmi\u015ftir.<\/span><\/li>\n<li style=\"font-weight: 400;\" aria-level=\"1\"><span style=\"font-weight: 400;\"><strong><em>Majorelle Bah\u00e7esi:<\/em> <\/strong>Yves Saint Laurent&#8217;in de sahibi oldu\u011fu bu bah\u00e7e, \u00f6zellikle mavi renkteki binalar\u0131 ve egzotik bitki \u00f6rt\u00fcs\u00fc ile \u00fcnl\u00fcd\u00fcr.<\/span><\/li>\n<li style=\"font-weight: 400;\" aria-level=\"1\"><span style=\"font-weight: 400;\"><em><strong>El Badi Saray\u0131:<\/strong> <\/em>16. y\u00fczy\u0131lda in\u015fa edilmi\u015f olan bu saray, \u015fimdi kal\u0131nt\u0131lar\u0131yla turistlerin ilgisini \u00e7ekmektedir.<\/span><\/li>\n<li style=\"font-weight: 400;\" aria-level=\"1\"><span style=\"font-weight: 400;\"><strong><em>Marake\u015f M\u00fczesi:<\/em> <\/strong>19. y\u00fczy\u0131lda in\u015fa edilmi\u015f olan bu bina, Fas sanat\u0131 ve k\u00fclt\u00fcr\u00fc hakk\u0131nda bir\u00e7ok eseri bar\u0131nd\u0131rmaktad\u0131r.<\/span><\/li>\n<li style=\"font-weight: 400;\" aria-level=\"1\"><span style=\"font-weight: 400;\"><strong><em>Agdal Bah\u00e7esi:<\/em><\/strong> Yeni Marrakech kentine yak\u0131n olan bu bah\u00e7e, binlerce a\u011fac\u0131 ve zeytinlikleriyle \u00fcnl\u00fcd\u00fcr.<\/span><\/li>\n<\/ol>\n<p><span style=\"font-weight: 400;\">Marake\u015f ayr\u0131ca, geleneksel yemekleri, el sanatlar\u0131, baharatlar\u0131 ve kuma\u015flar\u0131 ile de \u00fcnl\u00fcd\u00fcr. Marake\u015f&#8217;te birka\u00e7 g\u00fcn ge\u00e7irmek, Fas&#8217;\u0131n zengin k\u00fclt\u00fcr\u00fcn\u00fc ve tarihi miras\u0131n\u0131 ke\u015ffetmek i\u00e7in harika bir f\u0131rsatt\u0131r. Yurt d\u0131\u015f\u0131 seyahat sigortas\u0131 ile tatilinizi g\u00fcvence alt\u0131na al\u0131n. Fas&#8217;\u0131n e\u015fsiz tarihini \u00f6z\u00fcmserken kendinizi huzurlu hissedin.<\/span><\/p>\n<p>Ayr\u0131ca, T\u00fcrkiye&#8217;den Fas&#8217;a seyahat ederken Fas vize istiyor mu gibi sorular akl\u0131n\u0131zda belirmi\u015f olabilir. Mutlu haber \u015fu ki <strong>Fas&#8217;a vizesiz seyahat edersiniz.\u00a0<\/strong><\/p>\n<h3><span style=\"font-weight: 400;\">Fes \u015eehri Gezilecek Yerler<\/span><\/h3>\n<p><img loading=\"lazy\" decoding=\"async\" class=\"aligncenter size-full wp-image-926\" src=\"https:\/\/seyahatpolicesi.com\/blog\/wp-content\/uploads\/2023\/03\/Fes-Sehri-Gezilecek-Yerler.jpg\" alt=\"Fes-Sehri-Gezilecek-Yerler\" width=\"1800\" height=\"800\" \/><\/p>\n<p><span style=\"font-weight: 400;\"><strong>Fes<\/strong>, <em>Fas&#8217;\u0131n en eski ve en iyi korunmu\u015f \u015fehirlerinden biridir.<\/em> \u015eehir, tarihi mimarisi, geleneksel \u00e7ar\u015f\u0131lar\u0131 ve \u0130slam k\u00fclt\u00fcr\u00fcyle \u00fcnl\u00fcd\u00fcr. Fes&#8217;te gezilecek yerlerden baz\u0131lar\u0131 \u015funlard\u0131r:<\/span><\/p>\n<ol>\n<li style=\"font-weight: 400;\" aria-level=\"1\"><span style=\"font-weight: 400;\"><strong><em>Fes el-Bali:<\/em> <\/strong>Fes&#8217;in eski \u015fehri olarak bilinen bu b\u00f6lge, UNESCO D\u00fcnya Miras\u0131 Listesi&#8217;nde yer almaktad\u0131r. Dar sokaklar\u0131, tarihi yap\u0131lar\u0131 ve geleneksel \u00e7ar\u015f\u0131lar\u0131 ile \u00fcnl\u00fcd\u00fcr.<\/span><\/li>\n<li style=\"font-weight: 400;\" aria-level=\"1\"><span style=\"font-weight: 400;\"><strong><em>Bou Inania Medresesi:<\/em><\/strong> 14. y\u00fczy\u0131lda in\u015fa edilen bu \u0130slami okul, Fes&#8217;in en g\u00fczel mimari yap\u0131lar\u0131ndan biridir.<\/span><\/li>\n<li style=\"font-weight: 400;\" aria-level=\"1\"><span style=\"font-weight: 400;\"><strong><em>Fes Kraliyet Saray\u0131:<\/em><\/strong> Fes&#8217;teki kraliyet saray\u0131, b\u00fcy\u00fcleyici bir mimariye sahiptir. Ancak, saray sadece \u00f6zel g\u00fcnlerde ziyaret edilebilir.<\/span><\/li>\n<li style=\"font-weight: 400;\" aria-level=\"1\"><span style=\"font-weight: 400;\"><strong><em>Karaouine Camii:<\/em><\/strong> 859 y\u0131l\u0131nda in\u015fa edilen bu camii, \u0130slam d\u00fcnyas\u0131n\u0131n en eski camilerinden biridir.<\/span><\/li>\n<li style=\"font-weight: 400;\" aria-level=\"1\"><span style=\"font-weight: 400;\"><em><strong>Borj Nord M\u00fczesi:<\/strong> <\/em>Fes&#8217;te bulunan bu m\u00fcze, Fas&#8217;\u0131n askeri tarihi hakk\u0131nda bir\u00e7ok eseri bar\u0131nd\u0131rmaktad\u0131r.<\/span><\/li>\n<li style=\"font-weight: 400;\" aria-level=\"1\"><span style=\"font-weight: 400;\"><strong><em>Nejjarine M\u00fczesi:<\/em><\/strong> 18. y\u00fczy\u0131lda in\u015fa edilen Nejjarine Hamam\u0131, \u015fimdi bir m\u00fcze olarak kullan\u0131lmaktad\u0131r. Burada geleneksel Fas sanat\u0131 ve el sanatlar\u0131 sergilenmektedir.<\/span><\/li>\n<li style=\"font-weight: 400;\" aria-level=\"1\"><span style=\"font-weight: 400;\"><strong><em>Mellah B\u00f6lgesi:<\/em> <\/strong>Yahudilerin ya\u015fad\u0131\u011f\u0131 tarihi Mellah b\u00f6lgesi, Fas&#8217;\u0131n Yahudi miras\u0131n\u0131 ke\u015ffetmek i\u00e7in harika bir yerdir.<\/span><\/li>\n<li style=\"font-weight: 400;\" aria-level=\"1\"><span style=\"font-weight: 400;\"><em><strong>Bab Boujloud Kap\u0131s\u0131:<\/strong><\/em> Fes&#8217;in en \u00fcnl\u00fc kap\u0131lar\u0131ndan biri olan Bab Boujloud, tarihi zanaatkarl\u0131kla bezenmi\u015ftir.<\/span><\/li>\n<\/ol>\n<p><span style=\"font-weight: 400;\">Fes ayr\u0131ca, geleneksel yemekleri, \u00f6zellikle de tagine ad\u0131 verilen yeme\u011fi ve tarihi hamamlar\u0131 ile de \u00fcnl\u00fcd\u00fcr. Bir de Fes&#8217;teki gezi, Fas k\u00fclt\u00fcr\u00fcn\u00fc ve tarihini ke\u015ffetmek i\u00e7in harika bir f\u0131rsatt\u0131r. Fes \u015fehrine giri\u015fte, Fas vize istiyor mu diye sorarsan\u0131z, Fas \u00fclkesini tamamen vizesiz gezersiniz.\u00a0<\/span><\/p>\n<p>\u00dclkeye vizesiz giri\u015f yapars\u0131n\u0131z ve \u00fclke i\u00e7inde diledi\u011finiz gibi gezersiniz. Yurt d\u0131\u015f\u0131 seyahat sigortas\u0131 yapt\u0131rman\u0131z \u00f6nemli \u00f6l\u00e7\u00fcde \u00f6nerilmektedir.<\/p>\n<h3><span style=\"font-weight: 400;\">Kazablanka Gezilecek Yerler<\/span><\/h3>\n<p><img loading=\"lazy\" decoding=\"async\" class=\"aligncenter size-full wp-image-927\" src=\"https:\/\/seyahatpolicesi.com\/blog\/wp-content\/uploads\/2023\/03\/Kazablanka-Gezilecek-Yerler.jpg\" alt=\"Kazablanka-Gezilecek-Yerler\" width=\"1800\" height=\"800\" \/><\/p>\n<p><span style=\"font-weight: 400;\"><strong>Kazablanka<\/strong>, Fas&#8217;\u0131n en b\u00fcy\u00fck \u015fehirlerinden biridir. Ayn\u0131 zamanda <strong>Fas&#8217;\u0131n ekonomik ba\u015fkentidir.<\/strong> \u015eehirde bir\u00e7ok modern yap\u0131 ve uluslararas\u0131 markalar\u0131n ma\u011fazalar\u0131 bulunmaktad\u0131r. Kazablanka&#8217;da gezilecek yerlerden baz\u0131lar\u0131 \u015funlard\u0131r:<\/span><\/p>\n<ol>\n<li style=\"font-weight: 400;\" aria-level=\"1\"><span style=\"font-weight: 400;\"><em><strong>Hassan II Camii:<\/strong><\/em> D\u00fcnyan\u0131n en b\u00fcy\u00fck camilerinden biri olan Hassan II Camii, Atlantik Okyanusu k\u0131y\u0131s\u0131nda yer almaktad\u0131r. Cami, \u0130slam mimarisinin modern bir \u00f6rne\u011fidir.<\/span><\/li>\n<li style=\"font-weight: 400;\" aria-level=\"1\"><span style=\"font-weight: 400;\"><strong><em>La Corniche:<\/em><\/strong> Casablanca&#8217;daki sahil \u015feridi, La Corniche, bir\u00e7ok restoran, kafe ve e\u011flence mekan\u0131yla \u00fcnl\u00fcd\u00fcr.<\/span><\/li>\n<li style=\"font-weight: 400;\" aria-level=\"1\"><span style=\"font-weight: 400;\"><strong><em>Mahkama Saray\u0131:<\/em><\/strong> Mahkama Saray\u0131, neo-Moorish mimarisi ve g\u00fczel bah\u00e7eleriyle \u00fcnl\u00fcd\u00fcr.<\/span><\/li>\n<li style=\"font-weight: 400;\" aria-level=\"1\"><span style=\"font-weight: 400;\"><strong><em>Rick&#8217;s Caf\u00e9:<\/em><\/strong> Casablanca&#8217;daki Rick&#8217;s Cafe, \u00fcnl\u00fc film Casablanca&#8217;n\u0131n sahnelerine dayanmaktad\u0131r. Restoran, geleneksel Fas yemeklerini servis eder ve nostaljik bir atmosfere sahiptir.<\/span><\/li>\n<li style=\"font-weight: 400;\" aria-level=\"1\"><span style=\"font-weight: 400;\"><strong><em>Central Market:<\/em><\/strong> \u015eehirdeki ana pazar, Central Market, geleneksel Fas \u00fcr\u00fcnleri ve hediyelik e\u015fyalar i\u00e7in harika bir yerdir.<\/span><\/li>\n<li style=\"font-weight: 400;\" aria-level=\"1\"><span style=\"font-weight: 400;\"><em><strong>Quartier Habous:<\/strong> <\/em>Frans\u0131z kolonisi d\u00f6neminde in\u015fa edilmi\u015f olan Quartier Habous, \u015fehirdeki en eski semtlerden biridir. Burada geleneksel el sanatlar\u0131, seramikler ve hal\u0131lar sat\u0131lmaktad\u0131r.<\/span><\/li>\n<li style=\"font-weight: 400;\" aria-level=\"1\"><span style=\"font-weight: 400;\"><strong><em>Mohammed V Meydan\u0131:<\/em><\/strong> Casablanca&#8217;daki ana meydan olan Mohammed V Meydan\u0131, art deco tarz\u0131nda in\u015fa edilmi\u015f binalar ve heykellerle s\u00fcsl\u00fcd\u00fcr.<\/span><\/li>\n<\/ol>\n<p><span style=\"font-weight: 400;\">Kazablanka ayr\u0131ca, geleneksel Fas mutfa\u011f\u0131na ev sahipli\u011fi yapar. Deniz \u00fcr\u00fcnleri yemekleri olduk\u00e7a pop\u00fclerdir. Kazablanka, modern mimarisi ve tarihi dokusu ile Fas&#8217;\u0131n <em>en ilgin\u00e7 \u015fehirlerinden biridir.<\/em><\/span><\/p>\n<h2><span style=\"font-weight: 400;\">\u015eaf\u015favan Gezisi<\/span><\/h2>\n<p><img loading=\"lazy\" decoding=\"async\" class=\"aligncenter size-full wp-image-928\" src=\"https:\/\/seyahatpolicesi.com\/blog\/wp-content\/uploads\/2023\/03\/Safsavan-Gezisi.jpg\" alt=\"Safsavan-Gezisi\" width=\"1800\" height=\"800\" \/><\/p>\n<p><span style=\"font-weight: 400;\">\u015eaf\u015favan, Fas&#8217;\u0131n kuzeybat\u0131s\u0131ndaki Rif Da\u011flar\u0131&#8217;nda yer alan turistik bir \u015fehirdir. \u015eehir, bir\u00e7ok mavi boyal\u0131 evi ve sokaklar\u0131yla \u00fcnl\u00fcd\u00fcr ve Fas&#8217;\u0131n en g\u00fczel \u015fehirlerinden biri olarak kabul edilir. \u015eaf\u015favan&#8217;da gezilecek yerlerden baz\u0131lar\u0131 \u015funlard\u0131r:<\/span><\/p>\n<ol>\n<li style=\"font-weight: 400;\" aria-level=\"1\"><span style=\"font-weight: 400;\"><em><strong>Medina:<\/strong> <\/em>\u015eaf\u015favan&#8217;\u0131n tarihi merkezi olan Medina, mavi boyal\u0131 evleri, geleneksel pazarlar\u0131 ve el sanatlar\u0131 d\u00fckkanlar\u0131yla \u00fcnl\u00fcd\u00fcr.<\/span><\/li>\n<li style=\"font-weight: 400;\" aria-level=\"1\"><span style=\"font-weight: 400;\"><strong><em>Kasbah:<\/em> <\/strong>\u015eaf\u015favan&#8217;daki Kasbah, 18. y\u00fczy\u0131lda in\u015fa edilmi\u015f bir kale ve m\u00fcze olarak kullan\u0131lmaktad\u0131r.<\/span><\/li>\n<li style=\"font-weight: 400;\" aria-level=\"1\"><span style=\"font-weight: 400;\"><strong><em>Outa el-Hammam Meydan\u0131:<\/em><\/strong> \u015eehirdeki ana meydan olan Outa el-Hammam Meydan\u0131, restoranlar ve kafelerle \u00e7evrilidir ve \u015fehir merkezindeki ya\u015fam\u0131n kalbinidir.<\/span><\/li>\n<li style=\"font-weight: 400;\" aria-level=\"1\"><span style=\"font-weight: 400;\"><em><strong>Ras El-Maa \u015eelalesi:<\/strong><\/em> \u015eaf\u015favan&#8217;\u0131n d\u0131\u015f\u0131nda yer alan Ras El-Maa \u015eelalesi, do\u011fal g\u00fczellikleri ve y\u00fcr\u00fcy\u00fc\u015f parkurlar\u0131yla \u00fcnl\u00fcd\u00fcr.<\/span><\/li>\n<li style=\"font-weight: 400;\" aria-level=\"1\"><span style=\"font-weight: 400;\"><strong><em>Abdalwahab ve Uta el-Hammam M\u00fczeleri:<\/em> <\/strong>Bu iki m\u00fcze, \u015eaf\u015favan&#8217;daki tarihi ve k\u00fclt\u00fcrel miras\u0131n korunmas\u0131 i\u00e7in \u00e7al\u0131\u015fmaktad\u0131r. M\u00fczeler, geleneksel Fas el sanatlar\u0131, tarihi belgeler ve foto\u011fraflar gibi bir\u00e7ok ilgin\u00e7 sergiye ev sahipli\u011fi yapmaktad\u0131r.<\/span><\/li>\n<\/ol>\n<p><span style=\"font-weight: 400;\"><em>\u015eaf\u015favan<\/em>, geleneksel Fas mutfa\u011f\u0131n\u0131n tad\u0131na bakabilece\u011finiz harika restoranlara ve kafelere sahiptir. \u015eehir, turistler i\u00e7in olduk\u00e7a g\u00fcvenlidir. Ayn\u0131 zamanda, bir\u00e7ok seyahat plan\u0131nda mutlaka yer almas\u0131 gereken pop\u00fcler bir <strong>turistik destinasyondur.\u00a0<\/strong>Ek olarak, yurt d\u0131\u015f\u0131 seyahat sigortas\u0131 sayesinde seyahat ederken olu\u015fabilecek riskleri ortadan kald\u0131rm\u0131\u015f olursunuz.<\/span><\/p>\n<h3><span style=\"font-weight: 400;\">Merzouga Nereler Gezilir?<\/span><\/h3>\n<p><img loading=\"lazy\" decoding=\"async\" class=\"aligncenter size-full wp-image-929\" src=\"https:\/\/seyahatpolicesi.com\/blog\/wp-content\/uploads\/2023\/03\/Merzouga-Nereler-Gezilir.jpg\" alt=\"Merzouga-Nereler-Gezilir\" width=\"1800\" height=\"800\" \/><\/p>\n<p><span style=\"font-weight: 400;\">Fas&#8217;\u0131n g\u00fcneydo\u011fusunda yer alan bu \u015fehir,<strong> Sahra \u00c7\u00f6l\u00fc&#8217;n\u00fcn hemen kenar\u0131nda<\/strong> yer alan bir \u015fehirdir. <strong>Merzouga<\/strong>, \u00e7\u00f6l manzaralar\u0131, kum tepeleri, <strong>bedevi \u00e7ad\u0131rlar\u0131<\/strong> ve tuareg k\u00fclt\u00fcr\u00fc ile \u00fcnl\u00fcd\u00fcr. \u00d6zetle, Merzouga&#8217;da gezilecek yerlerden baz\u0131lar\u0131 \u015funlard\u0131r:<\/span><\/p>\n<ol>\n<li style=\"font-weight: 400;\" aria-level=\"1\"><span style=\"font-weight: 400;\"><strong><em>Erg Chebbi Kum Tepeleri:<\/em><\/strong> Merzouga&#8217;da yer alan Erg Chebbi Kum Tepeleri, turistlerin \u00e7\u00f6l manzaralar\u0131n\u0131 ve kum tepelerini ke\u015ffetmeleri i\u00e7in pop\u00fcler bir yerdir.<\/span><\/li>\n<li style=\"font-weight: 400;\" aria-level=\"1\"><span style=\"font-weight: 400;\"><em><strong>Ma\u011faralar:<\/strong><\/em> Merzouga yak\u0131nlar\u0131nda yer alan \u00e7e\u015fitli ma\u011faralar, turistlerin ke\u015ffetmeye de\u011fer tarihi ve do\u011fal g\u00fczellikleri sunar.<\/span><\/li>\n<li style=\"font-weight: 400;\" aria-level=\"1\"><span style=\"font-weight: 400;\"><strong><em>Bedevi \u00c7ad\u0131rlar\u0131:<\/em> <\/strong>Merzouga&#8217;da bir\u00e7ok bedevi \u00e7ad\u0131r\u0131 bulunur ve turistler, \u00e7\u00f6l k\u00fclt\u00fcr\u00fcn\u00fc ya\u015famak ve bedevi yemeklerinin tad\u0131n\u0131 \u00e7\u0131karmak i\u00e7in buraya giderler.<\/span><\/li>\n<li style=\"font-weight: 400;\" aria-level=\"1\"><span style=\"font-weight: 400;\"><strong><em>Hassi Labied K\u00f6y\u00fc:<\/em> <\/strong>Merzouga&#8217;n\u0131n yak\u0131nlar\u0131ndaki bu k\u00fc\u00e7\u00fck k\u00f6y, turistlerin geleneksel Fas k\u00f6y hayat\u0131n\u0131 deneyimlemeleri i\u00e7in harika bir yerdir.<\/span><\/li>\n<li style=\"font-weight: 400;\" aria-level=\"1\"><span style=\"font-weight: 400;\"><strong><em>Ziz Vadisi:<\/em> <\/strong>Merzouga&#8217;n\u0131n yak\u0131n\u0131ndaki Ziz Vadisi, ye\u015fil vadiler, zeytinlikler ve palmiye a\u011fa\u00e7lar\u0131 ile \u00e7evrili ve turistlerin ke\u015ffetmek i\u00e7in ideal bir yerdir.<\/span><\/li>\n<li style=\"font-weight: 400;\" aria-level=\"1\"><span style=\"font-weight: 400;\"><em><strong>Khamlia K\u00f6y\u00fc:<\/strong> <\/em>Merzouga yak\u0131nlar\u0131ndaki Khamlia K\u00f6y\u00fc, geleneksel Gnawa m\u00fczi\u011fi ve danslar\u0131 ile \u00fcnl\u00fcd\u00fcr ve turistlerin bu k\u00fclt\u00fcrel miras\u0131 ke\u015ffetmeleri i\u00e7in harika bir f\u0131rsatt\u0131r.<\/span><\/li>\n<\/ol>\n<p><span style=\"font-weight: 400;\">Merzouga&#8217;da, turistlerin g\u00fcvenli\u011fi ve rahat\u0131 i\u00e7in bir\u00e7ok turistik tesis ve konaklama se\u00e7ene\u011fi mevcuttur. Ayr\u0131ca, tuareg el sanatlar\u0131, geleneksel yemekler ve \u00e7\u00f6l turlar\u0131 gibi bir\u00e7ok ilgin\u00e7 aktivite de sunulmaktad\u0131r.<\/span><\/p>\n<p><strong>Fas vize istiyor mu<\/strong> olarak i\u00e7eri\u011fimizin ba\u015f\u0131nda gerekli a\u00e7\u0131klamalar\u0131 yapt\u0131k. Ayn\u0131 zamanda unutanlar i\u00e7in hat\u0131rlatal\u0131m ki Fas vizesiz gidilen bir \u00fclkedir. 6 ay i\u00e7inde 3 aya kadar olan seyahatlerinizi vizesiz olarak yapars\u0131n\u0131z.<\/p>\n<p>Bu sayede <em>yaln\u0131zca<\/em><strong> seyahat sa\u011fl\u0131k sigortas\u0131<\/strong> ve <strong>u\u00e7ak bileti<\/strong> sat\u0131n alman\u0131z yeterlidir. Ge\u00e7erli s\u00fcreye sahip <strong>pasaportunuzu<\/strong> unutmay\u0131n!<\/p>\n<h3><span style=\"font-weight: 400;\">Atlas Da\u011flar\u0131<\/span><\/h3>\n<p><img loading=\"lazy\" decoding=\"async\" class=\"aligncenter size-full wp-image-931\" src=\"https:\/\/seyahatpolicesi.com\/blog\/wp-content\/uploads\/2023\/03\/Atlas-Daglari-1.jpg\" alt=\"Atlas-Daglari\" width=\"1800\" height=\"800\" \/><\/p>\n<p><span style=\"font-weight: 400;\">Atlas Da\u011flar\u0131, Kuzey Afrika&#8217;da uzanan bir s\u0131rada\u011f sistemidir. Bu da\u011flar Fas, Cezayir ve Tunus&#8217;ta yer al\u0131r. Ayn\u0131 \u015fekilde, bu da\u011flar y\u00fcksek zirveleri, sarp kayal\u0131klar\u0131, vadileri ve \u015felaleleriyle \u00fcnl\u00fcd\u00fcr. Atlas Da\u011flar\u0131&#8217;nda gezilecek yerlerden baz\u0131lar\u0131 \u015funlard\u0131r:<\/span><\/p>\n<ol>\n<li style=\"font-weight: 400;\" aria-level=\"1\"><span style=\"font-weight: 400;\"><strong>Toubkal Ulusal Park\u0131:<\/strong> Atlas Da\u011flar\u0131&#8217;n\u0131n en y\u00fcksek zirvesi olan Toubkal Da\u011f\u0131&#8217;nda yer alan bu ulusal park, do\u011fal g\u00fczellikleri ke\u015ffetmek i\u00e7in ideal bir yerdir.<\/span><\/li>\n<li style=\"font-weight: 400;\" aria-level=\"1\"><span style=\"font-weight: 400;\"><strong>Ait Ben Haddou Kasabas\u0131:<\/strong> UNESCO D\u00fcnya Miras\u0131 Listesi&#8217;nde yer alan bu kasaba, Fas&#8217;\u0131n g\u00fcneyinde yer al\u0131r ve geleneksel berberi mimarisini yans\u0131tan muhte\u015fem yap\u0131lar\u0131 ile \u00fcnl\u00fcd\u00fcr.<\/span><\/li>\n<li style=\"font-weight: 400;\" aria-level=\"1\"><span style=\"font-weight: 400;\"><strong>Ourika Vadisi:<\/strong> Atlas Da\u011flar\u0131&#8217;n\u0131n g\u00fcneyinde yer alan bu vadi, turistlerin y\u00fcr\u00fcy\u00fc\u015f yapabilecekleri, \u015felaleleri ve do\u011fal havuzlar\u0131 ke\u015ffedebilecekleri bir do\u011fal g\u00fczellikler cennetidir.<\/span><\/li>\n<li style=\"font-weight: 400;\" aria-level=\"1\"><span style=\"font-weight: 400;\"><strong>Dades Vadisi:<\/strong> Atlas Da\u011flar\u0131&#8217;n\u0131n do\u011fusunda yer alan bu vadide, turistler etkileyici manzaralar\u0131n yan\u0131 s\u0131ra geleneksel berberi k\u00f6ylerini de ke\u015ffedebilirler.<\/span><\/li>\n<li style=\"font-weight: 400;\" aria-level=\"1\"><span style=\"font-weight: 400;\"><strong>M&#8217;Goun Zirvesi:<\/strong> Atlas Da\u011flar\u0131&#8217;n\u0131n en y\u00fcksek ikinci zirvesi olan M&#8217;Goun, y\u00fcr\u00fcy\u00fc\u015f, t\u0131rmanma ve kamp yapmak i\u00e7in pop\u00fcler bir yerdir.<\/span><\/li>\n<li style=\"font-weight: 400;\" aria-level=\"1\"><span style=\"font-weight: 400;\"><strong>Ifrane \u015eehri:<\/strong> Atlas Da\u011flar\u0131&#8217;n\u0131n kuzeyinde yer alan bu \u015fehir, \u00e7am ormanlar\u0131, kayak pistleri ve geleneksel Berberi k\u00f6yleriyle \u00fcnl\u00fcd\u00fcr.<\/span><\/li>\n<\/ol>\n<p><span style=\"font-weight: 400;\">Atlas Da\u011flar\u0131, turistler i\u00e7in y\u00fcr\u00fcy\u00fc\u015f, t\u0131rmanma, kamp, bisiklet ve jeep turlar\u0131 gibi bir\u00e7ok do\u011fa sporu imkan\u0131 sunar. Kimi zaman bu t\u00fcr sporlar yaparken ani kazalar veya di\u011fer sa\u011fl\u0131k problemleri ya\u015fanabilir. <strong>Yurt d\u0131\u015f\u0131 seyahat sigortas\u0131<\/strong> sayesinde kendinizi s\u0131n\u0131rlamay\u0131n. Acil geli\u015fen bir \u015fey olursa, kendinizi g\u00fcvende hissedin. <\/span><\/p>\n<p><span style=\"font-weight: 400;\">Nas\u0131l yurt d\u0131\u015f\u0131 seyat sigortas\u0131 sat\u0131n al\u0131r\u0131m diye merak ediyorsan\u0131z <a href=\"https:\/\/seyahatpolicesi.com\/\">www.seyahatpolicesi.com<\/a>&#8216;u ziyaret edin. Saniyeler i\u00e7erisinde <strong>yurt d\u0131\u015f\u0131 sa\u011fl\u0131k sigortas\u0131<\/strong> edinin. En uygun fiyatl\u0131 sa\u011fl\u0131k poli\u00e7eleri ile b\u00fct\u00e7enize uygun bir seyahat sigortas\u0131 sat\u0131n al\u0131n.<\/span><\/p>\n<p><span style=\"font-weight: 400;\">Ayr\u0131ca, Atlas Da\u011flar\u0131&#8217;n\u0131n eteklerinde yer alan bir\u00e7ok geleneksel berberi k\u00f6y\u00fc, el sanatlar\u0131 ve geleneksel yemeklerin tad\u0131n\u0131 \u00e7\u0131karmak i\u00e7in harika bir f\u0131rsat sunar.<\/span><\/p>\n<h3><span style=\"font-weight: 400;\">Rabat Gezilecek Yerler<\/span><\/h3>\n<p><img loading=\"lazy\" decoding=\"async\" class=\"aligncenter size-full wp-image-932\" src=\"https:\/\/seyahatpolicesi.com\/blog\/wp-content\/uploads\/2023\/03\/Rabat-Gezilecek-Yerler.jpg\" alt=\"Rabat-Gezilecek-Yerler\" width=\"1800\" height=\"800\" \/><\/p>\n<p><span style=\"font-weight: 400;\"><strong>Rabat<\/strong>, <em>Fas&#8217;\u0131n ba\u015fkenti<\/em> ve \u00fclkenin en \u00f6nemli turistik merkezlerinden biridir. <strong>Sahil \u015fehri olan Rabat,<\/strong> zengin tarihi miras\u0131, geleneksel mimarisi, renkli pazarlar\u0131 ve modern cazibe merkezleri ile turistler i\u00e7in bir\u00e7ok ilgi \u00e7ekici yer sunmaktad\u0131r. \u0130\u015fte Rabat&#8217;ta gezilecek yerlerden baz\u0131lar\u0131:<\/span><\/p>\n<ul>\n<li style=\"font-weight: 400;\" aria-level=\"1\"><span style=\"font-weight: 400;\"><strong><em>Hassan Kulesi:<\/em> <\/strong>Rabat&#8217;\u0131n simgelerinden biri olan bu kule, 12. y\u00fczy\u0131lda in\u015fa edilmi\u015ftir ve yar\u0131m kalan bir cami projesinin par\u00e7as\u0131d\u0131r.<\/span><\/li>\n<li style=\"font-weight: 400;\" aria-level=\"1\"><span style=\"font-weight: 400;\"><em><strong>Kasbah des Oudaias:<\/strong><\/em> Rabat&#8217;\u0131n en eski semtlerinden biri olan Kasbah des Oudaias, geleneksel beyaz ve mavi boyal\u0131 evleri, dar sokaklar\u0131 ve Fas k\u00fclt\u00fcr\u00fcne \u00f6zg\u00fc mimarisiyle \u00fcnl\u00fcd\u00fcr.<\/span><\/li>\n<li style=\"font-weight: 400;\" aria-level=\"1\"><span style=\"font-weight: 400;\"><em><strong>Chellah:<\/strong> <\/em>Rabat&#8217;\u0131n g\u00fcneyinde yer alan bu antik kent, Roma \u0130mparatorlu\u011fu d\u00f6neminden kalma kal\u0131nt\u0131lar\u0131 ve 14. y\u00fczy\u0131lda in\u015fa edilen geleneksel \u0130slami yap\u0131lar\u0131yla dikkat \u00e7ekmektedir.<\/span><\/li>\n<li style=\"font-weight: 400;\" aria-level=\"1\"><span style=\"font-weight: 400;\"><strong><em>Kraliyet Saray\u0131:<\/em> <\/strong>Rabat&#8217;ta bulunan Kraliyet Saray\u0131, Fas kraliyet ailesinin ikametgah\u0131d\u0131r ve turistlerin ziyaret etti\u011fi pop\u00fcler bir turistik mekand\u0131r.<\/span><\/li>\n<li style=\"font-weight: 400;\" aria-level=\"1\"><span style=\"font-weight: 400;\"><strong><em>Mohammed V Mozolesi:<\/em> <\/strong>Rabat&#8217;\u0131n merkezinde yer alan bu mozole, Fas&#8217;\u0131n ba\u011f\u0131ms\u0131zl\u0131k lideri olan Kral Mohammed V ve iki o\u011flunun mezar\u0131n\u0131 bar\u0131nd\u0131rmaktad\u0131r.<\/span><\/li>\n<li style=\"font-weight: 400;\" aria-level=\"1\"><span style=\"font-weight: 400;\"><strong><em>Rabat Arkeoloji M\u00fczesi:<\/em> <\/strong>Fas&#8217;\u0131n en \u00f6nemli arkeoloji m\u00fczelerinden biri olan Rabat Arkeoloji M\u00fczesi, Roma \u0130mparatorlu\u011fu d\u00f6neminden kalma eserler, Berberi ve \u0130slami sanat eserleri gibi bir\u00e7ok tarihi obje ve eseri sergilemektedir.<\/span><\/li>\n<\/ul>\n<p><span style=\"font-weight: 400;\">Rabat&#8217;ta ayr\u0131ca modern al\u0131\u015fveri\u015f merkezleri, plajlar, restoranlar ve kafeler de bulunmaktad\u0131r. Rabat, zengin tarihi miras\u0131 ve modern turistik cazibe merkezleriyle turistler i\u00e7in ideal bir seyahat noktas\u0131d\u0131r. Ayn\u0131 zamanda <strong>Fas vize istiyor mu<\/strong> diye soranlara s\u00f6yleyelim, Fas&#8217;a vizesiz olarak giri\u015f yapars\u0131n\u0131z.<\/span><\/p>\n<h3><span style=\"font-weight: 400;\">Essaouira Gezmeye De\u011fer Mi?<\/span><\/h3>\n<p><img loading=\"lazy\" decoding=\"async\" class=\"aligncenter size-full wp-image-933\" src=\"https:\/\/seyahatpolicesi.com\/blog\/wp-content\/uploads\/2023\/03\/Essaouira-Gezmeye-Deger-Mi.jpg\" alt=\"Essaouira-Gezmeye-Deger-Mi\" width=\"1800\" height=\"800\" \/><\/p>\n<p><span style=\"font-weight: 400;\">Evet, Essaouira Fas&#8217;ta gezilecek <strong>en g\u00fczel \u015fehirlerden biridir<\/strong>. Bu g\u00fczel liman kasabas\u0131, Fas&#8217;\u0131n bat\u0131 sahilinde yer almaktad\u0131r. Plajlar\u0131, tarihi dokusu, eski liman\u0131, bal\u0131k pazar\u0131, \u00f6zg\u00fcn k\u00fclt\u00fcr\u00fc ve b\u00fcy\u00fcleyici atmosferi ile turistlerin ilgisini \u00e7ekmektedir.<\/span><\/p>\n<p><span style=\"font-weight: 400;\">Essaouira, tarihi kaleleri, dar sokaklar\u0131 ve geleneksel evleri ile \u00fcnl\u00fcd\u00fcr. <em>Ayn\u0131 zamanda UNESCO D\u00fcnya Miras\u0131 Listesi&#8217;nde yer alan eski liman\u0131,<\/em> bal\u0131k pazar\u0131 ve yerel sanat\u00e7\u0131lar\u0131n \u00e7al\u0131\u015fmalar\u0131n\u0131n sergilendi\u011fi el sanatlar\u0131 pazarlar\u0131 da burada bulunmaktad\u0131r. Ek olarak bu \u015fehir, \u00fcnl\u00fc yazar ve m\u00fczisyen Jimi Hendrix&#8217;in burada bir zamanlar ya\u015fad\u0131\u011f\u0131 yer olarak da bilinmektedir.<\/span><\/p>\n<p><span style=\"font-weight: 400;\"><strong>Essaouira,<\/strong> r\u00fczgar s\u00f6rf\u00fc, s\u00f6rf ve di\u011fer su sporlar\u0131 i\u00e7in de pop\u00fcler bir yerdir. Hem de plajlar\u0131 uzun, geni\u015f ve g\u00fczel bir kumsala sahiptir. Ayr\u0131ca \u015fehirde bir\u00e7ok restoran, kafe, otel ve butik otel de bulunmaktad\u0131r.<\/span><\/p>\n<p><span style=\"font-weight: 400;\">Essaouira, tarihi dokusu ve b\u00fcy\u00fcleyici atmosferiyle, Fas&#8217;\u0131n en turistik yerlerinden biridir. Bu nedenle, Fas&#8217;a seyahat eden herkesin Essaouira&#8217;y\u0131 ziyaret etmelerini \u00f6neririm.<\/span><\/p>\n<h2><span style=\"font-weight: 400;\">Meknes Gezilecek Yerler<\/span><\/h2>\n<p><img loading=\"lazy\" decoding=\"async\" class=\"aligncenter size-full wp-image-934\" src=\"https:\/\/seyahatpolicesi.com\/blog\/wp-content\/uploads\/2023\/03\/Meknes-Gezilecek-Yerler.jpg\" alt=\"Meknes-Gezilecek-Yerler\" width=\"1800\" height=\"800\" \/><\/p>\n<p><span style=\"font-weight: 400;\">Evet, <em><strong>Meknes<\/strong> <\/em>Fas&#8217;ta ziyaret edilmesi gereken \u015fehirlerden biridir. Meknes, Fas&#8217;\u0131n kuzeybat\u0131s\u0131nda, Rabat&#8217;\u0131n yakla\u015f\u0131k 60 kilometre g\u00fcneyinde yer alan tarihi bir \u015fehirdir. Ayr\u0131ca, UNESCO D\u00fcnya Miras\u0131 Listesi&#8217;nde yer alan tarihi kaleleri, m\u00fczeleri, g\u00fczel bah\u00e7eleri ve eski pazarlar\u0131 ile \u00fcnl\u00fcd\u00fcr.<\/span><\/p>\n<p><span style=\"font-weight: 400;\">Meknes, Fas&#8217;\u0131n d\u00f6rt kraliyet \u015fehri aras\u0131nda yer almaktad\u0131r. \u015eehir, Moulay Ismail taraf\u0131ndan 17. y\u00fczy\u0131lda yap\u0131lan ve g\u00fcn\u00fcm\u00fczde hala hayranl\u0131kla izlenen devasa bir surla \u00e7evrilidir. Ayn\u0131 zamanda, surlar\u0131n i\u00e7inde, Moulay Ismail&#8217;in saray\u0131, b\u00fcy\u00fck su depolar\u0131, kraliyet stables ve g\u00fczel bah\u00e7eler bulunmaktad\u0131r.<\/span><\/p>\n<p><span style=\"font-weight: 400;\">Ayr\u0131ca, <strong><em>Meknes&#8217;in eski pazarlar\u0131,<\/em><\/strong> geleneksel el sanatlar\u0131 ve yerel yemekleri ile \u00fcnl\u00fcd\u00fcr. \u015eehirde, Fas mutfa\u011f\u0131n\u0131n lezzetlerini ke\u015ffetmek i\u00e7in bir\u00e7ok restoran ve kafe bulunmaktad\u0131r. Ayr\u0131ca, Meknes \u00e7evresindeki \u00fcz\u00fcm ba\u011flar\u0131 ve \u015farap fabrikalar\u0131 da ziyaret edilebilir.<\/span><\/p>\n<p><span style=\"font-weight: 400;\">Meknes&#8217;in tarihi dokusu, eski pazarlar\u0131, geleneksel el sanatlar\u0131 ve yerel yemekleri, Fas&#8217;\u0131n en ilgin\u00e7 yerlerinden biri olarak kabul edilir. Bu nedenle, Fas&#8217;a seyahat eden herkesin Meknes&#8217;i ziyaret etmelerini \u00f6neririm.<\/span><\/p>\n<h2><span style=\"font-weight: 400;\">Yurtd\u0131\u015f\u0131 Seyahat Sa\u011fl\u0131k Sigortas\u0131 Sat\u0131n Al\u0131n<\/span><\/h2>\n<p><img loading=\"lazy\" decoding=\"async\" class=\"aligncenter size-full wp-image-935\" src=\"https:\/\/seyahatpolicesi.com\/blog\/wp-content\/uploads\/2023\/03\/Yurtdisi-Seyahat-Saglik-Sigortasi-Satin-Alin.jpg\" alt=\"Yurtdisi-Seyahat-Saglik-Sigortasi-Satin-Alin\" width=\"1800\" height=\"800\" \/><\/p>\n<p><span style=\"font-weight: 400;\">Yurtd\u0131\u015f\u0131 seyahatlerinde <strong>sa\u011fl\u0131k sigortas\u0131 sat\u0131n almak<\/strong>, olas\u0131 sa\u011fl\u0131k sorunlar\u0131na kar\u015f\u0131 korunmak a\u00e7\u0131s\u0131ndan \u00f6nemlidir. \u00c7\u00fcnk\u00fc yurtd\u0131\u015f\u0131nda ya\u015fanabilecek sa\u011fl\u0131k sorunlar\u0131, beklenmedik ve y\u00fcksek maliyetli olabilir.<\/span><\/p>\n<p><span style=\"font-weight: 400;\">Yurtd\u0131\u015f\u0131 seyahat sa\u011fl\u0131k sigortas\u0131, bir\u00e7ok \u00fclkeye giri\u015fte zorunlu bir belgedir. Bu do\u011frultuda, seyahat sigorta \u015firketleri taraf\u0131ndan sa\u011flanmaktad\u0131r. Bu sigortalar, seyahat edilen \u00fclkelerde olas\u0131 sa\u011fl\u0131k sorunlar\u0131na kar\u015f\u0131 kapsaml\u0131 bir kapsama sa\u011flar.<\/span><\/p>\n<ul>\n<li><span style=\"font-weight: 400;\">Acil t\u0131bbi bak\u0131m, <\/span><\/li>\n<li><span style=\"font-weight: 400;\">Hastane yat\u0131\u015f\u0131, <\/span><\/li>\n<li><span style=\"font-weight: 400;\">Hasta tahliyesi, <\/span><\/li>\n<li><span style=\"font-weight: 400;\">Acil hasta nakliyesi, <\/span><\/li>\n<li><span style=\"font-weight: 400;\">\u0130la\u00e7 masraflar\u0131 gibi masraflar\u0131n yan\u0131 s\u0131ra;<\/span><\/li>\n<li><span style=\"font-weight: 400;\">Seyahat iptali, <\/span><\/li>\n<li><span style=\"font-weight: 400;\">Kay\u0131p bagaj ve,<\/span><\/li>\n<li><span style=\"font-weight: 400;\">Havaalan\u0131 grevleri gibi di\u011fer olas\u0131 sorunlar i\u00e7in de kapsama sa\u011flar.<\/span><\/li>\n<\/ul>\n<p><span style=\"font-weight: 400;\"><strong>Yurtd\u0131\u015f\u0131 seyahat sigortas\u0131,<\/strong> seyahat edilen s\u00fcre ve hedef \u00fclkeye g\u00f6re de\u011fi\u015febilir. Seyahat edilecek \u00fclkeye \u00f6zg\u00fc gereklilikleri ve riskleri de dikkate alarak, sigorta kapsam\u0131 ve maliyeti de\u011fi\u015febilir. Ek olarak sigorta poli\u00e7esi sat\u0131n almadan \u00f6nce, seyahat plan\u0131n\u0131z\u0131 d\u00fc\u015f\u00fcn\u00fcn. Bu sayede, htiya\u00e7lar\u0131n\u0131z\u0131 dikkatlice anlay\u0131n. Sonras\u0131nda ise en uygun sigorta plan\u0131n\u0131 se\u00e7in.<\/span><\/p>\n<p>Fas vize istiyor mu sorusunu hay\u0131r vize istemiyor olarak cevaplad\u0131k. Fakat Fas&#8217;a giri\u015fte <strong>yurtd\u0131\u015f\u0131 seyahat sa\u011fl\u0131k sigortas\u0131<\/strong> ibraz edilmelidir.<\/p>\n<p><span style=\"font-weight: 400;\">Genel olarak, yurtd\u0131\u015f\u0131 seyahat sa\u011fl\u0131k sigortas\u0131 sat\u0131n almak, seyahat etti\u011finiz \u00fclkelerde olas\u0131 sa\u011fl\u0131k sorunlar\u0131na kar\u015f\u0131 maddi koruma sa\u011flar. Ayn\u0131 zamanda, seyahat deneyiminizi daha g\u00fcvenli ve rahat hale getirir.<\/span><\/p>\n<h3><span style=\"font-weight: 400;\">Seyahat Sa\u011fl\u0131k Sigortas\u0131 Neye Kar\u015f\u0131 Korur?<\/span><\/h3>\n<p><img loading=\"lazy\" decoding=\"async\" class=\"aligncenter size-full wp-image-936\" src=\"https:\/\/seyahatpolicesi.com\/blog\/wp-content\/uploads\/2023\/03\/Seyahat-Saglik-Sigortasi-Neye-Karsi-Korur.jpg\" alt=\"Seyahat-Saglik-Sigortasi-Neye-Karsi-Korur\" width=\"1800\" height=\"800\" \/><\/p>\n<p><span style=\"font-weight: 400;\"><em><strong>Seyahat sa\u011fl\u0131k sigortas\u0131<\/strong><\/em>, yurt d\u0131\u015f\u0131 seyahatlerinde beklenmedik t\u0131bbi acil durumlar veya hastal\u0131klar gibi sa\u011fl\u0131k sorunlar\u0131na kar\u015f\u0131 koruma sa\u011flar. Bu sigorta kapsam\u0131nda;<\/span><\/p>\n<ol>\n<li><span style=\"font-weight: 400;\">Yurt d\u0131\u015f\u0131ndaki hastanelerinde,<\/span><\/li>\n<li><span style=\"font-weight: 400;\">Sa\u011fl\u0131k merkezlerinde,<\/span><\/li>\n<li><span style=\"font-weight: 400;\">Doktor ofislerinde,<\/span><\/li>\n<li><span style=\"font-weight: 400;\">Ambulans hizmetlerinde,<\/span><\/li>\n<li><span style=\"font-weight: 400;\">Acil t\u0131bbi tahliyelerde,<\/span><\/li>\n<li><span style=\"font-weight: 400;\">Acil di\u015f tedavisi gibi bir\u00e7ok sa\u011fl\u0131k hizmeti \u00fccreti \u00f6demezsiniz.<\/span><\/li>\n<\/ol>\n<p><span style=\"font-weight: 400;\">Sigortan\u0131n kapsam\u0131, seyahat sa\u011fl\u0131k sigortas\u0131 poli\u00e7esinde belirtilen \u015fartlara ba\u011fl\u0131 olarak de\u011fi\u015fir. \u00d6rne\u011fin, baz\u0131 poli\u00e7eler salg\u0131n hastal\u0131klar i\u00e7in kapsama sahipken, baz\u0131lar\u0131 bu kapsam\u0131 i\u00e7ermez.<\/span><\/p>\n<p>Fas vize istemeyen bir \u00fclke olsa da, \u00fclkeye giri\u015fte <em>pasaport<\/em>, <em>u\u00e7ak bileti<\/em> ve <em>yurt d\u0131\u015f\u0131 sa\u011fl\u0131k sigortas\u0131<\/em> talep edilir.<\/p>\n<p><span style=\"font-weight: 400;\"> Ayr\u0131ca, yurt d\u0131\u015f\u0131 seyahat sigortas\u0131n\u0131n yaralanma, hastal\u0131k veya di\u011fer t\u0131bbi acil durumlar nedeniyle seyahatin iptali veya ertelenmesi gibi durumlarda da koruma sa\u011flad\u0131\u011f\u0131na dikkat etmek \u00f6nemlidir.<\/span><\/p>\n<h3><span style=\"font-weight: 400;\">Seyahat Sa\u011fl\u0131k Sigortas\u0131 Fiyatlar\u0131 2023<\/span><\/h3>\n<p><img loading=\"lazy\" decoding=\"async\" class=\"aligncenter size-full wp-image-939\" src=\"https:\/\/seyahatpolicesi.com\/blog\/wp-content\/uploads\/2023\/03\/Seyahat-Saglik-Sigortasi-Fiyatlari-2023.png\" alt=\"Seyahat-Saglik-Sigortasi-Fiyatlari-2023\" width=\"1800\" height=\"800\" \/><\/p>\n<p><span style=\"font-weight: 400;\">Seyahat sa\u011fl\u0131k sigortas\u0131 fiyatlar\u0131, bir\u00e7ok fakt\u00f6re ba\u011fl\u0131 olarak de\u011fi\u015fiklik g\u00f6sterir. Bunlar aras\u0131nda;<\/span><\/p>\n<ul>\n<li><strong>Sigorta kapsam\u0131n\u0131n ne kadar geni\u015f oldu\u011fu,<\/strong><\/li>\n<li><strong>Seyahat s\u00fcresi, <\/strong><\/li>\n<li><strong>Seyahatin ne zaman yap\u0131laca\u011f\u0131,<\/strong><\/li>\n<li><strong>Seyahat edilecek \u00fclke,<\/strong><\/li>\n<li><strong>Ki\u015finin ya\u015f ve sa\u011fl\u0131k durumu, <\/strong><\/li>\n<li><span style=\"font-weight: 400;\"><strong>Sigorta \u015firketinin poli\u00e7e ko\u015fullar\u0131<\/strong> gibi etkenler bulunur.<\/span><\/li>\n<\/ul>\n<p><span style=\"font-weight: 400;\">\u00d6rne\u011fin, geni\u015f bir kapsam sunan bir seyahat sa\u011fl\u0131k sigortas\u0131, daha pahal\u0131 olabilir. Ayr\u0131ca s<\/span><span style=\"font-weight: 400;\">eyahat edilen \u00fclkelerin sa\u011fl\u0131k sistemleri ve t\u0131bbi bak\u0131m maliyetleri de \u00f6nemlidir. Ayn\u0131 zamanda ba\u015fvuran\u0131n ya\u015f ve sa\u011fl\u0131k durumu gibi fakt\u00f6rler de fiyatlara etki eder.<\/span><\/p>\n<p><span style=\"font-weight: 400;\">2023 y\u0131l\u0131nda seyahat sa\u011fl\u0131k sigortas\u0131 fiyatlar\u0131 i\u00e7in net bir tahmin yapmak m\u00fcmk\u00fcn de\u011fildir. \u00c7\u00fcnk\u00fc fiyatlar, seyahat edilen \u00fclkelere, sigorta kapsam\u0131na ve di\u011fer fakt\u00f6rlere ba\u011fl\u0131 olarak de\u011fi\u015fir.<\/span><\/p>\n<p>Fas vize istiyor mu sorusunu daha \u00f6nce cevaplad\u0131k. Fas vizesiz gidilen bir \u00fclkedir fakat yurt d\u0131\u015f\u0131 sa\u011fl\u0131k sigortas\u0131 sat\u0131n alman\u0131z gerekmektedir. Dolay\u0131s\u0131yla siz ve sevdiklerinizin sa\u011fl\u0131\u011f\u0131 i\u00e7in sigorta poli\u00e7esi edinin.<\/p>\n<p><span style=\"font-weight: 400;\">Ancak, seyahat edilecek \u00fclkelerdeki sa\u011fl\u0131k sistemleri hakk\u0131nda bilgi edinmek ve uygun bir seyahat sa\u011fl\u0131k sigortas\u0131 sat\u0131n almak, olas\u0131 sa\u011fl\u0131k sorunlar\u0131na kar\u015f\u0131 \u00f6nlem almak a\u00e7\u0131s\u0131ndan \u00f6nemlidir. Saniyeler i\u00e7inde seyahat sa\u011fl\u0131k sigortas\u0131 sat\u0131n almak i\u00e7in <a href=\"https:\/\/seyahatpolicesi.com\/seyahat-saglik-sigortasi\">buray\u0131<\/a> t\u0131klay\u0131n.<\/span><\/p>\n<h3><span style=\"font-weight: 400;\">Fas Yurt D\u0131\u015f\u0131 Seyahat Sa\u011fl\u0131k Sigortas\u0131 Zorunlu Mu?<\/span><\/h3>\n<p><img loading=\"lazy\" decoding=\"async\" class=\"aligncenter size-full wp-image-940\" src=\"https:\/\/seyahatpolicesi.com\/blog\/wp-content\/uploads\/2023\/03\/Fas-Yurt-Disi-Seyahat-Saglik-Sigortasi-Zorunlu-Mu.png\" alt=\"Fas-Yurt-Disi-Seyahat-Saglik-Sigortasi-Zorunlu-Mu\" width=\"1800\" height=\"800\" \/><\/p>\n<p><span style=\"font-weight: 400;\"><strong>Evet,<\/strong> Fas H\u00fck\u00fcmeti yabanc\u0131lardan yurt d\u0131\u015f\u0131 seyahat sa\u011fl\u0131k sigortas\u0131 talep eder. Bir\u00e7ok \u00fclke seyahat eden ki\u015filerden yurt d\u0131\u015f\u0131 seyahat sa\u011fl\u0131k sigortas\u0131 ister. <\/span><\/p>\n<p><span style=\"font-weight: 400;\">Baz\u0131 \u00fclkelerde seyahat sa\u011fl\u0131k sigortas\u0131 zorunlu olabilirken, di\u011ferleri i\u00e7in \u00f6nerilir. Ayr\u0131ca, pek \u00e7ok \u00fclke seyahat sa\u011fl\u0131k sigortas\u0131n\u0131 kontrol etmek i\u00e7in s\u0131k\u0131 kurallara sahiptir. <\/span><\/p>\n<p><span style=\"font-weight: 400;\"><em>\u00d6zellikle<\/em> Schengen \u00fclkeleri gibi pek \u00e7ok \u00fclke, ziyaret\u00e7ilerin seyahat sa\u011fl\u0131k sigortas\u0131na sahip olmas\u0131n\u0131 zorunlu k\u0131lmaktad\u0131r. Bu nedenle, seyahat etmeyi planlad\u0131\u011f\u0131n\u0131z \u00fclkenin seyahat sa\u011fl\u0131k sigortas\u0131 hakk\u0131ndaki kurallar\u0131n\u0131 kontrol etmek \u00f6nemlidir.<\/span><\/p>\n<h3><span style=\"font-weight: 400;\">Nas\u0131l Yurt D\u0131\u015f\u0131 Sa\u011fl\u0131k Sigortas\u0131 Sat\u0131n Al\u0131r\u0131m?<\/span><\/h3>\n<p><img loading=\"lazy\" decoding=\"async\" class=\"aligncenter size-full wp-image-941\" src=\"https:\/\/seyahatpolicesi.com\/blog\/wp-content\/uploads\/2023\/03\/Nasil-Yurt-Disi-Saglik-Sigortasi-Satin-Alirim.png\" alt=\"Nasil-Yurt-Disi-Saglik-Sigortasi-Satin-Alirim\" width=\"1800\" height=\"800\" \/><\/p>\n<p><span style=\"font-weight: 400;\">Oturdu\u011funuz yerden seyahat sa\u011fl\u0131k sigortas\u0131na sahip olabilece\u011finizi biliyor muydunuz? Hem de \u00e7e\u015fitli sigorta \u015firketlerinin tekliflerini tek bir sayfada g\u00f6r\u00fcnt\u00fcleyin. Bu sayede, se\u00e7me \u015fans\u0131 sizde olur. En uygun fiyatl\u0131 yurt d\u0131\u015f\u0131 seyahat sa\u011fl\u0131k sigortas\u0131 sat\u0131n almak i\u00e7in a\u015fa\u011f\u0131daki ad\u0131mlar\u0131 takip edin:<\/span><\/p>\n<ol>\n<li style=\"font-weight: 400;\" aria-level=\"1\"><span style=\"font-weight: 400;\">Seyahatpolicesi.com&#8217;u ziyaret edin: Yurt d\u0131\u015f\u0131 seyahat sa\u011fl\u0131k sigortas\u0131 sat\u0131n almak sayfan\u0131n \u00fcst\u00fcnde yer alan<strong> Sigorta \u00dcr\u00fcnleri<\/strong> yaz\u0131s\u0131na t\u0131klay\u0131n. <a href=\"https:\/\/seyahatpolicesi.com\/seyahat-saglik-sigortasi\">Seyahat sa\u011fl\u0131k sigortas\u0131<\/a> \u00fcr\u00fcn\u00fcn\u00fc se\u00e7in.<\/span><\/li>\n<li aria-level=\"1\"><strong>Gerekli bilgileri doldurun: <\/strong>Kar\u015f\u0131n\u0131za \u00e7\u0131kan sayfada, sizden k\u0131sa bilgiler istenmektedir. Bunlar\u0131 eksiksiz olarak doldurun. Telefonunuze gelen kodu girin.<\/li>\n<li style=\"font-weight: 400;\" aria-level=\"1\"><span style=\"font-weight: 400;\"><span style=\"font-weight: 400;\"><strong>Sigorta Paketleri:<\/strong> Kar\u015f\u0131n\u0131za \u00e7\u0131kan sigorta paketlerinden ihtiyac\u0131n\u0131z olan\u0131 se\u00e7in. Se\u00e7ti\u011finiz \u015firketin farkl\u0131 seyahat sa\u011fl\u0131k sigortas\u0131 paketleri olabilir. Yard\u0131ma ihtiyac\u0131n\u0131z olursa <strong>seyahatpolicesi.com<\/strong> ekibiyle do\u011frudan ileti\u015fime ge\u00e7in. Fas i\u00e7in 30.000 euro teminatl\u0131 seyahat sigortas\u0131 alman\u0131z gerekmektedir. Bu konu hakk\u0131nda yaz\u0131lm\u0131\u015f yaz\u0131m\u0131z\u0131 buradan okuyabilirsiniz <\/span><\/span><a href=\"https:\/\/seyahatpolicesi.com\/blog\/30-000-euro-teminatli-seyahat-sigortasi\/\">30.000 Euro teminatl\u0131 Seyahat Sa\u011fl\u0131k Sigortas\u0131<\/a><\/li>\n<li style=\"font-weight: 400;\" aria-level=\"1\"><span style=\"font-weight: 400;\"><strong>\u00d6deme Yap\u0131n:<\/strong> Yurt d\u0131\u015f\u0131 seyahat sa\u011fl\u0131k sigortas\u0131 sat\u0131n al\u0131rken sigorta \u015firketi taraf\u0131ndan belirlenen primi \u00f6demeniz gerekecektir. Bu prim sigorta paketinin kapsam\u0131na ve se\u00e7ti\u011finiz sigorta s\u00fcresine ba\u011fl\u0131 olarak de\u011fi\u015fir. 3D Secure sistemi ile g\u00fcvendesiniz.<\/span><\/li>\n<li aria-level=\"1\"><strong>Sigortan\u0131z\u0131 indirin:<\/strong> Dilerseniz mailinize, dilerseniz ak\u0131ll\u0131 telefonunuza poli\u00e7enizi indirin. T\u00fcm i\u015flemler tamamland\u0131. Sa\u011fl\u0131kl\u0131 yolculuklar!<\/li>\n<\/ol>\n<p><span style=\"font-weight: 400;\">Yurt d\u0131\u015f\u0131 seyahat sa\u011fl\u0131k sigortas\u0131 sat\u0131n al\u0131rken, dikkat etmeniz gereken birka\u00e7 \u00f6nemli husus vard\u0131r. Bunlar aras\u0131nda sigorta paketinin kapsam\u0131, sigorta s\u00fcresi, prim \u00fccreti ve sigorta \u015firketinin itibar\u0131 yer almaktad\u0131r. Ayr\u0131ca, sat\u0131n ald\u0131\u011f\u0131n\u0131z sigorta poli\u00e7esi ile ilgili t\u00fcm ayr\u0131nt\u0131lar\u0131 anlamak i\u00e7in s\u00f6zle\u015fmeyi okumak \u00f6nemlidir.<\/span><\/p>\n","protected":false},"excerpt":{"rendered":"Fas vize istiyor mu diye merak ediyorsan\u0131z, sorular\u0131n\u0131z\u0131n cevaplar\u0131n\u0131 ve Fas gezi rehberi i\u00e7eri\u011fini bu yaz\u0131da bulacaks\u0131n\u0131z. T\u00fcrkiye&hellip;","protected":false},"author":1,"featured_media":0,"comment_status":"open","ping_status":"open","sticky":false,"template":"","format":"standard","meta":{"csco_singular_sidebar":"","csco_page_header_type":"","csco_page_load_nextpost":"","csco_post_video_location":[],"csco_post_video_location_hash":"","csco_post_video_url":"","csco_post_video_bg_start_time":0,"csco_post_video_bg_end_time":0,"csco_post_video_bg_volume":false,"footnotes":""},"categories":[28],"tags":[],"class_list":{"0":"post-907","1":"post","2":"type-post","3":"status-publish","4":"format-standard","6":"category-vize","7":"cs-entry","8":"cs-video-wrap"},"aioseo_notices":[],"_links":{"self":[{"href":"https:\/\/seyahatpolicesi.com\/blog\/wp-json\/wp\/v2\/posts\/907","targetHints":{"allow":["GET"]}}],"collection":[{"href":"https:\/\/seyahatpolicesi.com\/blog\/wp-json\/wp\/v2\/posts"}],"about":[{"href":"https:\/\/seyahatpolicesi.com\/blog\/wp-json\/wp\/v2\/types\/post"}],"author":[{"embeddable":true,"href":"https:\/\/seyahatpolicesi.com\/blog\/wp-json\/wp\/v2\/users\/1"}],"replies":[{"embeddable":true,"href":"https:\/\/seyahatpolicesi.com\/blog\/wp-json\/wp\/v2\/comments?post=907"}],"version-history":[{"count":8,"href":"https:\/\/seyahatpolicesi.com\/blog\/wp-json\/wp\/v2\/posts\/907\/revisions"}],"predecessor-version":[{"id":1514,"href":"https:\/\/seyahatpolicesi.com\/blog\/wp-json\/wp\/v2\/posts\/907\/revisions\/1514"}],"wp:attachment":[{"href":"https:\/\/seyahatpolicesi.com\/blog\/wp-json\/wp\/v2\/media?parent=907"}],"wp:term":[{"taxonomy":"category","embeddable":true,"href":"https:\/\/seyahatpolicesi.com\/blog\/wp-json\/wp\/v2\/categories?post=907"},{"taxonomy":"post_tag","embeddable":true,"href":"https:\/\/seyahatpolicesi.com\/blog\/wp-json\/wp\/v2\/tags?post=907"}],"curies":[{"name":"wp","href":"https:\/\/api.w.org\/{rel}","templated":true}]}}