{"id":3242,"date":"2025-12-11T15:00:43","date_gmt":"2025-12-11T12:00:43","guid":{"rendered":"https:\/\/seyahatpolicesi.com\/blog\/?p=3242"},"modified":"2025-12-11T15:00:43","modified_gmt":"2025-12-11T12:00:43","slug":"balkanlar-seyahat-saglik-sigortasi-gerekli-mi-2025","status":"publish","type":"post","link":"https:\/\/seyahatpolicesi.com\/blog\/balkanlar-seyahat-saglik-sigortasi-gerekli-mi-2025\/","title":{"rendered":"Balkanlar Seyahat Sa\u011fl\u0131k Sigortas\u0131 Gerekli mi? 2025"},"content":{"rendered":"<p data-start=\"739\" data-end=\"1225\"><strong data-start=\"739\" data-end=\"777\">Balkanlar seyahat sa\u011fl\u0131k sigortas\u0131<\/strong>, 2025 y\u0131l\u0131nda Balkan \u00fclkelerine yolculuk planlayan herkesin merak etti\u011fi konular\u0131n ba\u015f\u0131nda yer al\u0131yor. Tur \u015firketleriyle Balkan turuna kat\u0131lanlardan bireysel olarak yolculu\u011funu planlayanlara kadar pek \u00e7ok ki\u015fi, sigortan\u0131n zorunlu olup olmad\u0131\u011f\u0131n\u0131 ve hangi \u00fclkelerde hangi \u015fartlar\u0131n ge\u00e7erli oldu\u011funu ara\u015ft\u0131r\u0131yor. \u00c7\u00fcnk\u00fc Balkan co\u011frafyas\u0131 hem vizesiz \u00fclkeleri hem de Schengen b\u00f6lgesindeki baz\u0131 destinasyonlar\u0131 kapsayan geni\u015f bir seyahat alan\u0131 sunuyor.<\/p>\n<p data-start=\"1227\" data-end=\"1516\">Bu yaz\u0131da, Balkan \u00fclkelerinin sigorta gerekliliklerinden sigortan\u0131n kapsam\u0131na, kimlerin yapt\u0131rmas\u0131 gerekti\u011finden fiyatlara kadar t\u00fcm detaylar\u0131 tek tek ele alaca\u011f\u0131z. Ayr\u0131ca seyahatinizi planlarken kar\u015f\u0131la\u015fabilece\u011finiz sa\u011fl\u0131k risklerine kar\u015f\u0131 nas\u0131l koruma sa\u011flayabilece\u011finize de de\u011finece\u011fiz.<\/p>\n<h2 data-start=\"188\" data-end=\"569\"><strong>Balkanlar\u2019da Seyahat Sa\u011fl\u0131k Sigortas\u0131 Zorunlu mu?<\/strong><\/h2>\n<p><img fetchpriority=\"high\" decoding=\"async\" class=\"aligncenter size-full wp-image-3251\" src=\"https:\/\/seyahatpolicesi.com\/blog\/wp-content\/uploads\/2025\/12\/balkanlarda-seyahat-saglik-sigortasi-zorunlu-mu.png\" alt=\"\" width=\"800\" height=\"400\" srcset=\"https:\/\/seyahatpolicesi.com\/blog\/wp-content\/uploads\/2025\/12\/balkanlarda-seyahat-saglik-sigortasi-zorunlu-mu.png 800w, https:\/\/seyahatpolicesi.com\/blog\/wp-content\/uploads\/2025\/12\/balkanlarda-seyahat-saglik-sigortasi-zorunlu-mu-300x150.png 300w, https:\/\/seyahatpolicesi.com\/blog\/wp-content\/uploads\/2025\/12\/balkanlarda-seyahat-saglik-sigortasi-zorunlu-mu-528x264.png 528w\" sizes=\"(max-width: 800px) 100vw, 800px\" \/><\/p>\n<p data-start=\"188\" data-end=\"569\">Balkanlar farkl\u0131 vize uygulamalar\u0131na sahip oldu\u011fu i\u00e7in seyahat sa\u011fl\u0131k sigortas\u0131n\u0131n gereklili\u011fi \u00fclkeye g\u00f6re de\u011fi\u015fiyor. Baz\u0131 \u00fclkelerde sigorta zorunlu iken baz\u0131 \u00fclkelere vizesiz giri\u015f yap\u0131labildi\u011fi i\u00e7in zorunlu tutulmuyor. Yine de zorunlu olmasa bile, \u00f6zellikle yabanc\u0131 turistlere uygulanan sa\u011fl\u0131k hizmeti \u00fccretleri y\u00fcksek oldu\u011fundan bu sigortan\u0131n yap\u0131lmas\u0131 g\u00fc\u00e7l\u00fc \u015fekilde \u00f6neriliyor.<\/p>\n<p data-start=\"571\" data-end=\"812\">2025 y\u0131l\u0131 itibar\u0131yla <strong data-start=\"592\" data-end=\"644\">Schengen b\u00f6lgesine dahil olan Balkan \u00fclkelerinde<\/strong> sigorta zorunlu. Yunanistan, H\u0131rvatistan, Slovenya ve Bulgaristan\u2019a giri\u015f yapacak ziyaret\u00e7ilerin minimum 30.000 \u20ac teminatl\u0131 seyahat sa\u011fl\u0131k sigortas\u0131 sunmas\u0131 gerekiyor.<\/p>\n<p data-start=\"814\" data-end=\"1070\"><strong data-start=\"814\" data-end=\"898\">Schengen d\u0131\u015f\u0131nda kalan Balkan \u00fclkelerinde ise sigorta yasal olarak zorunlu de\u011fil<\/strong>, ancak s\u0131n\u0131r ge\u00e7i\u015flerinde zaman zaman sorulabildi\u011fi gibi, olas\u0131 bir sa\u011fl\u0131k sorunu ya\u015fand\u0131\u011f\u0131nda y\u00fcksek masraflarla kar\u015f\u0131la\u015fmamak i\u00e7in mutlaka yapt\u0131r\u0131lmas\u0131 tavsiye ediliyor.<\/p>\n<div style=\"background: #EAF0FF; border: 2px solid #3C5BFF; border-radius: 12px; padding: 20px; text-align: center; font-family: Arial, Helvetica, sans-serif; max-width: 680px; margin: 24px auto; color: #3c5bff;\">\n<div class=\"text-base my-auto mx-auto pb-10 [--thread-content-margin:--spacing(4)] @w-sm\/main:[--thread-content-margin:--spacing(6)] @w-lg\/main:[--thread-content-margin:--spacing(16)] px-(--thread-content-margin)\">\n<div class=\"[--thread-content-max-width:40rem] @w-lg\/main:[--thread-content-max-width:48rem] mx-auto max-w-(--thread-content-max-width) flex-1 group\/turn-messages focus-visible:outline-hidden relative flex w-full min-w-0 flex-col agent-turn\" tabindex=\"-1\">\n<div class=\"flex max-w-full flex-col grow\">\n<div class=\"min-h-8 text-message relative flex w-full flex-col items-end gap-2 text-start break-words whitespace-normal [.text-message+&amp;]:mt-1\" dir=\"auto\" data-message-author-role=\"assistant\" data-message-id=\"985c48b9-497b-45ce-97a3-5e0a35f45054\" data-message-model-slug=\"gpt-5-1\">\n<div class=\"flex w-full flex-col gap-1 empty:hidden first:pt-[1px]\">\n<div class=\"markdown prose dark:prose-invert w-full break-words light markdown-new-styling\">\n<div class=\"text-base my-auto mx-auto pb-10 [--thread-content-margin:--spacing(4)] @w-sm\/main:[--thread-content-margin:--spacing(6)] @w-lg\/main:[--thread-content-margin:--spacing(16)] px-(--thread-content-margin)\">\n<div class=\"[--thread-content-max-width:40rem] @w-lg\/main:[--thread-content-max-width:48rem] mx-auto max-w-(--thread-content-max-width) flex-1 group\/turn-messages focus-visible:outline-hidden relative flex w-full min-w-0 flex-col agent-turn\" tabindex=\"-1\">\n<div class=\"flex max-w-full flex-col grow\">\n<div class=\"min-h-8 text-message relative flex w-full flex-col items-end gap-2 text-start break-words whitespace-normal [.text-message+&amp;]:mt-1\" dir=\"auto\" data-message-author-role=\"assistant\" data-message-id=\"985c48b9-497b-45ce-97a3-5e0a35f45054\" data-message-model-slug=\"gpt-5-1\">\n<div class=\"flex w-full flex-col gap-1 empty:hidden first:pt-[1px]\">\n<div class=\"markdown prose dark:prose-invert w-full break-words light markdown-new-styling\">\n<p data-start=\"0\" data-end=\"178\" data-is-last-node=\"\" data-is-only-node=\"\"><strong>Balkanlara \u00f6zel seyahat sa\u011fl\u0131k sigortas\u0131n\u0131 birka\u00e7 dakikada online olarak sat\u0131n alabilirsiniz.<\/strong><br data-start=\"175\" data-end=\"178\" \/>Bu sigorta, Balkan \u00fclkelerinde kar\u015f\u0131la\u015f\u0131labilecek ani sa\u011fl\u0131k risklerine kar\u015f\u0131 temel koruma sa\u011flar.<\/p>\n<\/div>\n<\/div>\n<\/div>\n<\/div>\n<\/div>\n<\/div>\n<p><a style=\"display: inline-block; background: #FF4F9A; color: #fff; padding: 12px 24px; border-radius: 10px; font-size: 16px; font-weight: bold; text-decoration: none; box-shadow: 0 2px 8px rgba(0,0,0,.08);\" href=\"https:\/\/seyahatpolicesi.com\/seyahat-saglik-sigortasi\" target=\"_blank\" rel=\"noopener\">Hemen Balkanlar seyahat sa\u011fl\u0131k sigortas\u0131 al!<\/a><\/p>\n<\/div>\n<\/div>\n<\/div>\n<\/div>\n<\/div>\n<\/div>\n<\/div>\n<h2 data-start=\"2303\" data-end=\"2365\"><strong data-start=\"2306\" data-end=\"2365\">Hangi Balkan \u00dclkeleri Seyahat Sa\u011fl\u0131k Sigortas\u0131 \u0130stiyor?<\/strong><\/h2>\n<p data-start=\"2367\" data-end=\"2491\">Balkan \u00fclkelerini iki grupta de\u011ferlendirmek m\u00fcmk\u00fcn:<br data-start=\"2418\" data-end=\"2421\" \/><strong data-start=\"2421\" data-end=\"2452\">Schengen b\u00f6lgesinde olanlar<\/strong> ve <strong data-start=\"2456\" data-end=\"2488\">vizesiz giri\u015f yap\u0131labilenler<\/strong>.<\/p>\n<p data-start=\"2493\" data-end=\"2549\">Her iki grup i\u00e7in de sigorta \u015fartlar\u0131n\u0131 detayland\u0131ral\u0131m.<\/p>\n<hr data-start=\"2551\" data-end=\"2554\" \/>\n<h3 data-start=\"2556\" data-end=\"2579\"><strong data-start=\"2560\" data-end=\"2577\">1. Yunanistan<\/strong><\/h3>\n<p data-start=\"2580\" data-end=\"2804\">Schengen \u00fclkesi oldu\u011fu i\u00e7in <strong data-start=\"2608\" data-end=\"2647\">seyahat sa\u011fl\u0131k sigortas\u0131 zorunludur<\/strong>.<br data-start=\"2648\" data-end=\"2651\" \/>30.000 Euro teminatl\u0131 bir poli\u00e7e talep edilir. Bu nedenle Yunanistan\u2019a gidecek herkesin <strong data-start=\"2739\" data-end=\"2777\">balkanlar seyahat sa\u011fl\u0131k sigortas\u0131<\/strong> yapt\u0131rmas\u0131 gerekir.<\/p>\n<hr data-start=\"2943\" data-end=\"2946\" \/>\n<h3 data-start=\"2948\" data-end=\"2972\"><strong data-start=\"2952\" data-end=\"2970\">2. Bulgaristan<\/strong><\/h3>\n<p data-start=\"2973\" data-end=\"3113\">Bulgaristan, Avrupa Birli\u011fi \u00fcyesi olmas\u0131n\u0131n yan\u0131 s\u0131ra Schengen b\u00f6lgesine dahil oldu\u011fu i\u00e7in \u00fclkeye giri\u015fte seyahat sa\u011fl\u0131k sigortas\u0131 zorunludur. Minimum teminat \u015fart\u0131n\u0131 kar\u015f\u0131layan bir sigorta bulunmas\u0131 \u00f6zellikle uzun s\u00fcreli konaklamalarda titizlikle kontrol edilir.<\/p>\n<hr data-start=\"3115\" data-end=\"3118\" \/>\n<h3 data-start=\"3120\" data-end=\"3143\"><strong data-start=\"3124\" data-end=\"3141\">3. Arnavutluk<\/strong><\/h3>\n<p data-start=\"3144\" data-end=\"3315\">Arnavutluk vizesizdir. Zorunlu sigorta talep etmez ama s\u0131n\u0131r g\u00f6revlilerinin zaman zaman sigorta sorabildi\u011fi bilinir.<br data-start=\"3260\" data-end=\"3263\" \/>Sa\u011fl\u0131k hizmetleri pahal\u0131 oldu\u011fu i\u00e7in tavsiye edilir.<\/p>\n<hr data-start=\"3317\" data-end=\"3320\" \/>\n<h3 data-start=\"3322\" data-end=\"3355\"><strong data-start=\"3326\" data-end=\"3353\">4. Karada\u011f (Montenegro)<\/strong><\/h3>\n<p><img decoding=\"async\" class=\"aligncenter size-full wp-image-3252\" src=\"https:\/\/seyahatpolicesi.com\/blog\/wp-content\/uploads\/2025\/12\/karadag-seyahat-saglik-sigortasi-istiyor-mu.png\" alt=\"\" width=\"800\" height=\"400\" srcset=\"https:\/\/seyahatpolicesi.com\/blog\/wp-content\/uploads\/2025\/12\/karadag-seyahat-saglik-sigortasi-istiyor-mu.png 800w, https:\/\/seyahatpolicesi.com\/blog\/wp-content\/uploads\/2025\/12\/karadag-seyahat-saglik-sigortasi-istiyor-mu-300x150.png 300w, https:\/\/seyahatpolicesi.com\/blog\/wp-content\/uploads\/2025\/12\/karadag-seyahat-saglik-sigortasi-istiyor-mu-528x264.png 528w\" sizes=\"(max-width: 800px) 100vw, 800px\" \/><\/p>\n<p data-start=\"3356\" data-end=\"3427\">T\u00fcrkiye\u2019ye vize uygulamaya ba\u015flam\u0131\u015ft\u0131r, bu nedenle art\u0131k <strong data-start=\"84\" data-end=\"127\">seyahat sa\u011fl\u0131k sigortas\u0131 fiilen zorunlu<\/strong> hale gelmi\u015ftir. Konsolosluk, vize ba\u015fvurusunda sigorta poli\u00e7esi talep eder.<\/p>\n<hr data-start=\"3429\" data-end=\"3432\" \/>\n<h3 data-start=\"3434\" data-end=\"3459\"><strong data-start=\"3438\" data-end=\"3457\">5. Bosna-Hersek<\/strong><\/h3>\n<p data-start=\"3460\" data-end=\"3591\">Vizesizdir, sigorta zorunlu tutulmaz. Fakat olas\u0131 sa\u011fl\u0131k riskleri nedeniyle <strong data-start=\"3536\" data-end=\"3574\">balkanlar seyahat sa\u011fl\u0131k sigortas\u0131<\/strong> \u00f6nerilir.<\/p>\n<hr data-start=\"3593\" data-end=\"3596\" \/>\n<h3 data-start=\"3598\" data-end=\"3620\"><strong data-start=\"3602\" data-end=\"3618\">6. S\u0131rbistan<\/strong><\/h3>\n<p data-start=\"3621\" data-end=\"3704\">Zorunlu de\u011fildir ancak bir\u00e7ok seyahat acentesi kat\u0131l\u0131m s\u0131ras\u0131nda poli\u00e7e talep eder.<\/p>\n<hr data-start=\"3706\" data-end=\"3709\" \/>\n<h3 data-start=\"3711\" data-end=\"3739\"><strong data-start=\"3715\" data-end=\"3737\">7. Kuzey Makedonya<\/strong><\/h3>\n<p data-start=\"3740\" data-end=\"3831\">S\u0131n\u0131r kontrol\u00fcnde sigorta sorulmas\u0131 nadiren de olsa ya\u015fanabilir. Bu nedenle \u00f6nerilmektedir.<\/p>\n<hr data-start=\"3833\" data-end=\"3836\" \/>\n<h3 data-start=\"3838\" data-end=\"3857\"><strong data-start=\"3842\" data-end=\"3855\">8. Kosova<\/strong><\/h3>\n<p data-start=\"3858\" data-end=\"3901\">Zorunlu de\u011fildir ve giri\u015f olduk\u00e7a kolayd\u0131r.<\/p>\n<h3 data-start=\"232\" data-end=\"256\"><strong data-start=\"236\" data-end=\"254\">9. H\u0131rvatistan<\/strong><\/h3>\n<p data-start=\"257\" data-end=\"404\">AB ve <strong data-start=\"263\" data-end=\"282\">Schengen \u00fclkesi<\/strong> oldu\u011fu i\u00e7in <strong data-start=\"295\" data-end=\"334\">seyahat sa\u011fl\u0131k sigortas\u0131 zorunludur<\/strong>. \u00dclkeye giri\u015fte veya vize s\u00fcre\u00e7lerinde sigorta poli\u00e7esi talep edilir.<\/p>\n<h3 data-start=\"406\" data-end=\"427\"><strong data-start=\"410\" data-end=\"425\">10. Romanya<\/strong><\/h3>\n<p data-start=\"428\" data-end=\"647\">Romanya, AB \u00fcyesi olup <strong data-start=\"40\" data-end=\"101\">1 Ocak 2025 itibar\u0131yla Schengen B\u00f6lgesi\u2019ne dahil olmu\u015ftur<\/strong>. Bu nedenle \u00fclkeye giri\u015f yaparken <strong data-start=\"136\" data-end=\"175\">seyahat sa\u011fl\u0131k sigortas\u0131 zorunludur<\/strong>. Vize ba\u015fvurular\u0131nda ve s\u0131n\u0131r ge\u00e7i\u015flerinde sigorta poli\u00e7esi talep edilebilir. Schengen standartlar\u0131na uygun bir poli\u00e7e ile seyahat etmek gereklidir.<\/p>\n<h3 data-start=\"649\" data-end=\"671\"><strong data-start=\"653\" data-end=\"669\">11. Slovenya<\/strong><\/h3>\n<p data-start=\"672\" data-end=\"823\"><strong data-start=\"672\" data-end=\"698\">Schengen b\u00f6lgesindedir<\/strong>, bu nedenle <strong data-start=\"711\" data-end=\"750\">seyahat sa\u011fl\u0131k sigortas\u0131 zorunludur<\/strong>. \u00dclkeye giri\u015flerde ve vize ba\u015fvurular\u0131nda poli\u00e7e mutlaka kontrol edilir.<\/p>\n<h2 data-start=\"178\" data-end=\"252\"><strong>Balkan \u00dclkeleri \u2013 Seyahat Sa\u011fl\u0131k Sigortas\u0131 Zorunluluk Tablosu (2025)<\/strong><\/h2>\n<div class=\"TyagGW_tableContainer\">\n<table class=\"w-fit min-w-(--thread-content-width)\" data-start=\"276\" data-end=\"1653\">\n<thead data-start=\"276\" data-end=\"346\">\n<tr data-start=\"276\" data-end=\"346\">\n<th data-start=\"276\" data-end=\"287\" data-col-size=\"sm\"><strong data-start=\"278\" data-end=\"286\">\u00dclke<\/strong><\/th>\n<th data-start=\"287\" data-end=\"330\" data-col-size=\"sm\"><strong data-start=\"289\" data-end=\"329\">Seyahat Sa\u011fl\u0131k Sigortas\u0131 Zorunlu mu?<\/strong><\/th>\n<th data-start=\"330\" data-end=\"346\" data-col-size=\"md\"><strong data-start=\"332\" data-end=\"344\">A\u00e7\u0131klama<\/strong><\/th>\n<\/tr>\n<\/thead>\n<tbody data-start=\"417\" data-end=\"1653\">\n<tr data-start=\"417\" data-end=\"511\">\n<td data-start=\"417\" data-end=\"434\" data-col-size=\"sm\"><strong data-start=\"419\" data-end=\"433\">Yunanistan<\/strong><\/td>\n<td data-col-size=\"sm\" data-start=\"434\" data-end=\"455\"><strong data-start=\"436\" data-end=\"454\">Evet (Zorunlu)<\/strong><\/td>\n<td data-col-size=\"md\" data-start=\"455\" data-end=\"511\">Schengen \u00fclkesidir; 30.000 \u20ac teminatl\u0131 sigorta \u015fart.<\/td>\n<\/tr>\n<tr data-start=\"512\" data-end=\"619\">\n<td data-start=\"512\" data-end=\"530\" data-col-size=\"sm\"><strong data-start=\"514\" data-end=\"529\">Bulgaristan<\/strong><\/td>\n<td data-col-size=\"sm\" data-start=\"530\" data-end=\"551\"><strong data-start=\"532\" data-end=\"550\">Evet (Zorunlu)<\/strong><\/td>\n<td data-col-size=\"md\" data-start=\"551\" data-end=\"619\">Schengen b\u00f6lgesine dahil oldu\u011fu i\u00e7in giri\u015fte sigorta zorunludur.<\/td>\n<\/tr>\n<tr data-start=\"620\" data-end=\"725\">\n<td data-start=\"620\" data-end=\"638\" data-col-size=\"sm\"><strong data-start=\"622\" data-end=\"637\">H\u0131rvatistan<\/strong><\/td>\n<td data-col-size=\"sm\" data-start=\"638\" data-end=\"659\"><strong data-start=\"640\" data-end=\"658\">Evet (Zorunlu)<\/strong><\/td>\n<td data-col-size=\"md\" data-start=\"659\" data-end=\"725\">Schengen \u00fcyesi; vize ve giri\u015f s\u00fcre\u00e7lerinde sigorta gereklidir.<\/td>\n<\/tr>\n<tr data-start=\"726\" data-end=\"846\">\n<td data-start=\"726\" data-end=\"740\" data-col-size=\"sm\"><strong data-start=\"728\" data-end=\"739\">Romanya<\/strong><\/td>\n<td data-col-size=\"sm\" data-start=\"740\" data-end=\"761\"><strong data-start=\"742\" data-end=\"760\">Evet (Zorunlu)<\/strong><\/td>\n<td data-col-size=\"md\" data-start=\"761\" data-end=\"846\"><strong data-start=\"763\" data-end=\"806\">1 Ocak 2025\u2019ten itibaren Schengen \u00fcyesi<\/strong>; Schengen\u2019e uygun sigorta zorunludur.<\/td>\n<\/tr>\n<tr data-start=\"847\" data-end=\"951\">\n<td data-start=\"847\" data-end=\"862\" data-col-size=\"sm\"><strong data-start=\"849\" data-end=\"861\">Slovenya<\/strong><\/td>\n<td data-col-size=\"sm\" data-start=\"862\" data-end=\"883\"><strong data-start=\"864\" data-end=\"882\">Evet (Zorunlu)<\/strong><\/td>\n<td data-col-size=\"md\" data-start=\"883\" data-end=\"951\">Schengen \u00fclkesi; giri\u015flerde ve vize ba\u015fvurusunda poli\u00e7e istenir.<\/td>\n<\/tr>\n<tr data-start=\"952\" data-end=\"1073\">\n<td data-start=\"952\" data-end=\"968\" data-col-size=\"sm\"><strong data-start=\"954\" data-end=\"967\">S\u0131rbistan<\/strong><\/td>\n<td data-col-size=\"sm\" data-start=\"968\" data-end=\"996\"><strong data-start=\"970\" data-end=\"995\">Hay\u0131r (Zorunlu de\u011fil)<\/strong><\/td>\n<td data-col-size=\"md\" data-start=\"996\" data-end=\"1073\">Vizesizdir; sigorta zorunlu olmasa da \u00f6nerilir. Nadiren kontrol olabilir.<\/td>\n<\/tr>\n<tr data-start=\"1074\" data-end=\"1211\">\n<td data-start=\"1074\" data-end=\"1101\" data-col-size=\"sm\"><strong data-start=\"1076\" data-end=\"1100\">Karada\u011f (Montenegro)<\/strong><\/td>\n<td data-col-size=\"sm\" data-start=\"1101\" data-end=\"1122\"><strong data-start=\"1103\" data-end=\"1121\">Evet (Zorunlu)<\/strong><\/td>\n<td data-col-size=\"md\" data-start=\"1122\" data-end=\"1211\">T\u00fcrkiye i\u00e7in <strong data-start=\"1137\" data-end=\"1166\">vize uygulamas\u0131na ge\u00e7ti\u011fi<\/strong> i\u00e7in vize ba\u015fvurusunda sigorta zorunludur.<\/td>\n<\/tr>\n<tr data-start=\"1212\" data-end=\"1313\">\n<td data-start=\"1212\" data-end=\"1229\" data-col-size=\"sm\"><strong data-start=\"1214\" data-end=\"1228\">Arnavutluk<\/strong><\/td>\n<td data-col-size=\"sm\" data-start=\"1229\" data-end=\"1257\"><strong data-start=\"1231\" data-end=\"1256\">Hay\u0131r (Zorunlu de\u011fil)<\/strong><\/td>\n<td data-col-size=\"md\" data-start=\"1257\" data-end=\"1313\">Vizesizdir; sigorta zorunlu tutulmaz ancak \u00f6nerilir.<\/td>\n<\/tr>\n<tr data-start=\"1314\" data-end=\"1419\">\n<td data-start=\"1314\" data-end=\"1327\" data-col-size=\"sm\"><strong data-start=\"1316\" data-end=\"1326\">Kosova<\/strong><\/td>\n<td data-col-size=\"sm\" data-start=\"1327\" data-end=\"1355\"><strong data-start=\"1329\" data-end=\"1354\">Hay\u0131r (Zorunlu de\u011fil)<\/strong><\/td>\n<td data-col-size=\"md\" data-start=\"1355\" data-end=\"1419\">Vizesizdir; giri\u015fte genelde sorulmaz ancak sigorta \u00f6nerilir.<\/td>\n<\/tr>\n<tr data-start=\"1420\" data-end=\"1544\">\n<td data-start=\"1420\" data-end=\"1439\" data-col-size=\"sm\"><strong data-start=\"1422\" data-end=\"1438\">Bosna-Hersek<\/strong><\/td>\n<td data-col-size=\"sm\" data-start=\"1439\" data-end=\"1467\"><strong data-start=\"1441\" data-end=\"1466\">Hay\u0131r (Zorunlu de\u011fil)<\/strong><\/td>\n<td data-col-size=\"md\" data-start=\"1467\" data-end=\"1544\">Vizesiz giri\u015f; zorunluluk yok fakat sa\u011fl\u0131k masraflar\u0131 nedeniyle \u00f6nerilir.<\/td>\n<\/tr>\n<tr data-start=\"1545\" data-end=\"1653\">\n<td data-start=\"1545\" data-end=\"1567\" data-col-size=\"sm\"><strong data-start=\"1547\" data-end=\"1566\">Kuzey Makedonya<\/strong><\/td>\n<td data-col-size=\"sm\" data-start=\"1567\" data-end=\"1595\"><strong data-start=\"1569\" data-end=\"1594\">Hay\u0131r (Zorunlu de\u011fil)<\/strong><\/td>\n<td data-col-size=\"md\" data-start=\"1595\" data-end=\"1653\">Sigorta mecburi de\u011fildir; nadiren s\u0131n\u0131rda sorulabilir.<\/td>\n<\/tr>\n<\/tbody>\n<\/table>\n<\/div>\n<div style=\"background: #EAF0FF; border: 2px solid #3C5BFF; border-radius: 12px; padding: 20px; text-align: center; font-family: Arial, Helvetica, sans-serif; max-width: 680px; margin: 24px auto; color: #3c5bff;\">\n<div class=\"text-base my-auto mx-auto pb-10 [--thread-content-margin:--spacing(4)] @w-sm\/main:[--thread-content-margin:--spacing(6)] @w-lg\/main:[--thread-content-margin:--spacing(16)] px-(--thread-content-margin)\">\n<div class=\"[--thread-content-max-width:40rem] @w-lg\/main:[--thread-content-max-width:48rem] mx-auto max-w-(--thread-content-max-width) flex-1 group\/turn-messages focus-visible:outline-hidden relative flex w-full min-w-0 flex-col agent-turn\" tabindex=\"-1\">\n<div class=\"flex max-w-full flex-col grow\">\n<div class=\"min-h-8 text-message relative flex w-full flex-col items-end gap-2 text-start break-words whitespace-normal [.text-message+&amp;]:mt-1\" dir=\"auto\" data-message-author-role=\"assistant\" data-message-id=\"985c48b9-497b-45ce-97a3-5e0a35f45054\" data-message-model-slug=\"gpt-5-1\">\n<div class=\"flex w-full flex-col gap-1 empty:hidden first:pt-[1px]\">\n<div class=\"markdown prose dark:prose-invert w-full break-words light markdown-new-styling\">\n<div class=\"text-base my-auto mx-auto pb-10 [--thread-content-margin:--spacing(4)] @w-sm\/main:[--thread-content-margin:--spacing(6)] @w-lg\/main:[--thread-content-margin:--spacing(16)] px-(--thread-content-margin)\">\n<div class=\"[--thread-content-max-width:40rem] @w-lg\/main:[--thread-content-max-width:48rem] mx-auto max-w-(--thread-content-max-width) flex-1 group\/turn-messages focus-visible:outline-hidden relative flex w-full min-w-0 flex-col agent-turn\" tabindex=\"-1\">\n<div class=\"flex max-w-full flex-col grow\">\n<div class=\"min-h-8 text-message relative flex w-full flex-col items-end gap-2 text-start break-words whitespace-normal [.text-message+&amp;]:mt-1\" dir=\"auto\" data-message-author-role=\"assistant\" data-message-id=\"985c48b9-497b-45ce-97a3-5e0a35f45054\" data-message-model-slug=\"gpt-5-1\">\n<div class=\"flex w-full flex-col gap-1 empty:hidden first:pt-[1px]\">\n<div class=\"markdown prose dark:prose-invert w-full break-words light markdown-new-styling\">\n<p data-start=\"0\" data-end=\"178\" data-is-last-node=\"\" data-is-only-node=\"\">Balkan \u00fclkelerine yapaca\u011f\u0131n\u0131z seyahatlerde, giri\u015f \u015fartlar\u0131na uygun bir seyahat sa\u011fl\u0131k sigortas\u0131na sahip olmak b\u00fcy\u00fck kolayl\u0131k sa\u011flar. Tek bir poli\u00e7e ile t\u00fcm rotan\u0131z\u0131 g\u00fcvence alt\u0131na alabilir, s\u0131n\u0131r ge\u00e7i\u015flerinde sorun ya\u015famadan yolculu\u011funuza devam edebilirsiniz.<\/p>\n<\/div>\n<\/div>\n<\/div>\n<\/div>\n<\/div>\n<\/div>\n<p><a style=\"display: inline-block; background: #FF4F9A; color: #fff; padding: 12px 24px; border-radius: 10px; font-size: 16px; font-weight: bold; text-decoration: none; box-shadow: 0 2px 8px rgba(0,0,0,.08);\" href=\"https:\/\/seyahatpolicesi.com\/seyahat-saglik-sigortasi\" target=\"_blank\" rel=\"noopener\">Balkanlar i\u00e7in hemen poli\u00e7eni olu\u015ftur<\/a><\/p>\n<\/div>\n<\/div>\n<\/div>\n<\/div>\n<\/div>\n<\/div>\n<\/div>\n<h2 data-start=\"3908\" data-end=\"3964\"><strong>Balkan Turu Yapacaklar i\u00e7in Sigorta Neden \u00d6nemli?<\/strong><\/h2>\n<p data-start=\"202\" data-end=\"606\">Balkanlar bir\u00e7ok \u00fclkenin yer ald\u0131\u011f\u0131 bir rota oldu\u011fu i\u00e7in, bir \u00fclkeden di\u011ferine ge\u00e7i\u015fte farkl\u0131 giri\u015f kurallar\u0131yla kar\u015f\u0131la\u015fabilirsiniz. \u00d6rne\u011fin S\u0131rbistan\u2019dan Bulgaristan\u2019a, oradan Yunanistan\u2019a ge\u00e7erken <strong data-start=\"402\" data-end=\"440\">baz\u0131 \u00fclkelerin sigorta zorunlulu\u011fu<\/strong>, baz\u0131 \u00fclkelerin ise iste\u011fe ba\u011fl\u0131 uygulamas\u0131 bulunur. Bu nedenle t\u00fcm Balkan turunu kapsayan ge\u00e7erli bir poli\u00e7e almak hem pratik hem de b\u00fct\u00e7e a\u00e7\u0131s\u0131ndan avantaj sa\u011flar.<\/p>\n<p data-start=\"608\" data-end=\"626\">B\u00f6lgede \u00f6zellikle:<\/p>\n<ul data-start=\"628\" data-end=\"878\">\n<li data-start=\"628\" data-end=\"651\">\n<p data-start=\"630\" data-end=\"651\">Ani hastal\u0131klar<\/p>\n<\/li>\n<li data-start=\"652\" data-end=\"714\">\n<p data-start=\"654\" data-end=\"714\">Yolculuk s\u0131ras\u0131nda ortaya \u00e7\u0131kabilecek sa\u011fl\u0131k sorunlar\u0131<\/p>\n<\/li>\n<li data-start=\"715\" data-end=\"762\">\n<p data-start=\"717\" data-end=\"762\">Acil t\u0131bbi m\u00fcdahale gerektiren durumlar<\/p>\n<\/li>\n<li data-start=\"763\" data-end=\"812\">\n<p data-start=\"765\" data-end=\"812\">Hastaneye yat\u0131\u015f gerektiren rahats\u0131zl\u0131klar<\/p>\n<\/li>\n<li data-start=\"813\" data-end=\"878\">\n<p data-start=\"815\" data-end=\"878\">\u00dclkeye geri d\u00f6n\u00fc\u015f\u00fcn t\u0131bbi nedenlerle zorunlu h\u00e2le gelmesi<\/p>\n<\/li>\n<\/ul>\n<p data-start=\"880\" data-end=\"918\">gibi durumlarla kar\u015f\u0131la\u015fmak m\u00fcmk\u00fcnd\u00fcr.<\/p>\n<p data-start=\"920\" data-end=\"1048\" data-is-last-node=\"\" data-is-only-node=\"\">Bu nedenle balkanlar seyahat sa\u011fl\u0131k sigortas\u0131, olas\u0131 sa\u011fl\u0131k risklerine kar\u015f\u0131 g\u00fcvenli ve sorunsuz bir seyahat deneyimi sunar.<\/p>\n<h2 data-start=\"4613\" data-end=\"4669\"><strong>Balkanlar Seyahat Sa\u011fl\u0131k Sigortas\u0131 Neleri Kapsar?<\/strong><\/h2>\n<p><img decoding=\"async\" class=\"aligncenter size-full wp-image-3253\" src=\"https:\/\/seyahatpolicesi.com\/blog\/wp-content\/uploads\/2025\/12\/balkanlar-seyahat-saglik-sigortasi-neleri-kapsar.png\" alt=\"\" width=\"800\" height=\"400\" srcset=\"https:\/\/seyahatpolicesi.com\/blog\/wp-content\/uploads\/2025\/12\/balkanlar-seyahat-saglik-sigortasi-neleri-kapsar.png 800w, https:\/\/seyahatpolicesi.com\/blog\/wp-content\/uploads\/2025\/12\/balkanlar-seyahat-saglik-sigortasi-neleri-kapsar-300x150.png 300w, https:\/\/seyahatpolicesi.com\/blog\/wp-content\/uploads\/2025\/12\/balkanlar-seyahat-saglik-sigortasi-neleri-kapsar-528x264.png 528w\" sizes=\"(max-width: 800px) 100vw, 800px\" \/><\/p>\n<p data-start=\"185\" data-end=\"382\">Bir\u00e7ok ki\u015fi seyahat s\u0131ras\u0131nda kar\u015f\u0131la\u015fabilece\u011fi sa\u011fl\u0131k risklerinin ne \u00f6l\u00e7\u00fcde kar\u015f\u0131land\u0131\u011f\u0131n\u0131 merak eder. Standart bir balkanlar seyahat sa\u011fl\u0131k sigortas\u0131, genellikle a\u015fa\u011f\u0131daki teminatlar\u0131 i\u00e7erir:<\/p>\n<ul data-start=\"384\" data-end=\"710\">\n<li data-start=\"384\" data-end=\"444\">\n<p data-start=\"386\" data-end=\"444\">Acil durumlarda ayakta veya yatarak tedavi giderleri<\/p>\n<\/li>\n<li data-start=\"445\" data-end=\"493\">\n<p data-start=\"447\" data-end=\"493\">Acil ambulans ve t\u0131bbi ula\u015f\u0131m hizmetleri<\/p>\n<\/li>\n<li data-start=\"494\" data-end=\"583\">\n<p data-start=\"496\" data-end=\"583\">Hayati risk ta\u015f\u0131yan durumlarda t\u0131bbi nakil veya sa\u011fl\u0131k kurulu\u015flar\u0131 aras\u0131 transfer<\/p>\n<\/li>\n<li data-start=\"584\" data-end=\"634\">\n<p data-start=\"586\" data-end=\"634\">Vefat durumunda cenazenin T\u00fcrkiye\u2019ye nakli<\/p>\n<\/li>\n<li data-start=\"635\" data-end=\"710\">\n<p data-start=\"637\" data-end=\"710\">Sigortan\u0131n kapsad\u0131\u011f\u0131 tedavi kapsam\u0131nda gerekli g\u00f6r\u00fclen ila\u00e7 giderleri<\/p>\n<\/li>\n<\/ul>\n<p data-start=\"712\" data-end=\"934\" data-is-last-node=\"\" data-is-only-node=\"\">Sigortan\u0131n kapsam\u0131, ziyaret etti\u011finiz \u00fclkeye g\u00f6re de\u011fi\u015fmez; hangi \u015firketten, hangi plan\u0131 ald\u0131\u011f\u0131n\u0131z kapsam\u0131 belirler. Bu nedenle poli\u00e7e se\u00e7erken teminat limitleri y\u00fcksek ve kapsam\u0131 geni\u015f bir plan tercih etmek \u00f6nemlidir.<\/p>\n<h2 data-start=\"5215\" data-end=\"5288\"><strong>2025 G\u00fcncel Fiyatlar: <a href=\"https:\/\/seyahatpolicesi.com\/seyahat-saglik-sigortasi\">Balkanlar Seyahat Sa\u011fl\u0131k Sigortas\u0131<\/a> Ne Kadar?<\/strong><\/h2>\n<p data-start=\"242\" data-end=\"461\">Balkan \u00fclkelerine yap\u0131lacak seyahatlerde sigorta fiyatlar\u0131; <strong data-start=\"302\" data-end=\"371\">seyahat s\u00fcresi, ya\u015f, teminat kapsam\u0131 ve se\u00e7ilen sigorta \u015firketine<\/strong> g\u00f6re de\u011fi\u015fiklik g\u00f6sterir. Ancak genel olarak 2025 y\u0131l\u0131 fiyatlar\u0131 olduk\u00e7a ula\u015f\u0131labilirdir.<\/p>\n<h3 data-start=\"463\" data-end=\"502\"><strong data-start=\"467\" data-end=\"500\">Piyasa Genel Fiyatlar\u0131 (2025)<\/strong><\/h3>\n<p data-start=\"503\" data-end=\"568\">Piyasada Balkan seyahatleri i\u00e7in ortalama fiyatlar \u015fu \u015fekildedir:<\/p>\n<ul data-start=\"570\" data-end=\"709\">\n<li data-start=\"570\" data-end=\"618\">\n<p data-start=\"572\" data-end=\"618\"><strong data-start=\"572\" data-end=\"603\">1 haftal\u0131k Balkan seyahati:<\/strong> 350 \u2013 550 TL<\/p>\n<\/li>\n<li data-start=\"619\" data-end=\"665\">\n<p data-start=\"621\" data-end=\"665\"><strong data-start=\"621\" data-end=\"650\">10\u201315 g\u00fcnl\u00fck Balkan turu:<\/strong> 450 \u2013 700 TL<\/p>\n<\/li>\n<li data-start=\"666\" data-end=\"709\">\n<p data-start=\"668\" data-end=\"709\"><strong data-start=\"668\" data-end=\"694\">1 ayl\u0131k Balkan gezisi:<\/strong> 650 \u2013 900 TL<\/p>\n<\/li>\n<\/ul>\n<p data-start=\"711\" data-end=\"792\">Bu fiyatlar \u00e7o\u011fu sigorta \u015firketinin sundu\u011fu temel teminatlara g\u00f6re de\u011fi\u015fmektedir.<\/p>\n<h2 data-start=\"799\" data-end=\"851\"><strong><a href=\"https:\/\/seyahatpolicesi.com\/seyahat-saglik-sigortasi\">Seyahatpolicesi.com<\/a> G\u00fcncel Fiyatlar\u0131 (2025)<\/strong><\/h2>\n<p data-start=\"852\" data-end=\"990\">Seyahatpolicesi.com olarak Balkanlar dahil t\u00fcm yurt d\u0131\u015f\u0131 seyahatleriniz i\u00e7in, \u00fclkelerin giri\u015f \u015fartlar\u0131na uygun ve sorunsuz kabul edilen poli\u00e7eleri en uygun fiyatlarla sunuyoruz.<\/p>\n<ul data-start=\"992\" data-end=\"1123\">\n<li data-start=\"992\" data-end=\"1038\">\n<p data-start=\"994\" data-end=\"1038\"><strong data-start=\"994\" data-end=\"1025\">1 haftal\u0131k Balkan seyahati:<\/strong> 170<strong data-start=\"1026\" data-end=\"1036\">\u00a0TL<\/strong><\/p>\n<\/li>\n<li data-start=\"1039\" data-end=\"1083\">\n<p data-start=\"1041\" data-end=\"1083\"><strong data-start=\"1041\" data-end=\"1070\">10\u201315 g\u00fcnl\u00fck Balkan turu:<\/strong> <strong data-start=\"1071\" data-end=\"1081\">200 TL<\/strong><\/p>\n<\/li>\n<li data-start=\"1084\" data-end=\"1123\">\n<p data-start=\"1086\" data-end=\"1123\"><strong data-start=\"1086\" data-end=\"1112\">1 ayl\u0131k Balkan gezisi:<\/strong> <strong data-start=\"1113\" data-end=\"1123\">225 TL<\/strong><\/p>\n<\/li>\n<\/ul>\n<blockquote>\n<p data-start=\"1125\" data-end=\"1225\"><strong data-start=\"1125\" data-end=\"1137\">Avantaj:<\/strong><br data-start=\"1137\" data-end=\"1140\" \/>Piyasa fiyatlar\u0131na g\u00f6re %50\u201370 daha avantajl\u0131 fiyatlarla poli\u00e7e sunuyoruz.<\/p>\n<\/blockquote>\n<h3 data-start=\"1232\" data-end=\"1250\"><strong data-start=\"1236\" data-end=\"1250\">Neden Biz?<\/strong><\/h3>\n<ul data-start=\"1251\" data-end=\"1401\">\n<li data-start=\"1251\" data-end=\"1311\">\n<p data-start=\"1253\" data-end=\"1311\">30.000 \u20ac teminatl\u0131, Balkan \u00fclkelerinde ge\u00e7erli poli\u00e7eler<\/p>\n<\/li>\n<li data-start=\"1312\" data-end=\"1355\">\n<p data-start=\"1314\" data-end=\"1355\">Seyahat \u00f6ncesi ve s\u0131ras\u0131nda 7\/24 destek<\/p>\n<\/li>\n<li data-start=\"1356\" data-end=\"1401\">\n<p data-start=\"1358\" data-end=\"1401\">Online an\u0131nda sat\u0131n alma &amp; poli\u00e7e teslimi<\/p>\n<\/li>\n<\/ul>\n<div style=\"background: #EAF0FF; border: 2px solid #3C5BFF; border-radius: 12px; padding: 20px; text-align: center; font-family: Arial, Helvetica, sans-serif; max-width: 680px; margin: 24px auto; color: #3c5bff;\">\n<div class=\"text-base my-auto mx-auto pb-10 [--thread-content-margin:--spacing(4)] @w-sm\/main:[--thread-content-margin:--spacing(6)] @w-lg\/main:[--thread-content-margin:--spacing(16)] px-(--thread-content-margin)\">\n<div class=\"[--thread-content-max-width:40rem] @w-lg\/main:[--thread-content-max-width:48rem] mx-auto max-w-(--thread-content-max-width) flex-1 group\/turn-messages focus-visible:outline-hidden relative flex w-full min-w-0 flex-col agent-turn\" tabindex=\"-1\">\n<div class=\"flex max-w-full flex-col grow\">\n<div class=\"min-h-8 text-message relative flex w-full flex-col items-end gap-2 text-start break-words whitespace-normal [.text-message+&amp;]:mt-1\" dir=\"auto\" data-message-author-role=\"assistant\" data-message-id=\"985c48b9-497b-45ce-97a3-5e0a35f45054\" data-message-model-slug=\"gpt-5-1\">\n<div class=\"flex w-full flex-col gap-1 empty:hidden first:pt-[1px]\">\n<div class=\"markdown prose dark:prose-invert w-full break-words light markdown-new-styling\">\n<div class=\"text-base my-auto mx-auto pb-10 [--thread-content-margin:--spacing(4)] @w-sm\/main:[--thread-content-margin:--spacing(6)] @w-lg\/main:[--thread-content-margin:--spacing(16)] px-(--thread-content-margin)\">\n<div class=\"[--thread-content-max-width:40rem] @w-lg\/main:[--thread-content-max-width:48rem] mx-auto max-w-(--thread-content-max-width) flex-1 group\/turn-messages focus-visible:outline-hidden relative flex w-full min-w-0 flex-col agent-turn\" tabindex=\"-1\">\n<div class=\"flex max-w-full flex-col grow\">\n<div class=\"min-h-8 text-message relative flex w-full flex-col items-end gap-2 text-start break-words whitespace-normal [.text-message+&amp;]:mt-1\" dir=\"auto\" data-message-author-role=\"assistant\" data-message-id=\"985c48b9-497b-45ce-97a3-5e0a35f45054\" data-message-model-slug=\"gpt-5-1\">\n<div class=\"flex w-full flex-col gap-1 empty:hidden first:pt-[1px]\">\n<div class=\"markdown prose dark:prose-invert w-full break-words light markdown-new-styling\">\n<p data-start=\"0\" data-end=\"178\" data-is-last-node=\"\" data-is-only-node=\"\">Balkan yolculuklar\u0131nda ge\u00e7erli bir sigorta b\u00fcy\u00fck kolayl\u0131k sa\u011flar. <strong data-start=\"130\" data-end=\"138\">Seyahat Poli\u00e7esi<\/strong>, t\u00fcm Balkan rotas\u0131nda ge\u00e7erli uygun fiyatl\u0131 poli\u00e7eleri h\u0131zl\u0131ca sunar.<\/p>\n<\/div>\n<\/div>\n<\/div>\n<\/div>\n<\/div>\n<\/div>\n<p><a style=\"display: inline-block; background: #FF4F9A; color: #fff; padding: 12px 24px; border-radius: 10px; font-size: 16px; font-weight: bold; text-decoration: none; box-shadow: 0 2px 8px rgba(0,0,0,.08);\" href=\"https:\/\/seyahatpolicesi.com\/seyahat-saglik-sigortasi\" target=\"_blank\" rel=\"noopener\">Balkanlar i\u00e7in poli\u00e7eni Sepo ile hemen olu\u015ftur!<\/a><\/p>\n<\/div>\n<\/div>\n<\/div>\n<\/div>\n<\/div>\n<\/div>\n<\/div>\n<h2 data-start=\"5812\" data-end=\"5875\"><strong>Kimin Seyahat Sigortas\u0131 Yapt\u0131rmas\u0131 \u00d6zellikle Gereklidir?<\/strong><\/h2>\n<p><img loading=\"lazy\" decoding=\"async\" class=\"aligncenter size-full wp-image-3256\" src=\"https:\/\/seyahatpolicesi.com\/blog\/wp-content\/uploads\/2025\/12\/bulgaristan-seyahat-saglik-sigortasi.png\" alt=\"\" width=\"800\" height=\"400\" srcset=\"https:\/\/seyahatpolicesi.com\/blog\/wp-content\/uploads\/2025\/12\/bulgaristan-seyahat-saglik-sigortasi.png 800w, https:\/\/seyahatpolicesi.com\/blog\/wp-content\/uploads\/2025\/12\/bulgaristan-seyahat-saglik-sigortasi-300x150.png 300w, https:\/\/seyahatpolicesi.com\/blog\/wp-content\/uploads\/2025\/12\/bulgaristan-seyahat-saglik-sigortasi-528x264.png 528w\" sizes=\"(max-width: 800px) 100vw, 800px\" \/><\/p>\n<p data-start=\"255\" data-end=\"333\">Baz\u0131 yolcular i\u00e7in seyahat sigortas\u0131 yapt\u0131rmak <strong data-start=\"302\" data-end=\"321\">\u00e7ok daha kritik<\/strong> hale gelir:<\/p>\n<ul data-start=\"335\" data-end=\"948\">\n<li data-start=\"335\" data-end=\"494\">\n<p data-start=\"337\" data-end=\"494\"><strong data-start=\"337\" data-end=\"365\">65 ya\u015f ve \u00fczeri yolcular<\/strong><br data-start=\"365\" data-end=\"368\" \/>Bu ya\u015f grubunda poli\u00e7eler ek primli olabilir, ancak olas\u0131 sa\u011fl\u0131k riskleri nedeniyle sigorta yapt\u0131rmalar\u0131 \u00f6zellikle \u00f6nerilir.<\/p>\n<\/li>\n<li data-start=\"496\" data-end=\"642\">\n<p data-start=\"498\" data-end=\"642\"><strong data-start=\"498\" data-end=\"528\">\u00c7oklu \u00fclke ge\u00e7i\u015fi yapanlar<\/strong><br data-start=\"528\" data-end=\"531\" \/>Balkan turlar\u0131 gibi birden fazla s\u0131n\u0131rdan ge\u00e7ilen seyahatlerde sigorta zorunlulu\u011fu ve kontrol ihtimali artar.<\/p>\n<\/li>\n<li data-start=\"644\" data-end=\"730\">\n<p data-start=\"646\" data-end=\"730\"><strong data-start=\"646\" data-end=\"675\">Grup turlar\u0131na kat\u0131lanlar<\/strong><br data-start=\"675\" data-end=\"678\" \/>Tur \u015firketleri \u00e7o\u011fu zaman sigortay\u0131 zorunlu tutar.<\/p>\n<\/li>\n<li data-start=\"732\" data-end=\"839\">\n<p data-start=\"734\" data-end=\"839\"><strong data-start=\"734\" data-end=\"770\">Tek ba\u015f\u0131na seyahat eden ki\u015filer<\/strong><br data-start=\"770\" data-end=\"773\" \/>Acil durumlarda g\u00fcvenli ve h\u0131zl\u0131 destek sa\u011flad\u0131\u011f\u0131 i\u00e7in \u00f6nerilir.<\/p>\n<\/li>\n<li data-start=\"841\" data-end=\"948\">\n<p data-start=\"843\" data-end=\"948\"><strong data-start=\"843\" data-end=\"875\">\u00c7ocukla seyahat eden aileler<\/strong><br data-start=\"875\" data-end=\"878\" \/>Ani sa\u011fl\u0131k ihtiya\u00e7lar\u0131nda maddi y\u00fck\u00fc azalt\u0131r ve pratik \u00e7\u00f6z\u00fcm sa\u011flar.<\/p>\n<\/li>\n<\/ul>\n<h2 data-start=\"6336\" data-end=\"6391\"><strong>Balkanlar Seyahat Sa\u011fl\u0131k Sigortas\u0131 Nas\u0131l Al\u0131n\u0131r?<\/strong><\/h2>\n<p data-start=\"6393\" data-end=\"6495\">Sigortay\u0131 birka\u00e7 ad\u0131mda kolayca sat\u0131n alabilirsiniz.<br data-start=\"6445\" data-end=\"6448\" \/>Bunun en h\u0131zl\u0131 yolu online poli\u00e7e sat\u0131n almak.<\/p>\n<blockquote>\n<p data-start=\"6393\" data-end=\"6495\"><strong data-start=\"6566\" data-end=\"6695\">Seyahat sa\u011fl\u0131k sigortas\u0131, yurtd\u0131\u015f\u0131nda ya\u015fanabilecek ani sa\u011fl\u0131k sorunlar\u0131na kar\u015f\u0131 sizi finansal olarak koruyan bir g\u00fcvencedir.<\/strong><\/p>\n<\/blockquote>\n<p data-start=\"6697\" data-end=\"6791\">Balkanlar seyahat sa\u011fl\u0131k sigortas\u0131 nas\u0131l al\u0131n\u0131r, ad\u0131m ad\u0131m a\u00e7\u0131kl\u0131yoruz.<\/p>\n<ol>\n<li data-start=\"121\" data-end=\"213\">\n<p data-start=\"124\" data-end=\"213\"><strong data-start=\"124\" data-end=\"140\">Siteye girin<\/strong><br data-start=\"140\" data-end=\"143\" \/><a href=\"https:\/\/seyahatpolicesi.com\/seyahat-saglik-sigortasi\">Seyahat Poli\u00e7esi<\/a> adresini a\u00e7\u0131n.<\/p>\n<\/li>\n<li data-start=\"215\" data-end=\"345\">\n<p data-start=\"218\" data-end=\"345\"><strong data-start=\"218\" data-end=\"240\">B\u00f6lge \/ \u00fclke se\u00e7in<\/strong><br data-start=\"240\" data-end=\"243\" \/>Gidece\u011finiz b\u00f6lgeyi ve \u00fclkeyi se\u00e7in (Schengen\u2019e girecekseniz Schengen se\u00e7ene\u011fi, \u00fclke schengen d\u0131\u015f\u0131ndaysa T\u00fcm D\u00fcnya se\u00e7ene\u011fini).<\/p>\n<\/li>\n<li data-start=\"347\" data-end=\"470\">\n<p data-start=\"350\" data-end=\"470\"><strong data-start=\"350\" data-end=\"379\">Seyahat tarihlerini girin<\/strong><br data-start=\"379\" data-end=\"382\" \/><strong data-start=\"385\" data-end=\"402\">Gidi\u015f \/ d\u00f6n\u00fc\u015f<\/strong> tarihlerini do\u011fru yaz\u0131n \u2014 poli\u00e7e bu tarihler aras\u0131nda ge\u00e7erli olur.<br \/>\n(Ayr\u0131ca bir\u00e7ok konsolosluk, vize ba\u015fvurular\u0131nda <strong data-start=\"249\" data-end=\"325\">gidi\u015f tarihinden 1 g\u00fcn \u00f6nce ba\u015flay\u0131p, d\u00f6n\u00fc\u015f tarihinden 1 g\u00fcn sonra biten<\/strong> bir poli\u00e7e ister.<br data-start=\"343\" data-end=\"346\" \/>Bu nedenle poli\u00e7enizi 1 g\u00fcn \u00f6ncesi ve 1 g\u00fcn sonras\u0131 olacak \u015fekilde d\u00fczenlemek hem g\u00fcvenlidir hem de vize s\u00fcre\u00e7lerinde sorun ya\u015faman\u0131z\u0131 engeller.)<\/p>\n<\/li>\n<li data-start=\"472\" data-end=\"607\">\n<p data-start=\"475\" data-end=\"607\"><strong data-start=\"475\" data-end=\"505\">Ki\u015fi say\u0131s\u0131 ve ya\u015f bilgisi<\/strong><br data-start=\"505\" data-end=\"508\" \/>Her yolcu i\u00e7in <strong data-start=\"526\" data-end=\"542\">do\u011fum tarihi<\/strong> ve ya\u015f bilgisi girin (65+ i\u00e7in ek prim olabilece\u011fini unutmay\u0131n).<\/p>\n<\/li>\n<li data-start=\"609\" data-end=\"762\">\n<p data-start=\"612\" data-end=\"762\"><strong data-start=\"612\" data-end=\"644\">TC kimlik\u00a0<\/strong><br data-start=\"644\" data-end=\"647\" \/>T.C. kimlik numaran\u0131z, ad\u2013soyad, do\u011fum tarihi ve ileti\u015fim bilgileriniz poli\u00e7e d\u00fczenlenmesi i\u00e7in yeterlidir.<br data-start=\"467\" data-end=\"470\" \/>Bu nedenle T.C. kimlik numaran\u0131z\u0131 do\u011fru girdi\u011finizden emin olun.<\/p>\n<\/li>\n<li data-start=\"764\" data-end=\"909\">\n<p data-start=\"767\" data-end=\"909\"><strong data-start=\"767\" data-end=\"803\">Ek teminat se\u00e7imi (iste\u011fe ba\u011fl\u0131)<\/strong><br data-start=\"803\" data-end=\"806\" \/>\u0130sterseniz <strong data-start=\"820\" data-end=\"838\">COVID <\/strong>ek teminat\u0131n\u0131 se\u00e7in \u2014 fiyat buna g\u00f6re g\u00fcncellenir.<\/p>\n<\/li>\n<li data-start=\"911\" data-end=\"1024\">\n<p data-start=\"914\" data-end=\"1024\"><strong data-start=\"914\" data-end=\"947\">\u0130leti\u015fim bilgileri ve e-posta<\/strong><br data-start=\"947\" data-end=\"950\" \/>Poli\u00e7e belgelerinin gelmesi i\u00e7in <strong data-start=\"986\" data-end=\"997\">e-posta<\/strong> ve telefon numaras\u0131 girin.<\/p>\n<\/li>\n<li data-start=\"1026\" data-end=\"1156\">\n<p data-start=\"1029\" data-end=\"1156\"><strong data-start=\"1029\" data-end=\"1067\">Poli\u00e7e \u00f6nizlemesi ve kapsama bak\u0131n<\/strong><br data-start=\"1067\" data-end=\"1070\" \/>\u00d6deme \u00f6ncesi poli\u00e7enin <strong data-start=\"1096\" data-end=\"1119\">teminat limitlerini<\/strong> ve istisnalar\u0131 h\u0131zl\u0131ca kontrol edin.<\/p>\n<\/li>\n<li data-start=\"1158\" data-end=\"1238\">\n<p data-start=\"1161\" data-end=\"1238\"><strong data-start=\"1161\" data-end=\"1176\">\u00d6deme yap\u0131n<\/strong><br data-start=\"1176\" data-end=\"1179\" \/>Kredi kart\u0131 veya banka kart\u0131 ile g\u00fcvenli \u015fekilde \u00f6deyin.<\/p>\n<\/li>\n<li data-start=\"1240\" data-end=\"1422\">\n<p data-start=\"1244\" data-end=\"1422\"><strong data-start=\"1244\" data-end=\"1277\">Poli\u00e7enizi indirin \/ yazd\u0131r\u0131n<\/strong><br data-start=\"1277\" data-end=\"1280\" \/>\u00d6deme sonras\u0131 poli\u00e7e PDF\u2019si hemen e-posta ve whatsapp ile gelir \u2014 <strong data-start=\"1338\" data-end=\"1385\">hem telefona kaydedin hem de bir \u00e7\u0131kt\u0131 al\u0131n<\/strong>. S\u0131n\u0131rda veya hastanede istenebilir.<\/p>\n<\/li>\n<li data-start=\"1424\" data-end=\"1528\">\n<p data-start=\"1428\" data-end=\"1528\"><strong data-start=\"1428\" data-end=\"1451\">Acil durum i\u00e7in not<\/strong><br data-start=\"1451\" data-end=\"1454\" \/>Poli\u00e7ede yazan <strong data-start=\"1473\" data-end=\"1494\">7\/24 yard\u0131m hatt\u0131<\/strong> numaras\u0131n\u0131 telefonunuza kaydedin.<\/p>\n<\/li>\n<\/ol>\n<h2 data-start=\"6831\" data-end=\"6881\"><strong>Balkan Turu Rehberi: En \u00c7ok Sorulan Sorular<\/strong><\/h2>\n<p><img loading=\"lazy\" decoding=\"async\" class=\"aligncenter size-full wp-image-3254\" src=\"https:\/\/seyahatpolicesi.com\/blog\/wp-content\/uploads\/2025\/12\/balkanlar-turu-rehberi.png\" alt=\"\" width=\"800\" height=\"400\" srcset=\"https:\/\/seyahatpolicesi.com\/blog\/wp-content\/uploads\/2025\/12\/balkanlar-turu-rehberi.png 800w, https:\/\/seyahatpolicesi.com\/blog\/wp-content\/uploads\/2025\/12\/balkanlar-turu-rehberi-300x150.png 300w, https:\/\/seyahatpolicesi.com\/blog\/wp-content\/uploads\/2025\/12\/balkanlar-turu-rehberi-528x264.png 528w\" sizes=\"(max-width: 800px) 100vw, 800px\" \/><\/p>\n<p data-start=\"6883\" data-end=\"6972\">A\u015fa\u011f\u0131da Balkan turu yapacaklar\u0131n s\u0131k\u00e7a merak etti\u011fi sorular\u0131n yan\u0131tlar\u0131n\u0131 bulabilirsiniz.<\/p>\n<hr data-start=\"6974\" data-end=\"6977\" \/>\n<h3 data-start=\"6979\" data-end=\"7033\"><strong data-start=\"6983\" data-end=\"7031\">1. \u201cBalkanlara giderken sigorta zorunlu mu?\u201d<\/strong><\/h3>\n<p data-start=\"7034\" data-end=\"7113\">Balkan \u00fclkeleri aras\u0131nda seyahat sa\u011fl\u0131k sigortas\u0131n\u0131n zorunlu oldu\u011fu \u00fclkeler <strong data-start=\"728\" data-end=\"784\">Yunanistan, Bulgaristan, H\u0131rvatistan, Romanya, Slovenya ve Karada\u011f&#8217;d\u0131r<\/strong>; Romanya\u2019da ise k\u0131sa turistik ziyaretlerde zorunlu olmasa da <strong data-start=\"846\" data-end=\"872\">uzun s\u00fcreli kal\u0131\u015flarda<\/strong> sigorta talep edilir. Di\u011fer Balkan \u00fclkelerinde zorunluluk yoktur ancak sa\u011fl\u0131k giderleri ve \u00e7oklu \u00fclke ge\u00e7i\u015fleri nedeniyle sigorta yapt\u0131rmak g\u00fc\u00e7l\u00fc \u015fekilde \u00f6nerilir.<\/p>\n<hr data-start=\"7115\" data-end=\"7118\" \/>\n<h3 data-start=\"7120\" data-end=\"7165\"><strong data-start=\"7124\" data-end=\"7163\">2. \u201cS\u0131n\u0131rda sigorta soruyorlar m\u0131?\u201d<\/strong><\/h3>\n<p data-start=\"7166\" data-end=\"7238\">Schengen \u00fclkeleri kesin olarak sorar. Vizesiz \u00fclkelerde nadiren sorulur.<\/p>\n<hr data-start=\"7240\" data-end=\"7243\" \/>\n<h3 data-start=\"7245\" data-end=\"7291\"><strong data-start=\"7249\" data-end=\"7289\">3. \u201cTur \u015firketi sigorta istiyor mu?\u201d<\/strong><\/h3>\n<p data-start=\"7292\" data-end=\"7451\">Evet. Bir\u00e7ok tur firmas\u0131 kay\u0131t s\u0131ras\u0131nda poli\u00e7e talep eder.<br data-start=\"7351\" data-end=\"7354\" \/>Bu nedenle <strong data-start=\"7365\" data-end=\"7403\">balkanlar seyahat sa\u011fl\u0131k sigortas\u0131<\/strong> yapt\u0131rmak hem pratik hem de gereklidir.<\/p>\n<hr data-start=\"7453\" data-end=\"7456\" \/>\n<h3 data-start=\"7458\" data-end=\"7524\"><strong data-start=\"7462\" data-end=\"7522\">4. \u201cSadece 3 g\u00fcnl\u00fc\u011f\u00fcne gidiyorum, yine de almal\u0131y\u0131m m\u0131?\u201d<\/strong><\/h3>\n<p data-start=\"7525\" data-end=\"7586\">Sadece 3 g\u00fcnl\u00fc\u011f\u00fcne bile gitseniz <strong data-start=\"156\" data-end=\"248\">sigortan\u0131n zorunlu oldu\u011fu \u00fclkelere<\/strong> giri\u015f yapacaksan\u0131z poli\u00e7e almak mecburidir.<br data-start=\"292\" data-end=\"295\" \/>Di\u011fer Balkan \u00fclkelerine k\u0131sa s\u00fcreli seyahatlerde zorunlu olmasa da, ani sa\u011fl\u0131k giderleri nedeniyle sigorta yapt\u0131rmak yine de g\u00fc\u00e7l\u00fc \u015fekilde \u00f6nerilir.<\/p>\n<hr data-start=\"7588\" data-end=\"7591\" \/>\n<h3 data-start=\"7593\" data-end=\"7672\"><strong data-start=\"7597\" data-end=\"7670\">5. \u201cBalkan \u00fclkeleri birbirine yak\u0131n, tek sigorta b\u00fct\u00fcn\u00fcn\u00fc kapsar m\u0131?\u201d<\/strong><\/h3>\n<p data-start=\"7673\" data-end=\"7710\">Evet, <strong data-start=\"148\" data-end=\"184\">tek bir seyahat sa\u011fl\u0131k sigortas\u0131<\/strong> ile t\u00fcm Balkan \u00fclkelerine ge\u00e7i\u015f yapabilirsiniz; ancak bunun <strong data-start=\"245\" data-end=\"262\">poli\u00e7e t\u00fcr\u00fcne<\/strong> ba\u011fl\u0131 oldu\u011funu unutmamak gerekir.<br data-start=\"296\" data-end=\"299\" \/>Poli\u00e7e <strong data-start=\"306\" data-end=\"321\">\u201cT\u00fcm D\u00fcnya\u201d<\/strong> veya <strong data-start=\"327\" data-end=\"357\" data-is-only-node=\"\">\u201cSchengen + Di\u011fer \u00dclkeler\u201d<\/strong> kapsam\u0131ndaysa Balkan \u00fclkelerinin tamam\u0131nda ge\u00e7erlidir.<br data-start=\"412\" data-end=\"415\" \/>Ancak poli\u00e7e sadece <strong data-start=\"435\" data-end=\"458\">tek bir \u00fclkeye \u00f6zel<\/strong> d\u00fczenlendiyse, di\u011fer Balkan \u00fclkelerine ge\u00e7i\u015f yapt\u0131\u011f\u0131n\u0131zda ge\u00e7erli olmaz. Bu nedenle \u00e7oklu \u00fclke seyahatlerinde her zaman <strong data-start=\"579\" data-end=\"608\">geni\u015f kapsaml\u0131 bir poli\u00e7e<\/strong> se\u00e7meniz gerekir.<\/p>\n<h2 data-start=\"7717\" data-end=\"7762\"><strong>Balkan Rotas\u0131na G\u00f6re Sigorta \u00d6nerileri<\/strong><\/h2>\n<p><img loading=\"lazy\" decoding=\"async\" class=\"aligncenter size-full wp-image-3255\" src=\"https:\/\/seyahatpolicesi.com\/blog\/wp-content\/uploads\/2025\/12\/balkan-rotasina-gore-sigorta.png\" alt=\"\" width=\"800\" height=\"400\" srcset=\"https:\/\/seyahatpolicesi.com\/blog\/wp-content\/uploads\/2025\/12\/balkan-rotasina-gore-sigorta.png 800w, https:\/\/seyahatpolicesi.com\/blog\/wp-content\/uploads\/2025\/12\/balkan-rotasina-gore-sigorta-300x150.png 300w, https:\/\/seyahatpolicesi.com\/blog\/wp-content\/uploads\/2025\/12\/balkan-rotasina-gore-sigorta-528x264.png 528w\" sizes=\"(max-width: 800px) 100vw, 800px\" \/><\/p>\n<p data-start=\"7764\" data-end=\"7895\">Balkan turlar\u0131 genellikle 7 \u00fclkeyi kapsayan geni\u015f rotalara sahiptir.<br data-start=\"7832\" data-end=\"7835\" \/>A\u015fa\u011f\u0131da yayg\u0131n rotalara g\u00f6re sigorta ihtiyac\u0131n\u0131z\u0131 \u00f6zetledik.<\/p>\n<h3 data-start=\"7902\" data-end=\"7939\"><strong data-start=\"7906\" data-end=\"7937\">Klasik Balkan Turu (7 \u00dclke)<\/strong><\/h3>\n<p data-start=\"7940\" data-end=\"8025\">S\u0131rbistan \u2013 Bosna \u2013 Karada\u011f \u2013 Arnavutluk \u2013 Kuzey Makedonya \u2013 Bulgaristan \u2013 Yunanistan<\/p>\n<p data-start=\"8027\" data-end=\"8104\">Bu rota i\u00e7in <strong data-start=\"8040\" data-end=\"8078\">balkanlar seyahat sa\u011fl\u0131k sigortas\u0131<\/strong> olmazsa olmazd\u0131r.<\/p>\n<h3 data-start=\"8111\" data-end=\"8135\"><strong data-start=\"8115\" data-end=\"8133\">Adriyatik Turu<\/strong><\/h3>\n<p data-start=\"8136\" data-end=\"8232\">H\u0131rvatistan \u2013 Karada\u011f \u2013 Bosna<br data-start=\"8165\" data-end=\"8168\" \/>Bu turda H\u0131rvatistan Schengen\u2019e ge\u00e7ti\u011fi i\u00e7in sigorta zorunludur.<\/p>\n<h3 data-start=\"8239\" data-end=\"8268\"><strong data-start=\"8243\" data-end=\"8266\">Vizesiz Balkan Turu<\/strong><\/h3>\n<p data-start=\"8269\" data-end=\"8390\">Arnavutluk \u2013 Kosova \u2013 Bosna \u2013 Karada\u011f \u2013 S\u0131rbistan<br data-start=\"8318\" data-end=\"8321\" \/>Bu \u00fclkeler sigorta zorunlu tutmasa da hastane masraflar\u0131 de\u011fi\u015fkendir.<\/p>\n<h2 data-start=\"9320\" data-end=\"9368\"><strong>Balkanlarda \u00d6zel Hastaneler Neden Pahal\u0131?<\/strong><\/h2>\n<p data-start=\"9370\" data-end=\"9453\">\u00d6zel hastane \u00fccretleri genel olarak turistler i\u00e7in daha y\u00fcksek olabilir.<br data-start=\"9442\" data-end=\"9445\" \/>\u00d6rne\u011fin:<\/p>\n<ul data-start=\"9455\" data-end=\"9538\">\n<li data-start=\"9455\" data-end=\"9475\">\n<p data-start=\"9457\" data-end=\"9475\">Bir acil muayene<\/p>\n<\/li>\n<li data-start=\"9476\" data-end=\"9487\">\n<p data-start=\"9478\" data-end=\"9487\">R\u00f6ntgen<\/p>\n<\/li>\n<li data-start=\"9488\" data-end=\"9497\">\n<p data-start=\"9490\" data-end=\"9497\">Serum<\/p>\n<\/li>\n<li data-start=\"9498\" data-end=\"9516\">\n<p data-start=\"9500\" data-end=\"9516\">Basit bir ila\u00e7<\/p>\n<\/li>\n<li data-start=\"9517\" data-end=\"9538\">\n<p data-start=\"9519\" data-end=\"9538\">K\u0131sa s\u00fcreli yat\u0131\u015f<\/p>\n<\/li>\n<\/ul>\n<p data-start=\"9540\" data-end=\"9586\">gibi i\u015flemler bile ciddi rakamlara ula\u015fabilir.<\/p>\n<p data-start=\"9588\" data-end=\"9650\">Sigorta olmadan bu masraflar\u0131 kar\u015f\u0131lamak b\u00fct\u00e7eyi zorlayabilir.<\/p>\n<h2 data-start=\"9740\" data-end=\"9828\"><strong>Balkanlar Seyahat Sa\u011fl\u0131k Sigortas\u0131 2025 Seyahatleri \u0130\u00e7in En G\u00fcvenilir \u00d6nlem<\/strong><\/h2>\n<p data-start=\"9830\" data-end=\"10225\"><strong data-start=\"9830\" data-end=\"9868\">Balkanlar <a href=\"https:\/\/seyahatpolicesi.com\/seyahat-saglik-sigortasi\">seyahat sa\u011fl\u0131k sigortas\u0131<\/a><\/strong>, 2025 y\u0131l\u0131nda Balkanlara seyahat edecek herkes i\u00e7in hem ekonomik hem de g\u00fcvenli bir \u00e7\u00f6z\u00fcm sunuyor. Baz\u0131 \u00fclkelerde zorunlu tutulurken, di\u011ferlerinde tavsiye edilmesi bile sigortan\u0131n \u00f6nemini ortaya koyuyor. \u00d6zellikle farkl\u0131 \u00fclkeler aras\u0131nda ge\u00e7i\u015f yap\u0131lan Balkan turlar\u0131nda tek bir poli\u00e7e ile t\u00fcm sa\u011fl\u0131k risklerine kar\u015f\u0131 kendinizi g\u00fcvence alt\u0131na alabilirsiniz.<\/p>\n<p data-start=\"10227\" data-end=\"10425\">E\u011fer seyahatinizi planlamaya ba\u015flad\u0131ysan\u0131z ve hangi poli\u00e7enin sizin i\u00e7in uygun oldu\u011fundan emin de\u011filseniz, daha fazla bilgiye blog sayfas\u0131ndan ula\u015fabilirsiniz:<br data-start=\"10386\" data-end=\"10389\" \/><a href=\"https:\/\/seyahatpolicesi.com\/blog\/\">\ud83d\udc49Seyahat Poli\u00e7esi\/ Blog\u00a0<\/a><\/p>\n","protected":false},"excerpt":{"rendered":"Balkanlar seyahat sa\u011fl\u0131k sigortas\u0131, 2025 y\u0131l\u0131nda Balkan \u00fclkelerine yolculuk planlayan herkesin merak etti\u011fi konular\u0131n ba\u015f\u0131nda yer al\u0131yor. Tur&hellip;","protected":false},"author":1,"featured_media":3250,"comment_status":"open","ping_status":"open","sticky":false,"template":"","format":"standard","meta":{"csco_singular_sidebar":"","csco_page_header_type":"","csco_page_load_nextpost":"","csco_post_video_location":[],"csco_post_video_location_hash":"","csco_post_video_url":"","csco_post_video_bg_start_time":0,"csco_post_video_bg_end_time":0,"csco_post_video_bg_volume":false,"footnotes":""},"categories":[1],"tags":[],"class_list":{"0":"post-3242","1":"post","2":"type-post","3":"status-publish","4":"format-standard","5":"has-post-thumbnail","7":"category-genel","8":"cs-entry","9":"cs-video-wrap"},"aioseo_notices":[],"_links":{"self":[{"href":"https:\/\/seyahatpolicesi.com\/blog\/wp-json\/wp\/v2\/posts\/3242","targetHints":{"allow":["GET"]}}],"collection":[{"href":"https:\/\/seyahatpolicesi.com\/blog\/wp-json\/wp\/v2\/posts"}],"about":[{"href":"https:\/\/seyahatpolicesi.com\/blog\/wp-json\/wp\/v2\/types\/post"}],"author":[{"embeddable":true,"href":"https:\/\/seyahatpolicesi.com\/blog\/wp-json\/wp\/v2\/users\/1"}],"replies":[{"embeddable":true,"href":"https:\/\/seyahatpolicesi.com\/blog\/wp-json\/wp\/v2\/comments?post=3242"}],"version-history":[{"count":6,"href":"https:\/\/seyahatpolicesi.com\/blog\/wp-json\/wp\/v2\/posts\/3242\/revisions"}],"predecessor-version":[{"id":3265,"href":"https:\/\/seyahatpolicesi.com\/blog\/wp-json\/wp\/v2\/posts\/3242\/revisions\/3265"}],"wp:featuredmedia":[{"embeddable":true,"href":"https:\/\/seyahatpolicesi.com\/blog\/wp-json\/wp\/v2\/media\/3250"}],"wp:attachment":[{"href":"https:\/\/seyahatpolicesi.com\/blog\/wp-json\/wp\/v2\/media?parent=3242"}],"wp:term":[{"taxonomy":"category","embeddable":true,"href":"https:\/\/seyahatpolicesi.com\/blog\/wp-json\/wp\/v2\/categories?post=3242"},{"taxonomy":"post_tag","embeddable":true,"href":"https:\/\/seyahatpolicesi.com\/blog\/wp-json\/wp\/v2\/tags?post=3242"}],"curies":[{"name":"wp","href":"https:\/\/api.w.org\/{rel}","templated":true}]}}