{"id":3216,"date":"2025-12-08T16:35:23","date_gmt":"2025-12-08T13:35:23","guid":{"rendered":"https:\/\/seyahatpolicesi.com\/blog\/?p=3216"},"modified":"2025-12-08T16:35:23","modified_gmt":"2025-12-08T13:35:23","slug":"2026-yilbasi-avrupa-turu-fiyatlari","status":"publish","type":"post","link":"https:\/\/seyahatpolicesi.com\/blog\/2026-yilbasi-avrupa-turu-fiyatlari\/","title":{"rendered":"2026 Y\u0131lba\u015f\u0131 Avrupa Turu Fiyatlar\u0131"},"content":{"rendered":"<p data-start=\"664\" data-end=\"1130\">2026 y\u0131lba\u015f\u0131 Avrupa turu fiyatlar\u0131 son d\u00f6nemde en \u00e7ok merak edilen konulardan biri h\u00e2line geldi. Yeni y\u0131la Avrupa\u2019da, \u0131\u015f\u0131klarla s\u00fcsl\u00fc meydanlarda, b\u00fcy\u00fcleyici Noel pazarlar\u0131nda ve unutulmaz etkinliklerle girmek isteyen gezginler i\u00e7in 2026 y\u0131l\u0131 olduk\u00e7a hareketli ge\u00e7ecek gibi g\u00f6r\u00fcn\u00fcyor. Bu nedenle hem b\u00fct\u00e7eye uygun hem de beklentiyi kar\u015f\u0131layan bir planlama i\u00e7in fiyatlar\u0131, rotalar\u0131, detaylar\u0131 ile kapsam\u0131 geni\u015f bir rehber haz\u0131rlad\u0131k.<\/p>\n<p data-start=\"1132\" data-end=\"1373\">A\u015fa\u011f\u0131daki yaz\u0131, pop\u00fcler rotalar, tur fiyat aral\u0131klar\u0131, b\u00fct\u00e7e dostu \u00f6neriler, g\u00fcncel masraf kalemleri, SSS, rotalara g\u00f6re detayl\u0131 maliyet ve sigorta \u00f6nerileri ile tam bir y\u0131lba\u015f\u0131 Avrupa turu rehberi niteli\u011findedir.<\/p>\n<h2 data-start=\"1380\" data-end=\"1420\">\ud83c\udf84 <strong data-start=\"1385\" data-end=\"1420\">Neden 2026 Y\u0131lba\u015f\u0131 Avrupa Turu?<\/strong><\/h2>\n<p data-start=\"1422\" data-end=\"1724\">Avrupa, y\u0131lba\u015f\u0131 d\u00f6neminde adeta masals\u0131 bir atmosfere b\u00fcr\u00fcn\u00fcyor.<br data-start=\"1486\" data-end=\"1489\" \/>Sokaklar \u0131\u015f\u0131l \u0131\u015f\u0131l, meydanlar kalabal\u0131k, her \u015fehir kendi k\u00fclt\u00fcr\u00fcne g\u00f6re yeni y\u0131l co\u015fkusunu kutluyor. Bu y\u00fczden 2026 y\u0131lba\u015f\u0131 Avrupa turu fiyatlar\u0131 ara\u015ft\u0131r\u0131l\u0131rken \u00e7o\u011fu ki\u015finin amac\u0131 sadece seyahat etmek de\u011fil, bir deneyim ya\u015famak oluyor.<\/p>\n<p data-start=\"1726\" data-end=\"1767\"><strong data-start=\"1726\" data-end=\"1767\">Avrupa\u2019da y\u0131lba\u015f\u0131 neden ilgi \u00e7ekiyor?<\/strong><\/p>\n<ul data-start=\"1769\" data-end=\"1981\">\n<li data-start=\"1769\" data-end=\"1809\">\n<p data-start=\"1771\" data-end=\"1809\">Noel pazarlar\u0131 ve sokak etkinlikleri<\/p>\n<\/li>\n<li data-start=\"1810\" data-end=\"1842\">\n<p data-start=\"1812\" data-end=\"1842\">\u00dcnl\u00fc havai fi\u015fek g\u00f6sterileri<\/p>\n<\/li>\n<li data-start=\"1843\" data-end=\"1895\">\n<p data-start=\"1845\" data-end=\"1895\">K\u0131\u015f atmosferi, buz pistleri, s\u0131cak \u015farap k\u00fclt\u00fcr\u00fc<\/p>\n<\/li>\n<li data-start=\"1896\" data-end=\"1936\">\n<p data-start=\"1898\" data-end=\"1936\">Uygun fiyatl\u0131 k\u0131sa tatil se\u00e7enekleri<\/p>\n<\/li>\n<li data-start=\"1937\" data-end=\"1981\">\n<p data-start=\"1939\" data-end=\"1981\">Vizesiz veya kolay vize al\u0131nabilen \u00fclkeler<\/p>\n<\/li>\n<\/ul>\n<h2 data-start=\"2139\" data-end=\"2200\">\u2708\ufe0f <strong data-start=\"2144\" data-end=\"2200\">2026 Y\u0131lba\u015f\u0131 Avrupa Turu Fiyatlar\u0131 Nas\u0131l Belirlenir?<\/strong><\/h2>\n<p data-start=\"2202\" data-end=\"2398\">2026 y\u0131lba\u015f\u0131 Avrupa turu fiyatlar\u0131 pek \u00e7ok de\u011fi\u015fkene ba\u011fl\u0131d\u0131r. Tur \u015firketleri, bireysel gezginler ve paket programlar aras\u0131nda ciddi fiyat farklar\u0131 olabilir. \u0130\u015fte maliyeti belirleyen ana unsurlar:<\/p>\n<p><strong data-start=\"84\" data-end=\"129\">1\ufe0f\u20e3 Ula\u015f\u0131m (U\u00e7ak \u2013 Otob\u00fcs \u2013 Araba \u2013 Tren)<\/strong><\/p>\n<p data-start=\"131\" data-end=\"319\">Y\u0131lba\u015f\u0131 d\u00f6nemi Avrupa turlar\u0131 i\u00e7in ula\u015f\u0131m maliyetleri fiyat\u0131 en \u00e7ok etkileyen kalemlerden biridir. 2026 y\u0131lba\u015f\u0131 Avrupa turu fiyatlar\u0131, se\u00e7ilen ula\u015f\u0131m t\u00fcr\u00fcne g\u00f6re ciddi \u015fekilde de\u011fi\u015febilir.<\/p>\n<p data-start=\"321\" data-end=\"606\"><strong data-start=\"321\" data-end=\"333\">\u2708\ufe0f U\u00e7ak:<\/strong><br data-start=\"333\" data-end=\"336\" \/>Y\u0131lba\u015f\u0131 haftas\u0131 \u201cy\u00fcksek sezon\u201d oldu\u011fundan u\u00e7ak bileti fiyatlar\u0131 normal d\u00f6nemlere g\u00f6re belirgin \u015fekilde artar. Direkt u\u00e7u\u015flar konforlu olsa da genelde aktarmal\u0131 u\u00e7u\u015flardan daha pahal\u0131d\u0131r. T\u00fcrkiye\u2013Avrupa aras\u0131 biletler tur fiyat\u0131n\u0131n yakla\u015f\u0131k <strong data-start=\"576\" data-end=\"591\">%35\u201350\u2019sini<\/strong> olu\u015fturabilir.<\/p>\n<p data-start=\"608\" data-end=\"892\"><strong data-start=\"608\" data-end=\"622\">\ud83d\ude8c Otob\u00fcs:<\/strong><br data-start=\"622\" data-end=\"625\" \/>\u00d6zellikle Balkanlar, Orta Avrupa ve yak\u0131n destinasyonlar i\u00e7in otob\u00fcsle ula\u015f\u0131m daha ekonomik bir se\u00e7enektir. U\u00e7ak biletine g\u00f6re \u00e7ok daha uygun fiyatl\u0131 oldu\u011fu i\u00e7in b\u00fct\u00e7e dostu y\u0131lba\u015f\u0131 turlar\u0131nda s\u0131kl\u0131kla tercih edilir. Dezavantaj\u0131 ise yolculuk s\u00fcresinin uzun olmas\u0131d\u0131r.<\/p>\n<p data-start=\"894\" data-end=\"1303\"><strong data-start=\"894\" data-end=\"907\">\ud83d\ude97 Araba:<\/strong><\/p>\n<p data-start=\"92\" data-end=\"440\">Kendi arac\u0131n\u0131zla Avrupa\u2019ya gitmek daha \u00f6zg\u00fcr bir seyahat deneyimi sunar; g\u00fczerg\u00e2h\u0131 istedi\u011finiz gibi planlayabilir, mola noktalar\u0131n\u0131 kendiniz belirleyebilirsiniz. Ancak yak\u0131t, otoyol \u00fccretleri, vize \u015fartlar\u0131, konaklama ve <strong data-start=\"329\" data-end=\"361\">zorunlu <a href=\"https:\/\/seyahatpolicesi.com\/yesil-kart-sigortasi\">Ye\u015fil Kart Sigortas\u0131<\/a><\/strong> gibi ek masraflar nedeniyle toplam maliyet beklenenden daha y\u00fcksek olabilir.<\/p>\n<p data-start=\"442\" data-end=\"571\">\u00d6zellikle uzun rotalarda, t\u00fcm bu giderler topland\u0131\u011f\u0131nda <strong data-start=\"498\" data-end=\"560\">arabayla seyahat \u00e7o\u011fu zaman grup turlar\u0131ndan daha pahal\u0131ya<\/strong> \u00e7\u0131kabilir ancak daha konforludur.<\/p>\n<p data-start=\"894\" data-end=\"1303\"><a style=\"display: inline-block; background: #FF4F9A; color: #fff; padding: 12px 24px; border-radius: 10px; font-size: 16px; font-weight: bold; text-decoration: none; box-shadow: 0 2px 8px rgba(0,0,0,.08);\" href=\"https:\/\/seyahatpolicesi.com\/yesil-kart-sigortasi\" target=\"_blank\" rel=\"noopener\">Hemen Ye\u015fil Kart sigortan\u0131 al!<\/a><\/p>\n<p data-start=\"1305\" data-end=\"1633\"><strong data-start=\"1305\" data-end=\"1317\">\ud83d\ude86 Tren:<\/strong><br data-start=\"1317\" data-end=\"1320\" \/>Avrupa i\u00e7i tren yolculuklar\u0131 konforlu ve manzaral\u0131 bir se\u00e7enek sunar. E\u011fer ba\u015flang\u0131\u00e7 noktan\u0131z Avrupa i\u00e7inde bir \u015fehir ise trenle ba\u015fka bir ba\u015fkente ge\u00e7mek hem pratik hem de makul fiyatl\u0131 olabilir. Ancak T\u00fcrkiye \u00e7\u0131k\u0131\u015fl\u0131 trenle Avrupa\u2019ya ula\u015f\u0131m s\u0131n\u0131rl\u0131 oldu\u011fu i\u00e7in genelde u\u00e7ak + tren kombinasyonlar\u0131 tercih edilir.<\/p>\n<h3 data-start=\"91\" data-end=\"152\"><strong data-start=\"95\" data-end=\"152\">2\ufe0f\u20e3 Konaklama (Hostel \u2013 Butik Otel \u2013 4\u2605 \/ 5\u2605 Oteller)<\/strong><\/h3>\n<p data-start=\"154\" data-end=\"350\">2026 y\u0131lba\u015f\u0131 Avrupa turu fiyatlar\u0131n\u0131 belirleyen en \u00f6nemli unsurlardan biri de konaklamad\u0131r. Se\u00e7ilen destinasyon, otelin y\u0131ld\u0131z say\u0131s\u0131 ve y\u0131lba\u015f\u0131 d\u00f6neminin y\u00fcksek talebi fiyatlar\u0131 do\u011frudan etkiler.<\/p>\n<p data-start=\"352\" data-end=\"414\">Konaklama maliyetleri b\u00f6lgelere g\u00f6re genellikle \u015fu \u015fekildedir:<\/p>\n<div class=\"TyagGW_tableContainer\">\n<div class=\"group TyagGW_tableWrapper flex w-fit flex-col-reverse\" tabindex=\"-1\">\n<table class=\"w-fit min-w-(--thread-content-width)\" data-start=\"416\" data-end=\"765\">\n<thead data-start=\"416\" data-end=\"458\">\n<tr data-start=\"416\" data-end=\"458\">\n<th data-start=\"416\" data-end=\"428\" data-col-size=\"sm\"><strong data-start=\"418\" data-end=\"427\">B\u00f6lge<\/strong><\/th>\n<th data-start=\"428\" data-end=\"458\" data-col-size=\"md\"><strong data-start=\"430\" data-end=\"456\">Ortalama Gecelik Fiyat<\/strong><\/th>\n<\/tr>\n<\/thead>\n<tbody data-start=\"503\" data-end=\"765\">\n<tr data-start=\"503\" data-end=\"584\">\n<td data-start=\"503\" data-end=\"549\" data-col-size=\"sm\"><strong data-start=\"505\" data-end=\"548\">Do\u011fu Avrupa (Belgrad, Sofya, Budape\u015fte)<\/strong><\/td>\n<td data-col-size=\"md\" data-start=\"549\" data-end=\"584\">\u20ac20\u201340 (hostel) \/ \u20ac40\u201370 (otel)<\/td>\n<\/tr>\n<tr data-start=\"585\" data-end=\"671\">\n<td data-start=\"585\" data-end=\"626\" data-col-size=\"sm\"><strong data-start=\"587\" data-end=\"625\">Orta Avrupa (Prag, Viyana, Krakow)<\/strong><\/td>\n<td data-col-size=\"md\" data-start=\"626\" data-end=\"671\">\u20ac40\u201370 (hostel\/ekonomik) \/ \u20ac70\u2013110 (otel)<\/td>\n<\/tr>\n<tr data-start=\"672\" data-end=\"765\">\n<td data-start=\"672\" data-end=\"716\" data-col-size=\"sm\"><strong data-start=\"674\" data-end=\"715\">Bat\u0131 Avrupa (Paris, Amsterdam, M\u00fcnih)<\/strong><\/td>\n<td data-col-size=\"md\" data-start=\"716\" data-end=\"765\">\u20ac70\u2013120+ (ekonomik) \/ \u20ac150+ (merkezi oteller)<\/td>\n<\/tr>\n<\/tbody>\n<\/table>\n<\/div>\n<\/div>\n<p data-start=\"767\" data-end=\"953\"><strong data-start=\"767\" data-end=\"832\">Y\u0131lba\u015f\u0131 haftas\u0131nda fiyatlar bir\u00e7ok \u015fehirde %50\u2013100 artabilir.<\/strong> \u00d6zellikle pop\u00fcler \u015fehirlerde (Prag, Paris, Roma, Amsterdam) oteller y\u0131lba\u015f\u0131 gecesi i\u00e7in geceli\u011fi iki kat\u0131na \u00e7\u0131karabilir.<\/p>\n<h4 data-start=\"955\" data-end=\"1001\"><strong data-start=\"960\" data-end=\"1001\">\ud83c\udfe8 Konaklama t\u00fcrlerinin fiyat etkisi:<\/strong><\/h4>\n<p data-start=\"1003\" data-end=\"1210\"><strong data-start=\"1003\" data-end=\"1016\">\u2022 Hostel:<\/strong><br data-start=\"1016\" data-end=\"1019\" \/>Gen\u00e7 gezginler ve yaln\u0131z seyahat edenler i\u00e7in en ekonomik se\u00e7enektir. Ortak odal\u0131 hostel fiyatlar\u0131 Do\u011fu Avrupa\u2019da \u20ac20 seviyesinden ba\u015flar. Y\u0131lba\u015f\u0131 d\u00f6neminde bile b\u00fct\u00e7e dostu bir \u00e7\u00f6z\u00fcm sa\u011flar.<\/p>\n<p data-start=\"1212\" data-end=\"1394\"><strong data-start=\"1212\" data-end=\"1229\">\u2022 Butik otel:<\/strong><br data-start=\"1229\" data-end=\"1232\" \/>Merkezi konum ve daha konforlu bir deneyim sunar. \u00c7iftler ve arkada\u015f gruplar\u0131 i\u00e7in en ideal se\u00e7eneklerden biridir. Fiyatlar b\u00f6lgeye g\u00f6re \u20ac50\u2013120 aras\u0131nda de\u011fi\u015fir.<\/p>\n<p data-start=\"1396\" data-end=\"1610\"><strong data-start=\"1396\" data-end=\"1419\">\u2022 4\u2605 ve 5\u2605 oteller:<\/strong><br data-start=\"1419\" data-end=\"1422\" \/>Konfor, kahvalt\u0131 ve \u015fehir merkezine yak\u0131nl\u0131k a\u00e7\u0131s\u0131ndan avantaj sa\u011flar. Ancak y\u00fcksek sezonda rakamlar h\u0131zla y\u00fckselir. Bat\u0131 Avrupa\u2019da y\u0131lba\u015f\u0131 gecesi 4\u2605 bir otel \u20ac200+ seviyelerine \u00e7\u0131kabilir.<\/p>\n<h4 data-start=\"1612\" data-end=\"1652\"><strong data-start=\"1617\" data-end=\"1652\">\u2728 Neden erken rezervasyon \u015fart?<\/strong><\/h4>\n<p data-start=\"1654\" data-end=\"1730\">Y\u0131lba\u015f\u0131, Avrupa \u015fehirlerinin en yo\u011fun oldu\u011fu d\u00f6nemlerden biridir. Bu y\u00fczden:<\/p>\n<ul data-start=\"1732\" data-end=\"1851\">\n<li data-start=\"1732\" data-end=\"1771\">\n<p data-start=\"1734\" data-end=\"1771\">Uygun fiyatl\u0131 oteller h\u0131zla t\u00fckenir<\/p>\n<\/li>\n<li data-start=\"1772\" data-end=\"1810\">\n<p data-start=\"1774\" data-end=\"1810\">Merkezdeki oteller \u00e7ok erken dolar<\/p>\n<\/li>\n<li data-start=\"1811\" data-end=\"1851\">\n<p data-start=\"1813\" data-end=\"1851\">Fiyatlar tarihe yakla\u015ft\u0131k\u00e7a y\u00fckselir<\/p>\n<\/li>\n<\/ul>\n<p data-start=\"1853\" data-end=\"1936\">Erken rezervasyon yaparak toplam tur maliyetini %20\u201340 oran\u0131nda d\u00fc\u015f\u00fcrmek m\u00fcmk\u00fcnd\u00fcr.<\/p>\n<h3 data-start=\"3231\" data-end=\"3261\">3\ufe0f\u20e3 <strong data-start=\"3238\" data-end=\"3259\">G\u00fcnl\u00fck Harcamalar<\/strong><\/h3>\n<p data-start=\"3262\" data-end=\"3361\">2026 y\u0131lba\u015f\u0131 Avrupa turu fiyatlar\u0131 ara\u015ft\u0131r\u0131l\u0131rken g\u00f6zden ka\u00e7an en \u00f6nemli kalem g\u00fcnl\u00fck masraflard\u0131r.<\/p>\n<ul data-start=\"3363\" data-end=\"3472\">\n<li data-start=\"3363\" data-end=\"3372\">\n<p data-start=\"3365\" data-end=\"3372\">Yemek<\/p>\n<\/li>\n<li data-start=\"3373\" data-end=\"3391\">\n<p data-start=\"3375\" data-end=\"3391\">Kahve \u2013 i\u00e7ecek<\/p>\n<\/li>\n<li data-start=\"3392\" data-end=\"3412\">\n<p data-start=\"3394\" data-end=\"3412\">\u015eehir i\u00e7i ula\u015f\u0131m<\/p>\n<\/li>\n<li data-start=\"3413\" data-end=\"3442\">\n<p data-start=\"3415\" data-end=\"3442\">M\u00fcze \u2013 etkinlik biletleri<\/p>\n<\/li>\n<li data-start=\"3443\" data-end=\"3472\">\n<p data-start=\"3445\" data-end=\"3472\">Noel pazar\u0131 al\u0131\u015fveri\u015fleri<\/p>\n<\/li>\n<\/ul>\n<p data-start=\"3474\" data-end=\"3504\"><strong data-start=\"3474\" data-end=\"3502\">Ortalama g\u00fcnl\u00fck harcama:<\/strong><\/p>\n<ul data-start=\"3505\" data-end=\"3582\">\n<li data-start=\"3505\" data-end=\"3529\">\n<p data-start=\"3507\" data-end=\"3529\">B\u00fct\u00e7e gezgin: \u20ac35\u201370<\/p>\n<\/li>\n<li data-start=\"3530\" data-end=\"3555\">\n<p data-start=\"3532\" data-end=\"3555\">Orta segment: \u20ac70\u2013120<\/p>\n<\/li>\n<li data-start=\"3556\" data-end=\"3582\">\n<p data-start=\"3558\" data-end=\"3582\">Konforlu gezi: \u20ac120\u2013200+<\/p>\n<\/li>\n<\/ul>\n<h3 data-start=\"3589\" data-end=\"3613\">4\ufe0f\u20e3 <strong data-start=\"3596\" data-end=\"3611\">Tur \u0130\u00e7eri\u011fi<\/strong><\/h3>\n<ul data-start=\"3614\" data-end=\"3731\">\n<li data-start=\"3614\" data-end=\"3632\">\n<p data-start=\"3616\" data-end=\"3632\">Rehber var m\u0131?<\/p>\n<\/li>\n<li data-start=\"3633\" data-end=\"3658\">\n<p data-start=\"3635\" data-end=\"3658\">U\u00e7ak + otel paket mi?<\/p>\n<\/li>\n<li data-start=\"3659\" data-end=\"3684\">\n<p data-start=\"3661\" data-end=\"3684\">Transferler dahil mi?<\/p>\n<\/li>\n<li data-start=\"3685\" data-end=\"3731\">\n<p data-start=\"3687\" data-end=\"3731\">Festivaller veya \u00f6zel etkinlik \u00fccretli mi?<\/p>\n<\/li>\n<\/ul>\n<p data-start=\"3733\" data-end=\"3807\">Bu unsurlar da 2026 y\u0131lba\u015f\u0131 Avrupa turu fiyatlar\u0131 \u00fczerinde belirleyicidir.<\/p>\n<h2 data-start=\"3814\" data-end=\"3879\">\ud83c\udf0d <strong data-start=\"3819\" data-end=\"3879\">2026 Y\u0131lba\u015f\u0131 \u0130\u00e7in En Pop\u00fcler Avrupa Rotalar\u0131 ve Fiyatlar<\/strong><\/h2>\n<p data-start=\"3881\" data-end=\"3973\">Y\u0131lba\u015f\u0131n\u0131 Avrupa\u2019n\u0131n \u0131\u015f\u0131klarla s\u00fcsl\u00fc sokaklar\u0131nda kar\u015f\u0131lamak bir\u00e7ok ki\u015finin hayali. Kimi Paris\u2019in romantik atmosferini, kimi Viyana\u2019n\u0131n tarihi meydanlar\u0131n\u0131, kimi de Prag\u2019\u0131n masals\u0131 pazarlar\u0131n\u0131 tercih ediyor. 2026 y\u0131lba\u015f\u0131 d\u00f6neminde \u00f6ne \u00e7\u0131kan rotalar; sunduklar\u0131 y\u0131lba\u015f\u0131 ruhu, ula\u015f\u0131m kolayl\u0131\u011f\u0131 ve b\u00fct\u00e7e se\u00e7enekleriyle birbirinden farkl\u0131 deneyimler sunuyor. A\u015fa\u011f\u0131da en sevilen destinasyonlar\u0131n ortalama maliyetleri, y\u0131lba\u015f\u0131 atmosferi ve hangi gezginlere hitap ettikleri gibi t\u00fcm detaylar\u0131 bulabilirsiniz. Avrupa\u2019da yeni y\u0131la ad\u0131m atman\u0131n size en \u00e7ok yak\u0131\u015fan rotas\u0131n\u0131 se\u00e7meniz art\u0131k \u00e7ok daha kolay!<\/p>\n<hr data-start=\"3975\" data-end=\"3978\" \/>\n<h3 data-start=\"3980\" data-end=\"4043\">\ud83c\udde8\ud83c\uddff <strong data-start=\"3987\" data-end=\"4041\">1. Prag \u2013 Viyana \u2013 Budape\u015fte (Orta Avrupa Klasi\u011fi) Prag (\u00c7ekya) \u2013 Viyana (Avusturya) \u2013 Budape\u015fte (Macaristan)<\/strong><\/h3>\n<p><img fetchpriority=\"high\" decoding=\"async\" class=\"aligncenter size-full wp-image-3220\" src=\"https:\/\/seyahatpolicesi.com\/blog\/wp-content\/uploads\/2025\/12\/2026-yilbasi-icin-en-populer-rotalar-prag.png\" alt=\"\" width=\"800\" height=\"400\" srcset=\"https:\/\/seyahatpolicesi.com\/blog\/wp-content\/uploads\/2025\/12\/2026-yilbasi-icin-en-populer-rotalar-prag.png 800w, https:\/\/seyahatpolicesi.com\/blog\/wp-content\/uploads\/2025\/12\/2026-yilbasi-icin-en-populer-rotalar-prag-300x150.png 300w, https:\/\/seyahatpolicesi.com\/blog\/wp-content\/uploads\/2025\/12\/2026-yilbasi-icin-en-populer-rotalar-prag-528x264.png 528w\" sizes=\"(max-width: 800px) 100vw, 800px\" \/><\/p>\n<p data-start=\"4044\" data-end=\"4143\"><strong data-start=\"4044\" data-end=\"4062\">Neden pop\u00fcler?<\/strong><br data-start=\"4062\" data-end=\"4065\" \/>B\u00fcy\u00fcleyici y\u0131lba\u015f\u0131 atmosferi, uygun fiyatlar ve bir turda 3 \u00fclke g\u00f6rme imk\u00e2n\u0131.<\/p>\n<p data-start=\"4145\" data-end=\"4224\"><strong data-start=\"4145\" data-end=\"4171\">Tahmini fiyat aral\u0131\u011f\u0131:<\/strong><br data-start=\"4171\" data-end=\"4174\" \/>2026 y\u0131lba\u015f\u0131 Avrupa turu fiyatlar\u0131 bu rota i\u00e7in:<\/p>\n<ul data-start=\"4225\" data-end=\"4298\">\n<li data-start=\"4225\" data-end=\"4266\">\n<p data-start=\"4227\" data-end=\"4266\"><strong data-start=\"4227\" data-end=\"4240\">\u20ac450\u2013\u20ac850<\/strong> (3\u20135 gece paket turlar)<\/p>\n<\/li>\n<li data-start=\"4267\" data-end=\"4298\">\n<p data-start=\"4269\" data-end=\"4298\">Bireysel gezi: <strong data-start=\"4284\" data-end=\"4298\">\u20ac650\u2013\u20ac1100<\/strong><\/p>\n<\/li>\n<\/ul>\n<p data-start=\"4300\" data-end=\"4315\"><strong data-start=\"4300\" data-end=\"4313\">Art\u0131lar\u0131:<\/strong><\/p>\n<ul data-start=\"4316\" data-end=\"4407\">\n<li data-start=\"4316\" data-end=\"4343\">\n<p data-start=\"4318\" data-end=\"4343\">Noel pazarlar\u0131 \u00e7ok \u00fcnl\u00fc<\/p>\n<\/li>\n<li data-start=\"4344\" data-end=\"4360\">\n<p data-start=\"4346\" data-end=\"4360\">Ula\u015f\u0131m kolay<\/p>\n<\/li>\n<li data-start=\"4361\" data-end=\"4407\">\n<p data-start=\"4363\" data-end=\"4407\">Fiyat\/performans a\u00e7\u0131s\u0131ndan en dengeli rota<\/p>\n<\/li>\n<\/ul>\n<hr data-start=\"4409\" data-end=\"4412\" \/>\n<h3 data-start=\"4414\" data-end=\"4477\">\ud83c\udde9\ud83c\uddea <strong data-start=\"4421\" data-end=\"4475\">2. Berlin \u2013 Hamburg \u2013 M\u00fcnih (Almanya Y\u0131lba\u015f\u0131 Turu)<\/strong><\/h3>\n<p><img decoding=\"async\" class=\"aligncenter size-full wp-image-3221\" src=\"https:\/\/seyahatpolicesi.com\/blog\/wp-content\/uploads\/2025\/12\/2026-yilbasi-icin-en-populer-rotalar-berlin.png\" alt=\"\" width=\"800\" height=\"400\" srcset=\"https:\/\/seyahatpolicesi.com\/blog\/wp-content\/uploads\/2025\/12\/2026-yilbasi-icin-en-populer-rotalar-berlin.png 800w, https:\/\/seyahatpolicesi.com\/blog\/wp-content\/uploads\/2025\/12\/2026-yilbasi-icin-en-populer-rotalar-berlin-300x150.png 300w, https:\/\/seyahatpolicesi.com\/blog\/wp-content\/uploads\/2025\/12\/2026-yilbasi-icin-en-populer-rotalar-berlin-528x264.png 528w\" sizes=\"(max-width: 800px) 100vw, 800px\" \/><\/p>\n<p data-start=\"4478\" data-end=\"4574\"><strong data-start=\"4478\" data-end=\"4496\">Neden pop\u00fcler?<\/strong><br data-start=\"4496\" data-end=\"4499\" \/>B\u00fcy\u00fck \u015fehirler, dev y\u0131lba\u015f\u0131 organizasyonlar\u0131 ve zengin e\u011flence se\u00e7enekleri.<\/p>\n<p data-start=\"4576\" data-end=\"4591\"><strong data-start=\"4576\" data-end=\"4589\">Fiyatlar:<\/strong><\/p>\n<ul data-start=\"4592\" data-end=\"4657\">\n<li data-start=\"4592\" data-end=\"4624\">\n<p data-start=\"4594\" data-end=\"4624\">Paket turlar: <strong data-start=\"4608\" data-end=\"4622\">\u20ac600\u2013\u20ac1300<\/strong><\/p>\n<\/li>\n<li data-start=\"4625\" data-end=\"4657\">\n<p data-start=\"4627\" data-end=\"4657\">Bireysel gezi: <strong data-start=\"4642\" data-end=\"4657\">\u20ac800\u2013\u20ac1500+<\/strong><\/p>\n<\/li>\n<\/ul>\n<hr data-start=\"4659\" data-end=\"4662\" \/>\n<h3 data-start=\"4664\" data-end=\"4698\">\ud83c\uddeb\ud83c\uddf7 <strong data-start=\"4671\" data-end=\"4696\">3. Paris Y\u0131lba\u015f\u0131 Turu (Fransa)<\/strong><\/h3>\n<p><img decoding=\"async\" class=\"aligncenter size-full wp-image-3225\" src=\"https:\/\/seyahatpolicesi.com\/blog\/wp-content\/uploads\/2025\/12\/2026-yilbasi-icin-en-populer-rotalar-paris.png\" alt=\"\" width=\"800\" height=\"400\" srcset=\"https:\/\/seyahatpolicesi.com\/blog\/wp-content\/uploads\/2025\/12\/2026-yilbasi-icin-en-populer-rotalar-paris.png 800w, https:\/\/seyahatpolicesi.com\/blog\/wp-content\/uploads\/2025\/12\/2026-yilbasi-icin-en-populer-rotalar-paris-300x150.png 300w, https:\/\/seyahatpolicesi.com\/blog\/wp-content\/uploads\/2025\/12\/2026-yilbasi-icin-en-populer-rotalar-paris-528x264.png 528w\" sizes=\"(max-width: 800px) 100vw, 800px\" \/><\/p>\n<p data-start=\"4699\" data-end=\"4797\"><strong data-start=\"4699\" data-end=\"4717\">Neden pop\u00fcler?<\/strong><br data-start=\"4717\" data-end=\"4720\" \/>Eyfel Kulesi \u0131\u015f\u0131k g\u00f6sterileri, romantik atmosfer, Champs-\u00c9lys\u00e9es kutlamalar\u0131.<\/p>\n<p data-start=\"4799\" data-end=\"4897\"><strong data-start=\"4799\" data-end=\"4812\">Fiyatlar:<\/strong><br data-start=\"4812\" data-end=\"4815\" \/>2026 y\u0131lba\u015f\u0131 Avrupa turu fiyatlar\u0131 Paris i\u00e7in di\u011fer \u015fehirlere g\u00f6re daha y\u00fcksektir.<\/p>\n<ul data-start=\"4899\" data-end=\"4964\">\n<li data-start=\"4899\" data-end=\"4931\">\n<p data-start=\"4901\" data-end=\"4931\">Paket turlar: <strong data-start=\"4915\" data-end=\"4929\">\u20ac800\u2013\u20ac1600<\/strong><\/p>\n<\/li>\n<li data-start=\"4932\" data-end=\"4964\">\n<p data-start=\"4934\" data-end=\"4964\">Bireysel gezi: <strong data-start=\"4949\" data-end=\"4964\">\u20ac1000\u2013\u20ac1900<\/strong><\/p>\n<\/li>\n<\/ul>\n<hr data-start=\"4966\" data-end=\"4969\" \/>\n<h3 data-start=\"4971\" data-end=\"5009\">\ud83c\uddf3\ud83c\uddf1 <strong data-start=\"4978\" data-end=\"5007\">4. Amsterdam Y\u0131lba\u015f\u0131 Turu<\/strong><\/h3>\n<p><img loading=\"lazy\" decoding=\"async\" class=\"aligncenter size-full wp-image-3223\" src=\"https:\/\/seyahatpolicesi.com\/blog\/wp-content\/uploads\/2025\/12\/2026-yilbasi-icin-en-populer-rotalar-amsterdam.png\" alt=\"\" width=\"800\" height=\"400\" srcset=\"https:\/\/seyahatpolicesi.com\/blog\/wp-content\/uploads\/2025\/12\/2026-yilbasi-icin-en-populer-rotalar-amsterdam.png 800w, https:\/\/seyahatpolicesi.com\/blog\/wp-content\/uploads\/2025\/12\/2026-yilbasi-icin-en-populer-rotalar-amsterdam-300x150.png 300w, https:\/\/seyahatpolicesi.com\/blog\/wp-content\/uploads\/2025\/12\/2026-yilbasi-icin-en-populer-rotalar-amsterdam-528x264.png 528w\" sizes=\"(max-width: 800px) 100vw, 800px\" \/><\/p>\n<p data-start=\"5010\" data-end=\"5098\"><strong data-start=\"5010\" data-end=\"5028\">Neden pop\u00fcler?<\/strong><br data-start=\"5028\" data-end=\"5031\" \/>M\u00fczeler, kanallar, y\u0131lba\u015f\u0131 festivalleri ve me\u015fhur \u0131\u015f\u0131k g\u00f6sterileri.<\/p>\n<p data-start=\"5100\" data-end=\"5115\"><strong data-start=\"5100\" data-end=\"5113\">Fiyatlar:<\/strong><\/p>\n<ul data-start=\"5116\" data-end=\"5180\">\n<li data-start=\"5116\" data-end=\"5148\">\n<p data-start=\"5118\" data-end=\"5148\">Paket turlar: <strong data-start=\"5132\" data-end=\"5146\">\u20ac750\u2013\u20ac1500<\/strong><\/p>\n<\/li>\n<li data-start=\"5149\" data-end=\"5180\">\n<p data-start=\"5151\" data-end=\"5180\">Bireysel gezi: <strong data-start=\"5166\" data-end=\"5180\">\u20ac900\u2013\u20ac1700<\/strong><\/p>\n<\/li>\n<\/ul>\n<hr data-start=\"5182\" data-end=\"5185\" \/>\n<h3 data-start=\"5187\" data-end=\"5240\">\ud83c\uddee\ud83c\uddf9 <strong data-start=\"5194\" data-end=\"5238\">5. Milano \u2013 Venedik \u2013 Roma (\u0130talya Turu)<\/strong><\/h3>\n<p><img loading=\"lazy\" decoding=\"async\" class=\"aligncenter size-full wp-image-3226\" src=\"https:\/\/seyahatpolicesi.com\/blog\/wp-content\/uploads\/2025\/12\/2026-yilbasi-icin-en-populer-rotalar-venedik.png\" alt=\"\" width=\"800\" height=\"400\" srcset=\"https:\/\/seyahatpolicesi.com\/blog\/wp-content\/uploads\/2025\/12\/2026-yilbasi-icin-en-populer-rotalar-venedik.png 800w, https:\/\/seyahatpolicesi.com\/blog\/wp-content\/uploads\/2025\/12\/2026-yilbasi-icin-en-populer-rotalar-venedik-300x150.png 300w, https:\/\/seyahatpolicesi.com\/blog\/wp-content\/uploads\/2025\/12\/2026-yilbasi-icin-en-populer-rotalar-venedik-528x264.png 528w\" sizes=\"(max-width: 800px) 100vw, 800px\" \/><\/p>\n<p data-start=\"5241\" data-end=\"5335\"><strong data-start=\"5241\" data-end=\"5259\">Neden pop\u00fcler?<\/strong><br data-start=\"5259\" data-end=\"5262\" \/>Il\u0131man iklim, yeniy\u0131l lezzetleri, tarihi meydanlar, a\u00e7\u0131k hava konserleri.<\/p>\n<p data-start=\"5337\" data-end=\"5421\"><strong data-start=\"5337\" data-end=\"5350\">Fiyatlar:<\/strong><br data-start=\"5350\" data-end=\"5353\" \/>2026 y\u0131lba\u015f\u0131 Avrupa turu fiyatlar\u0131 \u0130talya i\u00e7in orta-\u00fcst seviyededir.<\/p>\n<ul data-start=\"5423\" data-end=\"5487\">\n<li data-start=\"5423\" data-end=\"5455\">\n<p data-start=\"5425\" data-end=\"5455\">Paket turlar: <strong data-start=\"5439\" data-end=\"5453\">\u20ac650\u2013\u20ac1400<\/strong><\/p>\n<\/li>\n<li data-start=\"5456\" data-end=\"5487\">\n<p data-start=\"5458\" data-end=\"5487\">Bireysel gezi: <strong data-start=\"5473\" data-end=\"5487\">\u20ac850\u2013\u20ac1600<\/strong><\/p>\n<\/li>\n<\/ul>\n<hr data-start=\"5489\" data-end=\"5492\" \/>\n<h3 data-start=\"5494\" data-end=\"5547\">\ud83c\uddf5\ud83c\uddf1 <strong data-start=\"5501\" data-end=\"5545\">6. Krakow \u2013 Var\u015fova (Uygun B\u00fct\u00e7eli Rota Polonya Y\u0131lba\u015f\u0131 Turu)<\/strong><\/h3>\n<p><img loading=\"lazy\" decoding=\"async\" class=\"aligncenter size-full wp-image-3227\" src=\"https:\/\/seyahatpolicesi.com\/blog\/wp-content\/uploads\/2025\/12\/2026-yilbasi-icin-en-populer-rotalar-varsova.png\" alt=\"\" width=\"800\" height=\"400\" srcset=\"https:\/\/seyahatpolicesi.com\/blog\/wp-content\/uploads\/2025\/12\/2026-yilbasi-icin-en-populer-rotalar-varsova.png 800w, https:\/\/seyahatpolicesi.com\/blog\/wp-content\/uploads\/2025\/12\/2026-yilbasi-icin-en-populer-rotalar-varsova-300x150.png 300w, https:\/\/seyahatpolicesi.com\/blog\/wp-content\/uploads\/2025\/12\/2026-yilbasi-icin-en-populer-rotalar-varsova-528x264.png 528w\" sizes=\"(max-width: 800px) 100vw, 800px\" \/><\/p>\n<p data-start=\"5548\" data-end=\"5667\"><strong data-start=\"5548\" data-end=\"5566\">Neden pop\u00fcler?<\/strong><br data-start=\"5566\" data-end=\"5569\" \/>Do\u011fu Avrupa\u2019da en ekonomik y\u0131lba\u015f\u0131 se\u00e7eneklerinden biri. Konaklama ucuz, yemek ucuz, etkinlik bol.<\/p>\n<p data-start=\"5669\" data-end=\"5684\"><strong data-start=\"5669\" data-end=\"5682\">Fiyatlar:<\/strong><\/p>\n<ul data-start=\"5685\" data-end=\"5747\">\n<li data-start=\"5685\" data-end=\"5716\">\n<p data-start=\"5687\" data-end=\"5716\">Paket turlar: <strong data-start=\"5701\" data-end=\"5714\">\u20ac450\u2013\u20ac750<\/strong><\/p>\n<\/li>\n<li data-start=\"5717\" data-end=\"5747\">\n<p data-start=\"5719\" data-end=\"5747\">Bireysel gezi: <strong data-start=\"5734\" data-end=\"5747\">\u20ac550\u2013\u20ac900<\/strong><\/p>\n<\/li>\n<\/ul>\n<hr data-start=\"5749\" data-end=\"5752\" \/>\n<h3 data-start=\"5754\" data-end=\"5813\">\ud83c\uddec\ud83c\uddf7 <strong data-start=\"5761\" data-end=\"5811\">7. Selanik \u2013 Atina (Yak\u0131n, Uygun ve E\u011flenceli Yunanistan Y\u0131lba\u015f\u0131 Turu)<\/strong><\/h3>\n<p><img loading=\"lazy\" decoding=\"async\" class=\"aligncenter size-full wp-image-3224\" src=\"https:\/\/seyahatpolicesi.com\/blog\/wp-content\/uploads\/2025\/12\/2026-yilbasi-icin-en-populer-rotalar-selanik.png\" alt=\"\" width=\"800\" height=\"400\" srcset=\"https:\/\/seyahatpolicesi.com\/blog\/wp-content\/uploads\/2025\/12\/2026-yilbasi-icin-en-populer-rotalar-selanik.png 800w, https:\/\/seyahatpolicesi.com\/blog\/wp-content\/uploads\/2025\/12\/2026-yilbasi-icin-en-populer-rotalar-selanik-300x150.png 300w, https:\/\/seyahatpolicesi.com\/blog\/wp-content\/uploads\/2025\/12\/2026-yilbasi-icin-en-populer-rotalar-selanik-528x264.png 528w\" sizes=\"(max-width: 800px) 100vw, 800px\" \/><\/p>\n<p data-start=\"5814\" data-end=\"5887\"><strong data-start=\"5814\" data-end=\"5832\">Neden pop\u00fcler?<\/strong><br data-start=\"5832\" data-end=\"5835\" \/>Vizesi kolay, fiyatlar Avrupa geneline g\u00f6re hesapl\u0131.<\/p>\n<p data-start=\"5889\" data-end=\"6002\"><strong data-start=\"5889\" data-end=\"5902\">Fiyatlar:<\/strong><br data-start=\"5902\" data-end=\"5905\" \/>2026 y\u0131lba\u015f\u0131 Avrupa turu fiyatlar\u0131 a\u00e7\u0131s\u0131ndan T\u00fcrk gezginler i\u00e7in en eri\u015filebilir rotalardan biri.<\/p>\n<ul data-start=\"6004\" data-end=\"6066\">\n<li data-start=\"6004\" data-end=\"6035\">\n<p data-start=\"6006\" data-end=\"6035\">Paket turlar: <strong data-start=\"6020\" data-end=\"6033\">\u20ac350\u2013\u20ac650<\/strong><\/p>\n<\/li>\n<li data-start=\"6036\" data-end=\"6066\">\n<p data-start=\"6038\" data-end=\"6066\">Bireysel gezi: <strong data-start=\"6053\" data-end=\"6066\">\u20ac450\u2013\u20ac800<\/strong><\/p>\n<\/li>\n<\/ul>\n<h2 data-start=\"121\" data-end=\"186\">\ud83d\udee1\ufe0f <strong data-start=\"125\" data-end=\"186\">Y\u0131lba\u015f\u0131 Avrupa Turu \u0130\u00e7in Seyahat Sigortas\u0131 Neden Zorunlu?<\/strong><\/h2>\n<p data-start=\"188\" data-end=\"428\">Y\u0131lba\u015f\u0131 d\u00f6neminde hava ko\u015fullar\u0131, u\u00e7u\u015f iptalleri, ani hastal\u0131klar veya valiz kayb\u0131 gibi riskler artar.<br data-start=\"290\" data-end=\"293\" \/><strong data-start=\"293\" data-end=\"376\">Schengen b\u00f6lgesine yap\u0131lan t\u00fcm seyahatlerde <a href=\"https:\/\/seyahatpolicesi.com\/seyahat-saglik-sigortasi\">seyahat sa\u011fl\u0131k sigortas\u0131<\/a> zorunludur<\/strong> ve bu sigorta olmadan vize ba\u015fvurusu kabul edilmez.<\/p>\n<p data-start=\"430\" data-end=\"708\">Seyahatpolicesi.com, yurt d\u0131\u015f\u0131 seyahatlerinde olu\u015fabilecek <strong data-start=\"489\" data-end=\"519\">zorunlu sa\u011fl\u0131k giderlerini<\/strong> kapsayan uygun fiyatl\u0131 poli\u00e7eler sunar. B\u00f6ylece hem vize s\u00fcrecinizi g\u00fcvence alt\u0131na al\u0131r hem de olas\u0131 aksiliklere kar\u015f\u0131 korunursunuz.<\/p>\n<div style=\"background: #EAF0FF; border: 2px solid #3C5BFF; border-radius: 12px; padding: 20px; text-align: center; font-family: Arial, Helvetica, sans-serif; max-width: 680px; margin: 24px auto; color: #3c5bff;\">\n<p data-start=\"7043\" data-end=\"7086\"><strong>Seyahatpolicesi.com, yurt d\u0131\u015f\u0131 seyahatlerinde olu\u015fabilecek zorunlu sa\u011fl\u0131k giderlerini kapsayan uygun fiyatl\u0131 poli\u00e7eler sunar. B\u00f6ylece hem vize s\u00fcrecinizi g\u00fcvence alt\u0131na al\u0131r hem de olas\u0131 aksiliklere kar\u015f\u0131 korunursunuz.\u00a0<\/strong><\/p>\n<p><a style=\"display: inline-block; background: #FF4F9A; color: #fff; padding: 12px 24px; border-radius: 10px; font-size: 16px; font-weight: bold; text-decoration: none; box-shadow: 0 2px 8px rgba(0,0,0,.08);\" href=\"https:\/\/seyahatpolicesi.com\/seyahat-saglik-sigortasi\" target=\"_blank\" rel=\"noopener\">Hemen seyahat sa\u011fl\u0131k sigortan\u0131 al!<\/a><\/p>\n<\/div>\n<h2 data-start=\"6073\" data-end=\"6140\"><strong data-start=\"6077\" data-end=\"6140\">2026 Y\u0131lba\u015f\u0131 Avrupa Turu Hakk\u0131nda S\u0131k\u00e7a Sorulan Sorular\u00a0<\/strong><\/h2>\n<h3 data-start=\"6142\" data-end=\"6199\"><strong data-start=\"6146\" data-end=\"6197\">1. 2026 y\u0131lba\u015f\u0131 Avrupa turu fiyatlar\u0131 ne kadar?<\/strong><\/h3>\n<p data-start=\"6200\" data-end=\"6280\">Tur, u\u00e7ak, konaklama ve \u015fehir se\u00e7imine g\u00f6re <strong data-start=\"6244\" data-end=\"6262\">\u20ac350 ile \u20ac1900<\/strong> aras\u0131nda de\u011fi\u015fir.<\/p>\n<h3 data-start=\"6282\" data-end=\"6336\"><strong data-start=\"6286\" data-end=\"6334\">2. En ucuz y\u0131lba\u015f\u0131 Avrupa turlar\u0131 hangileri?<\/strong><\/h3>\n<ul data-start=\"6337\" data-end=\"6387\">\n<li data-start=\"6337\" data-end=\"6348\">\n<p data-start=\"6339\" data-end=\"6348\">Polonya<\/p>\n<\/li>\n<li data-start=\"6349\" data-end=\"6362\">\n<p data-start=\"6351\" data-end=\"6362\">Balkanlar<\/p>\n<\/li>\n<li data-start=\"6363\" data-end=\"6372\">\n<p data-start=\"6365\" data-end=\"6372\">\u00c7ekya<\/p>\n<\/li>\n<li data-start=\"6373\" data-end=\"6387\">\n<p data-start=\"6375\" data-end=\"6387\">Macaristan<\/p>\n<\/li>\n<\/ul>\n<p data-start=\"6389\" data-end=\"6456\">Bu \u015fehirlerde <strong data-start=\"6403\" data-end=\"6441\">2026 y\u0131lba\u015f\u0131 Avrupa turu fiyatlar\u0131<\/strong> daha uygundur.<\/p>\n<h3 data-start=\"6458\" data-end=\"6507\"><strong data-start=\"6462\" data-end=\"6505\">3. En pahal\u0131 y\u0131lba\u015f\u0131 turlar\u0131 hangileri?<\/strong><\/h3>\n<ul data-start=\"6508\" data-end=\"6558\">\n<li data-start=\"6508\" data-end=\"6517\">\n<p data-start=\"6510\" data-end=\"6517\">Paris<\/p>\n<\/li>\n<li data-start=\"6518\" data-end=\"6531\">\n<p data-start=\"6520\" data-end=\"6531\">Amsterdam<\/p>\n<\/li>\n<li data-start=\"6532\" data-end=\"6541\">\n<p data-start=\"6534\" data-end=\"6541\">M\u00fcnih<\/p>\n<\/li>\n<li data-start=\"6542\" data-end=\"6558\">\n<p data-start=\"6544\" data-end=\"6558\">Venedik &amp; Roma<\/p>\n<\/li>\n<\/ul>\n<h3 data-start=\"6560\" data-end=\"6609\"><strong data-start=\"6564\" data-end=\"6607\">4. Paket tur mu, bireysel mi daha ucuz?<\/strong><\/h3>\n<p data-start=\"6610\" data-end=\"6697\">Erken rezervasyonda <strong data-start=\"6630\" data-end=\"6643\">paket tur<\/strong>, son dakika plan\u0131nda <strong data-start=\"6665\" data-end=\"6682\">bireysel gezi<\/strong> daha uygundur.<\/p>\n<h3 data-start=\"6699\" data-end=\"6747\"><strong data-start=\"6703\" data-end=\"6745\">5. Y\u0131lba\u015f\u0131nda Avrupa \u00e7ok mu kalabal\u0131k?<\/strong><\/h3>\n<p data-start=\"6748\" data-end=\"6819\">Evet, \u00f6zellikle b\u00fcy\u00fck meydanlar ve \u015fehir merkezleri olduk\u00e7a yo\u011fun olur.<\/p>\n<h2 data-start=\"6826\" data-end=\"6884\">\ud83e\uddf3 <strong data-start=\"6831\" data-end=\"6884\">2026 Y\u0131lba\u015f\u0131 Avrupa Turu \u0130\u00e7in B\u00fct\u00e7e Plan\u0131 (\u00d6rnek)<\/strong><\/h2>\n<h3 data-start=\"6886\" data-end=\"6930\">\ud83d\udfe6 <strong data-start=\"6892\" data-end=\"6928\">Ekonomik Plan (Balkanlar \/ Prag)<\/strong><\/h3>\n<ul data-start=\"6931\" data-end=\"7030\">\n<li data-start=\"6931\" data-end=\"6958\">\n<p data-start=\"6933\" data-end=\"6958\">U\u00e7ak &amp; Ula\u015f\u0131m: \u20ac150\u2013250<\/p>\n<\/li>\n<li data-start=\"6959\" data-end=\"6980\">\n<p data-start=\"6961\" data-end=\"6980\">Konaklama: \u20ac20\u201340<\/p>\n<\/li>\n<li data-start=\"6981\" data-end=\"7007\">\n<p data-start=\"6983\" data-end=\"7007\">G\u00fcnl\u00fck Harcama: \u20ac35\u201360<\/p>\n<\/li>\n<li data-start=\"7008\" data-end=\"7030\">\n<p data-start=\"7010\" data-end=\"7030\">Toplam: <strong data-start=\"7018\" data-end=\"7030\">\u20ac450\u2013700<\/strong><\/p>\n<\/li>\n<\/ul>\n<h3 data-start=\"7037\" data-end=\"7085\">\ud83d\udfe9 <strong data-start=\"7043\" data-end=\"7083\">Orta Segment Plan (\u0130talya \/ Almanya)<\/strong><\/h3>\n<ul data-start=\"7086\" data-end=\"7178\">\n<li data-start=\"7086\" data-end=\"7104\">\n<p data-start=\"7088\" data-end=\"7104\">U\u00e7ak: \u20ac250\u2013400<\/p>\n<\/li>\n<li data-start=\"7105\" data-end=\"7126\">\n<p data-start=\"7107\" data-end=\"7126\">Konaklama: \u20ac50\u201380<\/p>\n<\/li>\n<li data-start=\"7127\" data-end=\"7154\">\n<p data-start=\"7129\" data-end=\"7154\">G\u00fcnl\u00fck Harcama: \u20ac70\u2013120<\/p>\n<\/li>\n<li data-start=\"7155\" data-end=\"7178\">\n<p data-start=\"7157\" data-end=\"7178\">Toplam: <strong data-start=\"7165\" data-end=\"7178\">\u20ac750\u20131200<\/strong><\/p>\n<\/li>\n<\/ul>\n<h3 data-start=\"7185\" data-end=\"7230\">\ud83d\udfe5 <strong data-start=\"7191\" data-end=\"7228\">Konforlu Plan (Paris \/ Amsterdam)<\/strong><\/h3>\n<ul data-start=\"7231\" data-end=\"7326\">\n<li data-start=\"7231\" data-end=\"7249\">\n<p data-start=\"7233\" data-end=\"7249\">U\u00e7ak: \u20ac350\u2013500<\/p>\n<\/li>\n<li data-start=\"7250\" data-end=\"7272\">\n<p data-start=\"7252\" data-end=\"7272\">Konaklama: \u20ac80\u2013150<\/p>\n<\/li>\n<li data-start=\"7273\" data-end=\"7301\">\n<p data-start=\"7275\" data-end=\"7301\">G\u00fcnl\u00fck Harcama: \u20ac120\u2013200<\/p>\n<\/li>\n<li data-start=\"7302\" data-end=\"7326\">\n<p data-start=\"7304\" data-end=\"7326\">Toplam: <strong data-start=\"7312\" data-end=\"7326\">\u20ac1200\u20131900<\/strong><\/p>\n<\/li>\n<\/ul>\n<p data-start=\"7842\" data-end=\"7962\">Daha fazla seyahat ipucu ve rehber i\u00e7in blog sayfam\u0131z\u0131 ziyaret edebilirsiniz: \ud83d\udc49 <strong data-start=\"7925\" data-end=\"7962\"><a class=\"decorated-link\" href=\"https:\/\/seyahatpolicesi.com\/blog\/\" target=\"_new\" rel=\"noopener\" data-start=\"7927\" data-end=\"7960\">Seyahat poli\u00e7esi blog<\/a><\/strong><\/p>\n<p data-start=\"7982\" data-end=\"8266\">2026 y\u0131lba\u015f\u0131 Avrupa turu fiyatlar\u0131, se\u00e7ece\u011finiz \u015fehir, konaklama t\u00fcr\u00fc, ula\u015f\u0131m \u015fekli ve tatil tarz\u0131n\u0131za g\u00f6re olduk\u00e7a de\u011fi\u015fken bir aral\u0131\u011fa sahip. Ancak do\u011fru planlama, erken rezervasyon ve b\u00fct\u00e7eye uygun rota se\u00e7imiyle, y\u0131lba\u015f\u0131n\u0131 Avrupa\u2019da ge\u00e7irmek san\u0131ld\u0131\u011f\u0131ndan \u00e7ok daha eri\u015filebilir.<\/p>\n<p data-start=\"8268\" data-end=\"8492\">\u0130ster Prag\u2019\u0131n masals\u0131 meydanlar\u0131nda, ister Paris\u2019in \u0131\u015f\u0131kl\u0131 sokaklar\u0131nda, ister Balkanlar\u0131n s\u0131cak atmosferinde yeni y\u0131la girmek isteyin \u2014 2026 y\u0131lba\u015f\u0131 Avrupa turu fiyatlar\u0131 i\u00e7in bu rehber t\u00fcm karar s\u00fcrecinizi kolayla\u015ft\u0131racak.<\/p>\n","protected":false},"excerpt":{"rendered":"2026 y\u0131lba\u015f\u0131 Avrupa turu fiyatlar\u0131 son d\u00f6nemde en \u00e7ok merak edilen konulardan biri h\u00e2line geldi. Yeni y\u0131la Avrupa\u2019da,&hellip;","protected":false},"author":1,"featured_media":3219,"comment_status":"open","ping_status":"open","sticky":false,"template":"","format":"standard","meta":{"csco_singular_sidebar":"","csco_page_header_type":"","csco_page_load_nextpost":"","csco_post_video_location":[],"csco_post_video_location_hash":"","csco_post_video_url":"","csco_post_video_bg_start_time":0,"csco_post_video_bg_end_time":0,"csco_post_video_bg_volume":false,"footnotes":""},"categories":[1],"tags":[],"class_list":{"0":"post-3216","1":"post","2":"type-post","3":"status-publish","4":"format-standard","5":"has-post-thumbnail","7":"category-genel","8":"cs-entry","9":"cs-video-wrap"},"aioseo_notices":[],"_links":{"self":[{"href":"https:\/\/seyahatpolicesi.com\/blog\/wp-json\/wp\/v2\/posts\/3216","targetHints":{"allow":["GET"]}}],"collection":[{"href":"https:\/\/seyahatpolicesi.com\/blog\/wp-json\/wp\/v2\/posts"}],"about":[{"href":"https:\/\/seyahatpolicesi.com\/blog\/wp-json\/wp\/v2\/types\/post"}],"author":[{"embeddable":true,"href":"https:\/\/seyahatpolicesi.com\/blog\/wp-json\/wp\/v2\/users\/1"}],"replies":[{"embeddable":true,"href":"https:\/\/seyahatpolicesi.com\/blog\/wp-json\/wp\/v2\/comments?post=3216"}],"version-history":[{"count":3,"href":"https:\/\/seyahatpolicesi.com\/blog\/wp-json\/wp\/v2\/posts\/3216\/revisions"}],"predecessor-version":[{"id":3228,"href":"https:\/\/seyahatpolicesi.com\/blog\/wp-json\/wp\/v2\/posts\/3216\/revisions\/3228"}],"wp:featuredmedia":[{"embeddable":true,"href":"https:\/\/seyahatpolicesi.com\/blog\/wp-json\/wp\/v2\/media\/3219"}],"wp:attachment":[{"href":"https:\/\/seyahatpolicesi.com\/blog\/wp-json\/wp\/v2\/media?parent=3216"}],"wp:term":[{"taxonomy":"category","embeddable":true,"href":"https:\/\/seyahatpolicesi.com\/blog\/wp-json\/wp\/v2\/categories?post=3216"},{"taxonomy":"post_tag","embeddable":true,"href":"https:\/\/seyahatpolicesi.com\/blog\/wp-json\/wp\/v2\/tags?post=3216"}],"curies":[{"name":"wp","href":"https:\/\/api.w.org\/{rel}","templated":true}]}}