{"id":2728,"date":"2025-10-20T13:41:38","date_gmt":"2025-10-20T10:41:38","guid":{"rendered":"https:\/\/seyahatpolicesi.com\/blog\/?p=2728"},"modified":"2025-10-31T12:59:45","modified_gmt":"2025-10-31T09:59:45","slug":"vizesiz-noel-pazarlari-2025-2026","status":"publish","type":"post","link":"https:\/\/seyahatpolicesi.com\/blog\/vizesiz-noel-pazarlari-2025-2026\/","title":{"rendered":"Vizesiz Noel Pazarlar\u0131 2025-2026"},"content":{"rendered":"<p data-start=\"812\" data-end=\"1137\"><strong data-start=\"812\" data-end=\"838\">Vizesiz Noel pazarlar\u0131<\/strong>\u00a02025-2026 k\u0131\u015f\u0131nda Avrupa\u2019n\u0131n b\u00fcy\u00fcs\u00fcn\u00fc vize almadan ya\u015famak isteyenler i\u00e7in ideal bir se\u00e7enek sunuyor. Kimlikle ya da pasaportla kolayca ula\u015fabilece\u011finiz bu \u00fclkelerde, \u0131\u015f\u0131l \u0131\u015f\u0131l s\u00fcslenmi\u015f meydanlar, s\u0131cak i\u00e7ecekler, el yap\u0131m\u0131 hediyelikler ve canl\u0131 m\u00fcziklerle dolu bir k\u0131\u015f atmosferi sizi bekliyor.<\/p>\n<p data-start=\"1139\" data-end=\"1361\">Bu yaz\u0131da, vizesiz Noel pazarlar\u0131 aras\u0131nda yer alan G\u00fcrcistan, Karada\u011f, Kuzey Makedonya, Kosova, Arnavutluk ve S\u0131rbistan \u015fehirlerini; pazar tarihleri, \u00f6ne \u00e7\u0131kan \u00f6zellikleri ve yerel tatlar\u0131yla birlikte inceleyece\u011fiz.<\/p>\n<h2 data-start=\"257\" data-end=\"336\">\ud83c\udf84 Vizesiz Noel Pazarlar\u0131 2025-2026: I\u015f\u0131klar, M\u00fczik ve Tatl\u0131 Bir K\u0131\u015f Kokusu<\/h2>\n<p data-start=\"338\" data-end=\"715\"><strong data-start=\"338\" data-end=\"364\">Vizesiz Noel pazarlar\u0131<\/strong>, 2025-2026 sezonunda T\u00fcrk vatanda\u015flar\u0131 i\u00e7in hem kolay ula\u015f\u0131labilir hem de k\u00fclt\u00fcrel \u00e7e\u015fitlili\u011fiyle k\u0131\u015f\u0131n en cazip seyahat rotalar\u0131n\u0131 olu\u015fturuyor. Kas\u0131m ay\u0131n\u0131n son haftas\u0131ndan Ocak ay\u0131n\u0131n ilk haftas\u0131na kadar kurulan pazarlar; dev y\u0131lba\u015f\u0131 a\u011fa\u00e7lar\u0131, buz pistleri, s\u0131cak \u015farap kokular\u0131 ve el yap\u0131m\u0131 hediyelik stantlar\u0131yla benzersiz bir atmosfer sunuyor.<\/p>\n<p data-start=\"717\" data-end=\"776\">T\u00fcm tarihler <strong data-start=\"730\" data-end=\"773\">tahmini olup, resmi onay beklenmektedir<\/strong>.<\/p>\n<p data-start=\"717\" data-end=\"776\"><img fetchpriority=\"high\" decoding=\"async\" class=\"aligncenter size-full wp-image-2731\" src=\"https:\/\/seyahatpolicesi.com\/blog\/wp-content\/uploads\/2025\/10\/gurcistan-noel-pazarlari.png\" alt=\"\" width=\"800\" height=\"400\" srcset=\"https:\/\/seyahatpolicesi.com\/blog\/wp-content\/uploads\/2025\/10\/gurcistan-noel-pazarlari.png 800w, https:\/\/seyahatpolicesi.com\/blog\/wp-content\/uploads\/2025\/10\/gurcistan-noel-pazarlari-300x150.png 300w, https:\/\/seyahatpolicesi.com\/blog\/wp-content\/uploads\/2025\/10\/gurcistan-noel-pazarlari-528x264.png 528w\" sizes=\"(max-width: 800px) 100vw, 800px\" \/><\/p>\n<h2 data-start=\"783\" data-end=\"861\">\ud83c\uddec\ud83c\uddea G\u00fcrcistan Noel Pazarlar\u0131: Tiflis ve Batum\u2019da G\u00fcrc\u00fc Misafirperverli\u011fi<\/h2>\n<h3 data-start=\"863\" data-end=\"924\">Tiflis Noel Pazar\u0131 \u2013 Freedom Square &amp; Orbeliani Meydan\u0131<\/h3>\n<p data-start=\"925\" data-end=\"974\"><strong data-start=\"925\" data-end=\"943\">Tahmini Tarih:<\/strong> 15 Aral\u0131k 2025 \u2013 7 Ocak 2026<\/p>\n<p data-start=\"976\" data-end=\"1287\">Tiflis, k\u0131\u015f\u0131n karla kapland\u0131\u011f\u0131nda adeta bir masal \u015fehrine d\u00f6n\u00fc\u015f\u00fcr. Freedom Square\u2019deki Noel pazar\u0131, \u0131\u015f\u0131kl\u0131 s\u00fcslemeler, dev y\u0131lba\u015f\u0131 a\u011fac\u0131 ve canl\u0131 m\u00fcziklerle b\u00fcy\u00fcleyici bir atmosfer yarat\u0131r. Pazarda, G\u00fcrcistan\u2019\u0131n \u00fcnl\u00fc tatl\u0131s\u0131 <strong data-start=\"1201\" data-end=\"1216\">churchkhela<\/strong>, tar\u00e7\u0131nl\u0131 s\u0131cak i\u00e7ecekler ve el yap\u0131m\u0131 ah\u015fap hediyelikler \u00f6ne \u00e7\u0131kar.<\/p>\n<p data-start=\"1289\" data-end=\"1599\">Ziyaret\u00e7iler, Tiflis\u2019in eski \u015fehir sokaklar\u0131n\u0131 ke\u015ffederken yerel k\u00fclt\u00fcr\u00fc deneyimleme f\u0131rsat\u0131 bulur. Ayr\u0131ca pazara yak\u0131n kafelerde s\u0131cak \u015farap ve geleneksel G\u00fcrc\u00fc yemeklerini tatmak m\u00fcmk\u00fcnd\u00fcr. Tiflis, vizesiz Noel pazarlar\u0131 aras\u0131nda hem yak\u0131nl\u0131\u011f\u0131 hem de samimi havas\u0131yla s\u0131k tercih edilen \u015fehirlerden biridir.<\/p>\n<h3 data-start=\"1601\" data-end=\"1640\">Batum Noel Pazar\u0131 \u2013 Europe Square<\/h3>\n<p data-start=\"1641\" data-end=\"1690\"><strong data-start=\"1641\" data-end=\"1659\">Tahmini Tarih:<\/strong> 10 Aral\u0131k 2025 \u2013 5 Ocak 2026<\/p>\n<p data-start=\"1692\" data-end=\"2027\">Batum\u2019un sahil kenar\u0131ndaki Europe Square, renkli Noel s\u00fcslemeleri ve \u0131\u015f\u0131klarla donat\u0131l\u0131r. G\u00fcrc\u00fc mutfa\u011f\u0131n\u0131n \u00fcnl\u00fc lezzeti <strong data-start=\"1812\" data-end=\"1826\">khachapuri<\/strong> ve tar\u00e7\u0131nl\u0131 s\u0131cak i\u00e7ecekler e\u015fli\u011finde keyifli bir y\u00fcr\u00fcy\u00fc\u015f yapabilirsiniz. Ak\u015fam saatlerinde deniz kenar\u0131nda yap\u0131lan \u0131\u015f\u0131k g\u00f6sterileri, foto\u011fraf ve sosyal medya payla\u015f\u0131mlar\u0131 i\u00e7in harika kareler sunar.<\/p>\n<p data-start=\"2029\" data-end=\"2155\">Batum pazar\u0131, hem yerel k\u00fclt\u00fcr\u00fc deneyimlemek hem de Karadeniz k\u0131y\u0131s\u0131nda romantik bir Noel ge\u00e7irmek isteyenler i\u00e7in idealdir.<\/p>\n<p data-start=\"2029\" data-end=\"2155\"><img decoding=\"async\" class=\"aligncenter size-full wp-image-2732\" src=\"https:\/\/seyahatpolicesi.com\/blog\/wp-content\/uploads\/2025\/10\/karadag-noel-pazarlari.png\" alt=\"\" width=\"800\" height=\"400\" srcset=\"https:\/\/seyahatpolicesi.com\/blog\/wp-content\/uploads\/2025\/10\/karadag-noel-pazarlari.png 800w, https:\/\/seyahatpolicesi.com\/blog\/wp-content\/uploads\/2025\/10\/karadag-noel-pazarlari-300x150.png 300w, https:\/\/seyahatpolicesi.com\/blog\/wp-content\/uploads\/2025\/10\/karadag-noel-pazarlari-528x264.png 528w\" sizes=\"(max-width: 800px) 100vw, 800px\" \/><\/p>\n<h2 data-start=\"2162\" data-end=\"2241\">\ud83c\uddf2\ud83c\uddea Karada\u011f Noel Pazarlar\u0131: Budva, Kotor ve Podgorica\u2019da Akdeniz Esintisi<\/h2>\n<h3 data-start=\"2243\" data-end=\"2287\">Budva Noel Pazar\u0131 \u2013 Eski \u015eehir Meydan\u0131<\/h3>\n<p data-start=\"2288\" data-end=\"2337\"><strong data-start=\"2288\" data-end=\"2306\">Tahmini Tarih:<\/strong> 12 Aral\u0131k 2025 \u2013 7 Ocak 2026<\/p>\n<p data-start=\"2339\" data-end=\"2602\">Budva, sahil boyunca uzanan \u0131\u015f\u0131k zincirleri ve s\u00fcslemelerle muhte\u015fem bir g\u00f6rsel \u015f\u00f6len sunar. Ah\u015fap kul\u00fcbelerde el yap\u0131m\u0131 sabunlar, peynirler ve Karada\u011f \u015faraplar\u0131 bulunur. \u00c7ocuklar i\u00e7in k\u00fc\u00e7\u00fck etkinlik alanlar\u0131 ve sahne g\u00f6sterileri pazara ayr\u0131 bir canl\u0131l\u0131k katar.<\/p>\n<p data-start=\"2604\" data-end=\"2712\">Budva, sahil boyunca y\u00fcr\u00fcy\u00fc\u015f yapmay\u0131 sevenler ve foto\u011fraf \u00e7ekmek isteyenler i\u00e7in ideal bir destinasyondur.<\/p>\n<h3 data-start=\"2714\" data-end=\"2756\">Kotor Noel Pazar\u0131 \u2013 Old Town Meydan\u0131<\/h3>\n<p data-start=\"2757\" data-end=\"2807\"><strong data-start=\"2757\" data-end=\"2775\">Tahmini Tarih:<\/strong> 10 Aral\u0131k 2025 \u2013 10 Ocak 2026<\/p>\n<p data-start=\"2809\" data-end=\"3091\">Kotor\u2019un tarihi surlar\u0131 aras\u0131nda kurulan Noel pazar\u0131, ta\u015f sokaklar ve romantik atmosferiyle \u00f6ne \u00e7\u0131kar. Pazarda <strong data-start=\"2920\" data-end=\"2930\">cevapi<\/strong>, s\u0131cak \u00e7ikolata ve kestane gibi yerel lezzetler mutlaka denenmeli. Ak\u015famlar\u0131 d\u00fczenlenen m\u00fczik performanslar\u0131 ve \u0131\u015f\u0131kland\u0131rmalar, \u015fehre masals\u0131 bir hava katar.<\/p>\n<h3 data-start=\"3093\" data-end=\"3136\">Podgorica Noel Pazar\u0131 \u2013 Bokeska Ulica<\/h3>\n<p data-start=\"3137\" data-end=\"3185\"><strong data-start=\"3137\" data-end=\"3155\">Tahmini Tarih:<\/strong> 5 Aral\u0131k 2025 \u2013 5 Ocak 2026<\/p>\n<p data-start=\"3187\" data-end=\"3386\">Podgorica\u2019da her y\u0131l \u201cWinterville\u201d ad\u0131yla d\u00fczenlenen etkinlik, konserler, sokak g\u00f6sterileri ve el sanatlar\u0131 sergileriyle zenginle\u015fir. Yerel tatl\u0131lar ve s\u0131cak i\u00e7ecekler pazarda \u00f6nemli bir yer tutar.<\/p>\n<p data-start=\"3187\" data-end=\"3386\"><img decoding=\"async\" class=\"aligncenter size-full wp-image-2733\" src=\"https:\/\/seyahatpolicesi.com\/blog\/wp-content\/uploads\/2025\/10\/kuzey-makedonya-noel-pazarlari.png\" alt=\"\" width=\"800\" height=\"400\" srcset=\"https:\/\/seyahatpolicesi.com\/blog\/wp-content\/uploads\/2025\/10\/kuzey-makedonya-noel-pazarlari.png 800w, https:\/\/seyahatpolicesi.com\/blog\/wp-content\/uploads\/2025\/10\/kuzey-makedonya-noel-pazarlari-300x150.png 300w, https:\/\/seyahatpolicesi.com\/blog\/wp-content\/uploads\/2025\/10\/kuzey-makedonya-noel-pazarlari-528x264.png 528w\" sizes=\"(max-width: 800px) 100vw, 800px\" \/><\/p>\n<h2 data-start=\"3393\" data-end=\"3459\">\ud83c\uddf2\ud83c\uddf0 Kuzey Makedonya Noel Pazar\u0131: \u00dcsk\u00fcp\u2019\u00fcn B\u00fcy\u00fcleyici Meydan\u0131<\/h2>\n<h3 data-start=\"3461\" data-end=\"3504\">\u00dcsk\u00fcp Noel Pazar\u0131 \u2013 Makedonya Meydan\u0131<\/h3>\n<p data-start=\"3505\" data-end=\"3553\"><strong data-start=\"3505\" data-end=\"3523\">Tahmini Tarih:<\/strong> 25 Kas\u0131m 2025 \u2013 7 Ocak 2026<\/p>\n<p data-start=\"3555\" data-end=\"3738\">\u00dcsk\u00fcp, Balkan m\u00fczikleri, s\u0131cak i\u00e7ecekleri ve y\u00f6resel tatlar\u0131yla Noel ruhunu en canl\u0131 ya\u015fatan \u015fehirlerden biridir. Pazarda <strong data-start=\"3677\" data-end=\"3725\">burek, ajvar, s\u0131cak \u015farap ve trile\u00e7e tatl\u0131s\u0131<\/strong> \u00f6ne \u00e7\u0131kar.<\/p>\n<p data-start=\"3740\" data-end=\"3920\">\u015eehir merkezi y\u00fcr\u00fcyerek ke\u015ffedilebilece\u011fi i\u00e7in k\u0131sa s\u00fcrede pazar\u0131 ve civar kafeleri gezebilirsiniz. \u00dcsk\u00fcp, vizesiz Noel pazarlar\u0131 aras\u0131nda ekonomik ve uygun bir alternatif sunar.<\/p>\n<p data-start=\"3740\" data-end=\"3920\"><img loading=\"lazy\" decoding=\"async\" class=\"aligncenter size-full wp-image-2734\" src=\"https:\/\/seyahatpolicesi.com\/blog\/wp-content\/uploads\/2025\/10\/kosova-noel-pazari.png\" alt=\"\" width=\"800\" height=\"400\" srcset=\"https:\/\/seyahatpolicesi.com\/blog\/wp-content\/uploads\/2025\/10\/kosova-noel-pazari.png 800w, https:\/\/seyahatpolicesi.com\/blog\/wp-content\/uploads\/2025\/10\/kosova-noel-pazari-300x150.png 300w, https:\/\/seyahatpolicesi.com\/blog\/wp-content\/uploads\/2025\/10\/kosova-noel-pazari-528x264.png 528w\" sizes=\"(max-width: 800px) 100vw, 800px\" \/><\/p>\n<h2 data-start=\"3927\" data-end=\"3983\">\ud83c\uddfd\ud83c\uddf0 Kosova Noel Pazar\u0131: Pri\u015ftine\u2019de S\u0131cak Bir Noel<\/h2>\n<h3 data-start=\"3985\" data-end=\"4036\">Pri\u015ftine Noel Pazar\u0131 \u2013 Zahir Pajaziti Meydan\u0131<\/h3>\n<p data-start=\"4037\" data-end=\"4086\"><strong data-start=\"4037\" data-end=\"4055\">Tahmini Tarih:<\/strong> 10 Aral\u0131k 2025 \u2013 5 Ocak 2026<\/p>\n<p data-start=\"4088\" data-end=\"4246\">Pri\u015ftine\u2019nin renkli meydan\u0131nda k\u00fc\u00e7\u00fck ah\u015fap kul\u00fcbeler kurulur. Pazarda el yap\u0131m\u0131 mumlar, s\u0131cak \u015farap ve y\u00f6resel lezzetler olan <strong data-start=\"4214\" data-end=\"4223\">flija<\/strong> gibi tatlar bulunur.<\/p>\n<p data-start=\"4248\" data-end=\"4384\">Pri\u015ftine, aileyle gezmek i\u00e7in g\u00fcvenli ve ekonomik bir destinasyondur. Sokak g\u00f6sterileri ve k\u00fc\u00e7\u00fck konserler, \u015fehre Noel ruhunu getirir.<\/p>\n<h2 data-start=\"4391\" data-end=\"4452\">\ud83c\udde6\ud83c\uddf1 Arnavutluk Noel Pazar\u0131: Tiran\u2019da Modern Bir Kutlama<\/h2>\n<h3 data-start=\"4454\" data-end=\"4498\">Tiran Noel Pazar\u0131 \u2013 Skanderbeg Meydan\u0131<\/h3>\n<p data-start=\"4499\" data-end=\"4547\"><strong data-start=\"4499\" data-end=\"4517\">Tahmini Tarih:<\/strong> 1 Aral\u0131k 2025 \u2013 6 Ocak 2026<\/p>\n<p data-start=\"4549\" data-end=\"4740\">Tiran, modern \u015fehir yap\u0131s\u0131yla geleneksel Noel ruhunu harmanlar. Skanderbeg Meydan\u0131\u2019nda kurulan dev y\u0131lba\u015f\u0131 a\u011fac\u0131, \u00e7ocuklar i\u00e7in e\u011flence alanlar\u0131 ve sokak konserleriyle \u015fehre canl\u0131l\u0131k katar.<\/p>\n<p data-start=\"4742\" data-end=\"4909\">Pazarda el yap\u0131m\u0131 s\u00fcsler, yerel yiyecekler ve s\u0131cak i\u00e7ecekler sat\u0131l\u0131r. Tiran, hem k\u00fclt\u00fcrel hem e\u011flenceli bir deneyim sunan vizesiz Noel pazarlar\u0131 aras\u0131nda \u00f6ne \u00e7\u0131kar.<\/p>\n<p data-start=\"4742\" data-end=\"4909\"><img loading=\"lazy\" decoding=\"async\" class=\"aligncenter size-full wp-image-2735\" src=\"https:\/\/seyahatpolicesi.com\/blog\/wp-content\/uploads\/2025\/10\/sirbistan-noel-pazari.png\" alt=\"\" width=\"800\" height=\"400\" srcset=\"https:\/\/seyahatpolicesi.com\/blog\/wp-content\/uploads\/2025\/10\/sirbistan-noel-pazari.png 800w, https:\/\/seyahatpolicesi.com\/blog\/wp-content\/uploads\/2025\/10\/sirbistan-noel-pazari-300x150.png 300w, https:\/\/seyahatpolicesi.com\/blog\/wp-content\/uploads\/2025\/10\/sirbistan-noel-pazari-528x264.png 528w\" sizes=\"(max-width: 800px) 100vw, 800px\" \/><\/p>\n<h2 data-start=\"4916\" data-end=\"4984\">\ud83c\uddf7\ud83c\uddf8 S\u0131rbistan Noel Pazar\u0131: Belgrad\u2019da Ger\u00e7ek Bir K\u0131\u015f Festivali<\/h2>\n<h3 data-start=\"4986\" data-end=\"5054\">Belgrad Noel Pazar\u0131 \u2013 Knez Mihailova Caddesi &amp; Republic Square<\/h3>\n<p data-start=\"5055\" data-end=\"5104\"><strong data-start=\"5055\" data-end=\"5073\">Tahmini Tarih:<\/strong> 1 Aral\u0131k 2025 \u2013 15 Ocak 2026<\/p>\n<p data-start=\"5106\" data-end=\"5346\">Belgrad, Noel d\u00f6neminde Balkanlar\u2019\u0131n en b\u00fcy\u00fck k\u0131\u015f etkinliklerinden birine ev sahipli\u011fi yapar. Knez Mihailova Caddesi boyunca uzanan Noel k\u00f6y\u00fc, \u0131\u015f\u0131kl\u0131 s\u00fcslemeleri, s\u0131cak \u00e7ikolata kokusu ve canl\u0131 m\u00fczikleriyle tam bir masal diyar\u0131na d\u00f6n\u00fc\u015f\u00fcr.<\/p>\n<p data-start=\"5348\" data-end=\"5472\">Uygun fiyatl\u0131 konaklama ve restoran se\u00e7enekleri, Belgrad\u2019\u0131 <strong data-start=\"5407\" data-end=\"5433\">vizesiz Noel pazarlar\u0131<\/strong> rotas\u0131n\u0131n favorilerinden biri yapar.<\/p>\n<h2 data-start=\"5479\" data-end=\"5525\">Vizesiz Noel Pazarlar\u0131 2025-2026 Tablosu<\/h2>\n<table style=\"height: 716px;\" width=\"790\" data-start=\"5527\" data-end=\"6510\">\n<tbody>\n<tr data-start=\"5527\" data-end=\"5595\">\n<td width=\"119\">\u00dclke<\/td>\n<td width=\"113\">\u015eehir<\/td>\n<td width=\"100\">Tahmini Tarihler<\/td>\n<td width=\"112\">Etkinlik \u00d6zelli\u011fi<\/td>\n<td width=\"107\">Puan (1-5)<\/td>\n<\/tr>\n<tr data-start=\"5662\" data-end=\"5753\">\n<td width=\"119\" data-start=\"5662\" data-end=\"5674\" data-col-size=\"sm\">G\u00fcrcistan<\/td>\n<td width=\"113\" data-col-size=\"sm\" data-start=\"5674\" data-end=\"5683\">Tiflis<\/td>\n<td width=\"100\" data-col-size=\"sm\" data-start=\"5683\" data-end=\"5714\">15 Aral\u0131k 2025 \u2013 7 Ocak 2026<\/td>\n<td width=\"112\" data-col-size=\"sm\" data-start=\"5714\" data-end=\"5744\">Tarihi merkez, \u0131\u015f\u0131k \u015fovlar\u0131<\/td>\n<td width=\"107\" data-col-size=\"sm\" data-start=\"5744\" data-end=\"5753\">\u2b50\u2b50\u2b50\u2b50<\/td>\n<\/tr>\n<tr data-start=\"5754\" data-end=\"5842\">\n<td width=\"119\" data-start=\"5754\" data-end=\"5766\" data-col-size=\"sm\">G\u00fcrcistan<\/td>\n<td width=\"113\" data-col-size=\"sm\" data-start=\"5766\" data-end=\"5774\">Batum<\/td>\n<td width=\"100\" data-col-size=\"sm\" data-start=\"5774\" data-end=\"5805\">10 Aral\u0131k 2025 \u2013 5 Ocak 2026<\/td>\n<td width=\"112\" data-col-size=\"sm\" data-start=\"5805\" data-end=\"5834\">Sahil atmosferi, konserler<\/td>\n<td width=\"107\" data-col-size=\"sm\" data-start=\"5834\" data-end=\"5842\">\u2b50\u2b50\u2b50\u2b50<\/td>\n<\/tr>\n<tr data-start=\"5843\" data-end=\"5939\">\n<td width=\"119\" data-start=\"5843\" data-end=\"5853\" data-col-size=\"sm\">Karada\u011f<\/td>\n<td width=\"113\" data-col-size=\"sm\" data-start=\"5853\" data-end=\"5861\">Budva<\/td>\n<td width=\"100\" data-col-size=\"sm\" data-start=\"5861\" data-end=\"5892\">12 Aral\u0131k 2025 \u2013 7 Ocak 2026<\/td>\n<td width=\"112\" data-col-size=\"sm\" data-start=\"5892\" data-end=\"5931\">Sahil kutlamalar\u0131, el yap\u0131m\u0131 \u00fcr\u00fcnler<\/td>\n<td width=\"107\" data-col-size=\"sm\" data-start=\"5931\" data-end=\"5939\">\u2b50\u2b50\u2b50\u2b50<\/td>\n<\/tr>\n<tr data-start=\"5940\" data-end=\"6034\">\n<td width=\"119\" data-start=\"5940\" data-end=\"5950\" data-col-size=\"sm\">Karada\u011f<\/td>\n<td width=\"113\" data-start=\"5950\" data-end=\"5958\" data-col-size=\"sm\">Kotor<\/td>\n<td width=\"100\" data-col-size=\"sm\" data-start=\"5958\" data-end=\"5990\">10 Aral\u0131k 2025 \u2013 10 Ocak 2026<\/td>\n<td width=\"112\" data-col-size=\"sm\" data-start=\"5990\" data-end=\"6025\">Tarihi surlar, romantik atmosfer<\/td>\n<td width=\"107\" data-col-size=\"sm\" data-start=\"6025\" data-end=\"6034\">\u2b50\u2b50\u2b50\u2b50<\/td>\n<\/tr>\n<tr data-start=\"6035\" data-end=\"6130\">\n<td width=\"119\" data-start=\"6035\" data-end=\"6045\" data-col-size=\"sm\">Karada\u011f<\/td>\n<td width=\"113\" data-start=\"6045\" data-end=\"6057\" data-col-size=\"sm\">Podgorica<\/td>\n<td width=\"100\" data-col-size=\"sm\" data-start=\"6057\" data-end=\"6087\">5 Aral\u0131k 2025 \u2013 5 Ocak 2026<\/td>\n<td width=\"112\" data-col-size=\"sm\" data-start=\"6087\" data-end=\"6122\">Winterville etkinli\u011fi, konserler<\/td>\n<td width=\"107\" data-col-size=\"sm\" data-start=\"6122\" data-end=\"6130\">\u2b50\u2b50\u2b50\u2b50<\/td>\n<\/tr>\n<tr data-start=\"6131\" data-end=\"6229\">\n<td width=\"119\" data-start=\"6131\" data-end=\"6149\" data-col-size=\"sm\">Kuzey Makedonya<\/td>\n<td width=\"113\" data-col-size=\"sm\" data-start=\"6149\" data-end=\"6157\">\u00dcsk\u00fcp<\/td>\n<td width=\"100\" data-col-size=\"sm\" data-start=\"6157\" data-end=\"6187\">25 Kas\u0131m 2025 \u2013 7 Ocak 2026<\/td>\n<td width=\"112\" data-col-size=\"sm\" data-start=\"6187\" data-end=\"6221\">\u015eehir merkezi, Balkan m\u00fczikleri<\/td>\n<td width=\"107\" data-col-size=\"sm\" data-start=\"6221\" data-end=\"6229\">\u2b50\u2b50\u2b50\u2b50<\/td>\n<\/tr>\n<tr data-start=\"6230\" data-end=\"6323\">\n<td width=\"119\" data-start=\"6230\" data-end=\"6239\" data-col-size=\"sm\">Kosova<\/td>\n<td width=\"113\" data-col-size=\"sm\" data-start=\"6239\" data-end=\"6250\">Pri\u015ftine<\/td>\n<td width=\"100\" data-col-size=\"sm\" data-start=\"6250\" data-end=\"6281\">10 Aral\u0131k 2025 \u2013 5 Ocak 2026<\/td>\n<td width=\"112\" data-col-size=\"sm\" data-start=\"6281\" data-end=\"6315\">Samimi pazar, y\u00f6resel lezzetler<\/td>\n<td width=\"107\" data-col-size=\"sm\" data-start=\"6315\" data-end=\"6323\">\u2b50\u2b50\u2b50\u2b50<\/td>\n<\/tr>\n<tr data-start=\"6324\" data-end=\"6415\">\n<td width=\"119\" data-start=\"6324\" data-end=\"6337\" data-col-size=\"sm\">Arnavutluk<\/td>\n<td width=\"113\" data-col-size=\"sm\" data-start=\"6337\" data-end=\"6345\">Tiran<\/td>\n<td width=\"100\" data-col-size=\"sm\" data-start=\"6345\" data-end=\"6375\">1 Aral\u0131k 2025 \u2013 6 Ocak 2026<\/td>\n<td width=\"112\" data-col-size=\"sm\" data-start=\"6375\" data-end=\"6406\">Modern \u015fehir, b\u00fcy\u00fck festival<\/td>\n<td width=\"107\" data-col-size=\"sm\" data-start=\"6406\" data-end=\"6415\">\u2b50\u2b50\u2b50\u2b50<\/td>\n<\/tr>\n<tr data-start=\"6416\" data-end=\"6510\">\n<td width=\"119\" data-start=\"6416\" data-end=\"6428\" data-col-size=\"sm\">S\u0131rbistan<\/td>\n<td width=\"113\" data-col-size=\"sm\" data-start=\"6428\" data-end=\"6438\">Belgrad<\/td>\n<td width=\"100\" data-col-size=\"sm\" data-start=\"6438\" data-end=\"6469\">1 Aral\u0131k 2025 \u2013 15 Ocak 2026<\/td>\n<td width=\"112\" data-col-size=\"sm\" data-start=\"6469\" data-end=\"6501\">B\u00fcy\u00fck meydan, canl\u0131 konserler<\/td>\n<td width=\"107\" data-col-size=\"sm\" data-start=\"6501\" data-end=\"6510\">\u2b50\u2b50\u2b50\u2b50\u2b50<\/td>\n<\/tr>\n<\/tbody>\n<\/table>\n<p>&nbsp;<\/p>\n<h2 data-start=\"5539\" data-end=\"5584\">\ud83c\udfe8 Vizesiz Noel Pazarlar\u0131 Ula\u015f\u0131m, Konaklama ve Seyahat T\u00fcyolar\u0131<\/h2>\n<ul data-start=\"5586\" data-end=\"6049\">\n<li data-start=\"5586\" data-end=\"5764\">\n<p data-start=\"5588\" data-end=\"5764\"><strong data-start=\"5588\" data-end=\"5599\">Ula\u015f\u0131m:<\/strong> Bu \u00fclkelerin \u00e7o\u011funa \u0130stanbul, Ankara ve \u0130zmir\u2019den direkt u\u00e7u\u015flar mevcut. G\u00fcrcistan ve Balkan \u015fehirlerine otob\u00fcs veya ara\u00e7la kara yolundan ula\u015f\u0131m da olduk\u00e7a kolay.<\/p>\n<\/li>\n<li data-start=\"5765\" data-end=\"5871\">\n<p data-start=\"5767\" data-end=\"5871\"><strong data-start=\"5767\" data-end=\"5781\">Konaklama:<\/strong> Noel sezonu yo\u011fun oldu\u011fundan, otelleri en az 3 hafta \u00f6nceden rezerve etmekte fayda var.<\/p>\n<\/li>\n<li data-start=\"5872\" data-end=\"6049\">\n<p data-start=\"5874\" data-end=\"6049\"><strong data-start=\"5874\" data-end=\"5886\">Sigorta:<\/strong> Seyahat sigortas\u0131 yapt\u0131rmak \u00f6nemlidir. En uygun poli\u00e7eleri bulmak i\u00e7in <a class=\"decorated-link\" href=\"https:\/\/seyahatpolicesi.com\/blog\/\" target=\"_new\" rel=\"noopener\" data-start=\"5958\" data-end=\"6019\">seyahatpolicesi.com\/blog<\/a> adresine g\u00f6z atabilirsiniz.<\/p>\n<\/li>\n<li data-start=\"5872\" data-end=\"6049\"><strong data-start=\"614\" data-end=\"627\">\u0130nternet:<\/strong> Seyahatiniz boyunca internet eri\u015fimi i\u00e7in <a href=\"https:\/\/seyahatpolicesi.com\/esim\"><strong data-start=\"670\" data-end=\"678\">eSIM<\/strong> <\/a>kullanmak, fiziksel SIM kart de\u011fi\u015fimine gerek kalmadan \u00e7evrim i\u00e7i kalman\u0131z\u0131 sa\u011flar. B\u00f6ylece haritalar, rezervasyonlar ve \u00e7eviri uygulamalar\u0131na kesintisiz eri\u015febilirsiniz.<\/li>\n<\/ul>\n<p><!-- CTA Kutu - INLINE CSS --><\/p>\n<div style=\"background: #EAF0FF; border: 2px solid #3C5BFF; border-radius: 12px; padding: 20px; text-align: center; font-family: Arial, Helvetica, sans-serif; max-width: 680px; margin: 24px auto; color: #3c5bff;\">\n<h2 style=\"text-align: center;\" data-start=\"7043\" data-end=\"7086\"><strong>\ud83d\udee1\ufe0f Vizesiz Noel Pazarlar\u0131na Seyahat Ederken Sigortan\u0131z\u0131 Unutmay\u0131n!<\/strong><\/h2>\n<p>Vizesiz olsa da, yurt d\u0131\u015f\u0131 seyahatlerde sa\u011fl\u0131k sigortas\u0131 yapt\u0131rmak olas\u0131 hastal\u0131k veya kaza durumlar\u0131nda sizi b\u00fcy\u00fck masraflardan korur. Tatiliniz boyunca i\u00e7iniz rahat olsun.<\/p>\n<p><a style=\"display: inline-block; background: #FF4F9A; color: #fff; padding: 12px 24px; border-radius: 10px; font-size: 16px; font-weight: bold; text-decoration: none; box-shadow: 0 2px 8px rgba(0,0,0,.08);\" href=\"https:\/\/seyahatpolicesi.com\/seyahat-saglik-sigortasi\" target=\"_blank\" rel=\"noopener\">\ud83d\udc49En uygun fiyatl\u0131 seyahat sa\u011fl\u0131k sigortan\u0131z\u0131 saniyeler i\u00e7inde olu\u015fturun!<\/a><\/p>\n<\/div>\n<p><img loading=\"lazy\" decoding=\"async\" class=\"aligncenter size-full wp-image-2736\" src=\"https:\/\/seyahatpolicesi.com\/blog\/wp-content\/uploads\/2025\/10\/vizesiz-noel-pazarlari.png\" alt=\"\" width=\"800\" height=\"400\" srcset=\"https:\/\/seyahatpolicesi.com\/blog\/wp-content\/uploads\/2025\/10\/vizesiz-noel-pazarlari.png 800w, https:\/\/seyahatpolicesi.com\/blog\/wp-content\/uploads\/2025\/10\/vizesiz-noel-pazarlari-300x150.png 300w, https:\/\/seyahatpolicesi.com\/blog\/wp-content\/uploads\/2025\/10\/vizesiz-noel-pazarlari-528x264.png 528w\" sizes=\"(max-width: 800px) 100vw, 800px\" \/><\/p>\n<h2 data-start=\"6056\" data-end=\"6115\">Vizesiz Noel Pazarlar\u0131 2025-2026 Hakk\u0131nda S\u0131k Sorulan Sorular<\/h2>\n<p data-start=\"7865\" data-end=\"8016\"><strong data-start=\"7865\" data-end=\"7909\">1. Noel pazarlar\u0131n\u0131n tarihleri kesin mi?<\/strong><br data-start=\"7909\" data-end=\"7912\" \/>Hay\u0131r. Bu yaz\u0131da yer alan t\u00fcm tarihler tahmini olup belediyelerin resm\u00ee duyurular\u0131na g\u00f6re de\u011fi\u015febilir.<\/p>\n<p data-start=\"8018\" data-end=\"8169\"><strong data-start=\"8018\" data-end=\"8047\">2. Hangi \u00fclkeler vizesiz?<\/strong><br data-start=\"8047\" data-end=\"8050\" \/>G\u00fcrcistan, Karada\u011f, S\u0131rbistan, Kuzey Makedonya, Kosova ve Arnavutluk T\u00fcrk vatanda\u015flar\u0131na vizesiz giri\u015f hakk\u0131 tan\u0131yor.<\/p>\n<p data-start=\"8171\" data-end=\"8309\"><strong data-start=\"8171\" data-end=\"8204\">3. En ekonomik \u015fehir hangisi?<\/strong><br data-start=\"8204\" data-end=\"8207\" \/>\u00dcsk\u00fcp, Pri\u015ftine ve Tiran genel olarak en uygun konaklama ve yeme-i\u00e7me fiyatlar\u0131na sahip \u015fehirlerdir.<\/p>\n<p data-start=\"8311\" data-end=\"8467\"><strong data-start=\"8311\" data-end=\"8352\">4. Noel pazarlar\u0131nda neler sat\u0131l\u0131yor?<\/strong><br data-start=\"8352\" data-end=\"8355\" \/>El yap\u0131m\u0131 s\u00fcs e\u015fyalar\u0131, yerel yiyecekler, s\u0131cak i\u00e7ecekler, hediyelikler ve geleneksel tatl\u0131lar bulabilirsiniz.<\/p>\n<p data-start=\"6371\" data-end=\"6490\"><strong data-start=\"6371\" data-end=\"6406\">5. Noel pazarlar\u0131nda ne al\u0131n\u0131r?<\/strong><br data-start=\"6406\" data-end=\"6409\" \/>El yap\u0131m\u0131 s\u00fcsler, mumlar, yerel tatl\u0131lar, s\u0131cak i\u00e7ecekler ve hediyelik e\u015fyalar.<\/p>\n<p data-start=\"6492\" data-end=\"6661\"><strong data-start=\"6492\" data-end=\"6538\">6. Noel pazarlar\u0131nda T\u00fcrk liras\u0131 ge\u00e7er mi?<\/strong><br data-start=\"6538\" data-end=\"6541\" \/>Hay\u0131r, her \u00fclkenin kendi para birimi kullan\u0131l\u0131r. D\u00f6viz bozdurmak i\u00e7in merkezlerdeki d\u00f6viz ofisleri tercih edilmelidir.<\/p>\n<p data-start=\"6663\" data-end=\"6813\"><strong data-start=\"6663\" data-end=\"6711\">7. Noel pazarlar\u0131na aileyle gitmek uygun mu?<\/strong><br data-start=\"6711\" data-end=\"6714\" \/>Evet. Tiflis, \u00dcsk\u00fcp, Belgrad ve Kotor \u015fehirleri aileler i\u00e7in en g\u00fcvenli ve keyifli rotalardand\u0131r.<\/p>\n<h2 data-start=\"6820\" data-end=\"6896\">\ud83c\udf81Vizesiz Noel Pazarlar\u0131 2025-2026 K\u0131\u015f B\u00fcy\u00fcs\u00fcne Yolculuk<\/h2>\n<p data-start=\"8706\" data-end=\"8971\"><strong data-start=\"8706\" data-end=\"8732\">Vizesiz Noel pazarlar\u0131<\/strong>, 2025-2026 k\u0131\u015f sezonunda hem k\u00fclt\u00fcrel ke\u015fif hem de keyifli bir tatil i\u00e7in m\u00fckemmel f\u0131rsatlar sunuyor. \u00dcstelik vize i\u015flemleriyle u\u011fra\u015fmadan, kimlikle veya pasaportla giri\u015f yapabilece\u011finiz \u015fehirlerde Noel ruhunu doyas\u0131ya ya\u015fayabilirsiniz.<\/p>\n<p data-start=\"8973\" data-end=\"9231\">Tiflis\u2019ten Belgrad\u2019a, Budva\u2019dan \u00dcsk\u00fcp\u2019e kadar uzanan bu rotalar, s\u0131cak i\u00e7eceklerin, m\u00fcziklerin ve \u0131\u015f\u0131klar\u0131n e\u015flik etti\u011fi unutulmaz an\u0131lar biriktirmenizi sa\u011flayacak. T\u00fcm tarihlerin <strong data-start=\"9153\" data-end=\"9164\">tahmini<\/strong> oldu\u011funu, resm\u00ee onaylar\u0131n belediyelerden beklendi\u011fini unutmay\u0131n.<\/p>\n<p data-start=\"9233\" data-end=\"9445\">Plan\u0131n\u0131z\u0131 yaparken erken rezervasyon ve uygun u\u00e7u\u015f f\u0131rsatlar\u0131n\u0131 de\u011ferlendirin \u2014 \u00e7\u00fcnk\u00fc Noel zaman\u0131 yakla\u015ft\u0131k\u00e7a \u015fehirler h\u0131zla doluyor. K\u0131\u015f\u0131n en s\u0131cak yolculu\u011fu, vizesiz \u00fclkelerin Noel pazarlar\u0131nda sizi bekliyor.<\/p>\n","protected":false},"excerpt":{"rendered":"Vizesiz Noel pazarlar\u0131\u00a02025-2026 k\u0131\u015f\u0131nda Avrupa\u2019n\u0131n b\u00fcy\u00fcs\u00fcn\u00fc vize almadan ya\u015famak isteyenler i\u00e7in ideal bir se\u00e7enek sunuyor. Kimlikle ya da&hellip;","protected":false},"author":1,"featured_media":2730,"comment_status":"open","ping_status":"open","sticky":false,"template":"","format":"standard","meta":{"csco_singular_sidebar":"","csco_page_header_type":"","csco_page_load_nextpost":"","csco_post_video_location":[],"csco_post_video_location_hash":"","csco_post_video_url":"","csco_post_video_bg_start_time":0,"csco_post_video_bg_end_time":0,"csco_post_video_bg_volume":false,"footnotes":""},"categories":[51],"tags":[],"class_list":{"0":"post-2728","1":"post","2":"type-post","3":"status-publish","4":"format-standard","5":"has-post-thumbnail","7":"category-festivaller","8":"cs-entry","9":"cs-video-wrap"},"aioseo_notices":[],"_links":{"self":[{"href":"https:\/\/seyahatpolicesi.com\/blog\/wp-json\/wp\/v2\/posts\/2728","targetHints":{"allow":["GET"]}}],"collection":[{"href":"https:\/\/seyahatpolicesi.com\/blog\/wp-json\/wp\/v2\/posts"}],"about":[{"href":"https:\/\/seyahatpolicesi.com\/blog\/wp-json\/wp\/v2\/types\/post"}],"author":[{"embeddable":true,"href":"https:\/\/seyahatpolicesi.com\/blog\/wp-json\/wp\/v2\/users\/1"}],"replies":[{"embeddable":true,"href":"https:\/\/seyahatpolicesi.com\/blog\/wp-json\/wp\/v2\/comments?post=2728"}],"version-history":[{"count":7,"href":"https:\/\/seyahatpolicesi.com\/blog\/wp-json\/wp\/v2\/posts\/2728\/revisions"}],"predecessor-version":[{"id":2889,"href":"https:\/\/seyahatpolicesi.com\/blog\/wp-json\/wp\/v2\/posts\/2728\/revisions\/2889"}],"wp:featuredmedia":[{"embeddable":true,"href":"https:\/\/seyahatpolicesi.com\/blog\/wp-json\/wp\/v2\/media\/2730"}],"wp:attachment":[{"href":"https:\/\/seyahatpolicesi.com\/blog\/wp-json\/wp\/v2\/media?parent=2728"}],"wp:term":[{"taxonomy":"category","embeddable":true,"href":"https:\/\/seyahatpolicesi.com\/blog\/wp-json\/wp\/v2\/categories?post=2728"},{"taxonomy":"post_tag","embeddable":true,"href":"https:\/\/seyahatpolicesi.com\/blog\/wp-json\/wp\/v2\/tags?post=2728"}],"curies":[{"name":"wp","href":"https:\/\/api.w.org\/{rel}","templated":true}]}}