{"id":1717,"date":"2025-03-26T14:59:55","date_gmt":"2025-03-26T11:59:55","guid":{"rendered":"https:\/\/seyahatpolicesi.com\/blog\/?p=1717"},"modified":"2025-10-24T09:13:00","modified_gmt":"2025-10-24T06:13:00","slug":"sakiz-adasi-kapida-vize-ucretleri","status":"publish","type":"post","link":"https:\/\/seyahatpolicesi.com\/blog\/sakiz-adasi-kapida-vize-ucretleri\/","title":{"rendered":"Sak\u0131z Adas\u0131 Kap\u0131da Vize 2025: \u00dccretler ve Ba\u015fvuru S\u00fcreci"},"content":{"rendered":"<p>Ege Denizi&#8217;nin b\u00fcy\u00fcleyici adalar\u0131ndan biri olan\u00a0Sak\u0131z Adas\u0131, tarihi dokusu, lezzetli mutfa\u011f\u0131 ve masmavi sular\u0131yla her y\u0131l binlerce turisti a\u011f\u0131rl\u0131yor. \u00d6zellikle T\u00fcrk vatanda\u015flar\u0131 i\u00e7in kolay ula\u015f\u0131m ve\u00a0kap\u0131da vize\u00a0imkan\u0131, Sak\u0131z Adas\u0131&#8217;n\u0131 cazip bir destinasyon haline getiriyor.<\/p>\n<p>E\u011fer siz de 2025 y\u0131l\u0131nda Sak\u0131z Adas\u0131\u2019na gitmeyi planl\u0131yorsan\u0131z, bu yaz\u0131m\u0131zda, Sak\u0131z Adas\u0131&#8217;na nas\u0131l gidilece\u011fini, kap\u0131da vize \u00fccretini, ba\u015fvuru ad\u0131mlar\u0131n\u0131 ve seyahat sigortas\u0131 fiyatlar\u0131n\u0131 detayl\u0131ca anlat\u0131yoruz. 2025 y\u0131l\u0131nda\u00a0Sak\u0131z Adas\u0131 kap\u0131da vize \u00fccreti\u00a0ve ba\u015fvuru s\u00fcre\u00e7lerinde de\u011fi\u015fiklikler olabilir. \u0130\u015fte\u00a0Sak\u0131z Adas\u0131 seyahat rehberi!<\/p>\n<p>&nbsp;<\/p>\n<h2><strong>Sak\u0131z Adas\u0131 Tarihi: K\u00f6kl\u00fc Bir Ge\u00e7mi\u015fin \u0130zleri<\/strong><\/h2>\n<p>Sak\u0131z Adas\u0131 (Chios), Yunanistan&#8217;\u0131n en \u00f6nemli adalar\u0131ndan biridir ve zengin bir tarihe sahiptir. Antik d\u00f6nemlerden beri ticaret ve k\u00fclt\u00fcr merkezi olan ada, \u00f6zellikle\u00a0sak\u0131z a\u011fa\u00e7lar\u0131\u00a0(mastik) ile \u00fcnl\u00fcd\u00fcr. Adaya ismini veren ve d\u00fcnyada sadece bu b\u00f6lgede yeti\u015fen Sak\u0131z a\u011fa\u00e7lar\u0131, tarih boyunca b\u00fcy\u00fck bir ekonomik de\u011fer ta\u015f\u0131m\u0131\u015ft\u0131r.<\/p>\n<p>Sak\u0131z Adas\u0131, tarih boyunca bir\u00e7ok medeniyetin etkisi alt\u0131nda kalm\u0131\u015f \u00f6nemli bir yerle\u015fim b\u00f6lgesidir. Antik Yunan d\u00f6neminden Bizans\u2019a, Osmanl\u0131\u2019dan modern Yunanistan\u2019a kadar uzanan zengin bir tarihi mirasa sahiptir.<\/p>\n<ul>\n<li><strong>Antik \u00c7a\u011f:<\/strong>\u00a0Sak\u0131z Adas\u0131, \u0130yonya uygarl\u0131\u011f\u0131n\u0131n \u00f6nemli bir par\u00e7as\u0131yd\u0131. Homeros&#8217;un bu adada ya\u015fad\u0131\u011f\u0131na dair rivayetler bulunur.<\/li>\n<li><strong>Orta \u00c7a\u011f:<\/strong>\u00a0Bizans ve Cenevizlilerin hakimiyetinde kalan ada, mastik ticareti sayesinde zenginle\u015fmi\u015ftir.<\/li>\n<li><strong>Osmanl\u0131 D\u00f6nemi:<\/strong>\u00a01566\u2019da Osmanl\u0131 \u0130mparatorlu\u011fu taraf\u0131ndan fethedilen Sak\u0131z Adas\u0131, uzun y\u0131llar boyunca \u00f6zerk bir yap\u0131ya sahip olmu\u015ftur. Stratejik \u00f6neme sahip olan ada, bir\u00e7ok farkl\u0131 k\u00fclt\u00fcr\u00fcn izlerini g\u00fcn\u00fcm\u00fcze kadar ta\u015f\u0131maktad\u0131r.<\/li>\n<li><strong>Modern D\u00f6nem:<\/strong>\u00a01912\u2019de Yunanistan\u2019a ba\u011flanan ada, g\u00fcn\u00fcm\u00fczde turizm ve tar\u0131m ile \u00f6ne \u00e7\u0131kmaktad\u0131r.<\/li>\n<\/ul>\n<p>&nbsp;<\/p>\n<h2><strong>Sak\u0131z Adas\u0131\u2019na Nas\u0131l Gidilir? Ula\u015f\u0131m Rehberi<\/strong><\/h2>\n<p>T\u00fcrkiye\u2019den Sak\u0131z Adas\u0131\u2019na gitmek olduk\u00e7a kolayd\u0131r. \u0130\u015fte en pratik ula\u015f\u0131m se\u00e7enekleri:<\/p>\n<ol>\n<li><strong> Feribot ile Sak\u0131z Adas\u0131\u2019na Ula\u015f\u0131m<\/strong><\/li>\n<\/ol>\n<ul>\n<li><strong>\u00c7e\u015fme-Sak\u0131z Adas\u0131 Feribotu:<\/strong>\u00a0En pop\u00fcler se\u00e7enek, \u00c7e\u015fme\u2019den kalkan feribotlard\u0131r. Yakla\u015f\u0131k\u00a030-45 dakika\u00a0s\u00fcren yolculukla Sak\u0131z Adas\u0131\u2019na varabilirsiniz.<\/li>\n<li><strong>Feribot Firmalar\u0131:<\/strong>\u00a0T\u00fcrkeli, Ert\u00fcrk Lines gibi firmalar d\u00fczenli seferler d\u00fczenlemektedir. Yunanistan adalar\u0131na feribotla gitmek i\u00e7in <em><strong><a href=\"https:\/\/seyahatpolicesi.com\/blog\/yunanistan-adalarina-feribot-seferleri-2025-rehberi-feribot-sirketleri-fiyatlar-ve-ipuclari\/\">detayl\u0131 rehberimizi<\/a><\/strong><\/em> okuyabilirsiniz.<\/li>\n<li><strong>Bilet Fiyatlar\u0131:<\/strong>\u00a02025 y\u0131l\u0131 i\u00e7in gidi\u015f-d\u00f6n\u00fc\u015f bilet fiyatlar\u0131 ortalama\u00a040-60 Euro\u00a0aras\u0131nda de\u011fi\u015febilir.<\/li>\n<\/ul>\n<ol start=\"2\">\n<li><strong> U\u00e7ak ile Sak\u0131z Adas\u0131\u2019na Ula\u015f\u0131m<\/strong><\/li>\n<\/ol>\n<ul>\n<li>Atina\u2019dan aktarmal\u0131 u\u00e7u\u015flar mevcuttur, ancak feribot daha ekonomik ve pratiktir.<\/li>\n<\/ul>\n<p>&nbsp;<\/p>\n<h2><strong>Sak\u0131z Adas\u0131 Kap\u0131da Vize \u00dccreti 2025: Ne Kadar?<\/strong><\/h2>\n<blockquote>\n<p class=\"\" data-start=\"113\" data-end=\"267\"><em>T\u00fcrk vatanda\u015flar\u0131, 2025 y\u0131l\u0131 boyunca 80 Euro kar\u015f\u0131l\u0131\u011f\u0131nda kap\u0131da vize alarak Sak\u0131z Adas\u0131 dahil 10 Yunan adas\u0131na 7 g\u00fcn s\u00fcreyle tek giri\u015f yapabiliyor.<\/em><\/p>\n<\/blockquote>\n<p class=\"\" data-start=\"269\" data-end=\"543\">\u2705 Sak\u0131z Adas\u0131\u2019na seyahat etmek isteyen T\u00fcrk vatanda\u015flar\u0131, Yunanistan\u2019\u0131n uygulad\u0131\u011f\u0131 kap\u0131da vize sistemi sayesinde i\u015flemlerini kolayca tamamlayabiliyor.\u00a0<a href=\"https:\/\/seyahatpolicesi.com\/blog\/yunanistan-kapida-vize-nasil-alinir-2025-guncel-rehber\/\">Yunanistan Kap\u0131da Vize Nas\u0131l Al\u0131n\u0131r? 2025 G\u00fcncel Rehber <\/a>ba\u015fl\u0131kl\u0131 yaz\u0131m\u0131zda, s\u00fcrece dair t\u00fcm detaylar\u0131 bulabilirsiniz.<\/p>\n<p class=\"\" data-start=\"545\" data-end=\"613\"><strong data-start=\"545\" data-end=\"613\">2025 y\u0131l\u0131 i\u00e7in ge\u00e7erli olan kap\u0131da vize \u00fccretleri \u015fu \u015fekildedir:<\/strong><\/p>\n<ul data-start=\"615\" data-end=\"718\">\n<li class=\"\" data-start=\"615\" data-end=\"660\">\n<p class=\"\" data-start=\"617\" data-end=\"660\"><strong data-start=\"617\" data-end=\"650\">Yeti\u015fkinler i\u00e7in vize \u00fccreti:<\/strong> 80 Euro<\/p>\n<\/li>\n<li class=\"\" data-start=\"661\" data-end=\"718\">\n<p class=\"\" data-start=\"663\" data-end=\"718\"><strong data-start=\"663\" data-end=\"708\">0-18 ya\u015f aras\u0131 \u00e7ocuklar i\u00e7in vize \u00fccreti:<\/strong> 20 Euro<\/p>\n<\/li>\n<\/ul>\n<p class=\"\" data-start=\"720\" data-end=\"798\">\ud83d\udccc <strong data-start=\"723\" data-end=\"750\">Vize ge\u00e7erlilik s\u00fcresi:<\/strong> 7 g\u00fcn<br data-start=\"756\" data-end=\"759\" \/>\ud83d\udccc <strong data-start=\"762\" data-end=\"776\">Vize t\u00fcr\u00fc:<\/strong> Tek giri\u015fli, turistik<\/p>\n<p class=\"\" data-start=\"800\" data-end=\"952\">\u26a0\ufe0f <strong data-start=\"803\" data-end=\"811\">Not:<\/strong> Vize \u00fccretleri Yunan makamlar\u0131 taraf\u0131ndan g\u00fcncellenebilir. Bu nedenle yola \u00e7\u0131kmadan \u00f6nce g\u00fcncel bilgileri kontrol etmeniz faydal\u0131 olacakt\u0131r.<\/p>\n<h2><strong>Sak\u0131z Adas\u0131 Kap\u0131da Vizeye Nas\u0131l Ba\u015fvurulur?<\/strong><\/h2>\n<p>Kap\u0131da vize almak i\u00e7in belirli belgeleri haz\u0131rlaman\u0131z gerekmektedir. 2025 y\u0131l\u0131 itibar\u0131yla Sak\u0131z Adas\u0131 kap\u0131da vize ba\u015fvurusu i\u00e7in gerekli belgeler \u015funlard\u0131r:<\/p>\n<ol>\n<li><strong>Ge\u00e7erli Pasaport:<\/strong>\u00a0Seyahat tarihi itibariyle en az\u00a06 ay ge\u00e7erli ve bo\u015f sayfas\u0131 bulunan bir\u00a0pasaport gereklidir.<\/li>\n<li><strong>Biyometrik Foto\u011fraf:<\/strong> 2 adet g\u00fcncel biometrik foto\u011fraf (3,5&#215;4,5 cm).<\/li>\n<li><strong>Vize Ba\u015fvuru Formu:<\/strong> Eksiksiz doldurulmu\u015f ve imzalanm\u0131\u015f ba\u015fvuru formu.<\/li>\n<li><strong>Feribot Bileti:<\/strong>\u00a0Gidi\u015f-d\u00f6n\u00fc\u015f bileti ibraz edilmelidir.<\/li>\n<li><strong>Konaklama Rezervasyonu:<\/strong>\u00a0Otel veya misafir evi rezervasyonunuz olmal\u0131d\u0131r.<\/li>\n<\/ol>\n<ol start=\"6\">\n<li><strong>Seyahat Sigortas\u0131: <\/strong>Schengen b\u00f6lgesinde yani <a href=\"https:\/\/seyahatpolicesi.com\/yunanistan-kapida-vize-seyahat-sigortasi\">yunanistan adalar\u0131nda ge\u00e7erli seyahat sigortas\u0131<\/a> minimum 30.000 Euro teminatl\u0131<\/li>\n<li><strong>Vize \u00dccretinin \u00d6denmesi:<\/strong> G\u00fcmr\u00fck kap\u0131s\u0131nda Euro olarak \u00f6deme yap\u0131l\u0131r.<\/li>\n<\/ol>\n<p>Ba\u015fvurular genellikle feribot firmalar\u0131 arac\u0131l\u0131\u011f\u0131yla yap\u0131lmaktad\u0131r. Seyahat tarihinden en az 3-5 g\u00fcn \u00f6nce ba\u015fvuru yapman\u0131z \u00f6nerilir.<\/p>\n<h3><strong>Sak\u0131z Adas\u0131 Kap\u0131da Vize 2025 \u0130\u00e7in Seyahat Sigortas\u0131 Fiyatlar\u0131<\/strong><\/h3>\n<ul>\n<li>\n<p data-pm-slice=\"1 1 []\">Kap\u0131da vize alabilmek i\u00e7in zorunlu olan seyahat sigortas\u0131, sigorta \u015firketlerine ve poli\u00e7enin kapsam\u0131na g\u00f6re de\u011fi\u015fiklik g\u00f6sterebilir. 2025 y\u0131l\u0131 itibar\u0131yla ortalama seyahat sigortas\u0131 fiyatlar\u0131 \u015fu \u015fekildedir:<\/p>\n<ul data-spread=\"false\">\n<li><strong>Genel piyasa fiyat\u0131:<\/strong> 7 g\u00fcnl\u00fck poli\u00e7e 5-10 Euro<\/li>\n<li><strong>Bizim sundu\u011fumuz fiyat:<\/strong> 7 g\u00fcnl\u00fck poli\u00e7e sadece 3-5 Euro! <a href=\"https:\/\/seyahatpolicesi.com\/seyahat-saglik-sigortasi\">En uygun seyahat sigortas\u0131<\/a>n\u0131 sigortay\u0131 yapt\u0131rman\u0131z i\u00e7in <strong><em>bizden<\/em><\/strong> fiyat teklifi alabilirsiniz.<\/li>\n<\/ul>\n<p>Baz\u0131 feribot firmalar\u0131 kap\u0131da vize ba\u015fvurusu i\u00e7in sigorta hizmeti de sunmaktad\u0131r. Seyahat sigortan\u0131z\u0131 \u00f6nceden sat\u0131n almak, vize ba\u015fvurunuzu h\u0131zland\u0131rabilir ve avantajl\u0131 fiyatlarla sigortan\u0131z\u0131 g\u00fcvence alt\u0131na alabilirsiniz.<\/li>\n<\/ul>\n<p><img fetchpriority=\"high\" decoding=\"async\" class=\"aligncenter size-full wp-image-1720\" src=\"https:\/\/seyahatpolicesi.com\/blog\/wp-content\/uploads\/2025\/03\/sakiz-adasi-kapida-vize-2025-.png\" alt=\"\" width=\"800\" height=\"400\" srcset=\"https:\/\/seyahatpolicesi.com\/blog\/wp-content\/uploads\/2025\/03\/sakiz-adasi-kapida-vize-2025-.png 800w, https:\/\/seyahatpolicesi.com\/blog\/wp-content\/uploads\/2025\/03\/sakiz-adasi-kapida-vize-2025--300x150.png 300w, https:\/\/seyahatpolicesi.com\/blog\/wp-content\/uploads\/2025\/03\/sakiz-adasi-kapida-vize-2025--768x384.png 768w\" sizes=\"(max-width: 800px) 100vw, 800px\" \/><\/p>\n<h3><strong>Sak\u0131z Adas\u0131\u2019nda Gezilecek Yerler<\/strong><\/h3>\n<p class=\"\" data-start=\"184\" data-end=\"537\">Sak\u0131z Adas\u0131, sadece do\u011fal g\u00fczellikleriyle de\u011fil, ayn\u0131 zamanda tarih boyunca ev sahipli\u011fi yapt\u0131\u011f\u0131 medeniyetlerin izlerini ta\u015f\u0131yan yap\u0131lar\u0131yla da dikkat \u00e7eker. Bu e\u015fsiz Yunan adas\u0131, sak\u0131z a\u011fa\u00e7lar\u0131yla kapl\u0131 k\u0131rsal\u0131, otantik k\u00f6yleri ve berrak deniziyle ziyaret\u00e7ilerine unutulmaz bir tatil deneyimi sunar. \u0130\u015fte adada mutlaka g\u00f6r\u00fclmesi gereken ba\u015fl\u0131ca yerler:<\/p>\n<p data-start=\"539\" data-end=\"568\"><strong>Nea Moni Manast\u0131r\u0131<\/strong><\/p>\n<p class=\"\" data-start=\"569\" data-end=\"903\">UNESCO D\u00fcnya Miras\u0131 Listesi\u2019nde yer alan bu g\u00f6rkemli manast\u0131r, 11. y\u00fczy\u0131lda Bizans \u0130mparatoru Konstantinos IX. Monomakhos taraf\u0131ndan in\u015fa ettirilmi\u015ftir. Alt\u0131n mozaikleri ve mimarisiyle Bizans sanat\u0131n\u0131n en \u00f6nemli \u00f6rneklerinden biridir. Sessizli\u011fi ve maneviyat\u0131yla hem tarih hem de huzur arayan gezginlerin favori duraklar\u0131ndan biridir.<\/p>\n<p data-start=\"905\" data-end=\"938\"><strong data-start=\"910\" data-end=\"936\">Mesta ve Pyrgi K\u00f6yleri<\/strong><\/p>\n<p class=\"\" data-start=\"939\" data-end=\"1056\">Sak\u0131z Adas\u0131\u2019n\u0131n g\u00fcneyinde yer alan bu tarihi k\u00f6yler, adeta Orta \u00c7a\u011f\u2019dan g\u00fcn\u00fcm\u00fcze uzanan a\u00e7\u0131k hava m\u00fczeleri gibidir.<\/p>\n<ul data-start=\"1057\" data-end=\"1428\">\n<li class=\"\" data-start=\"1057\" data-end=\"1171\">\n<p class=\"\" data-start=\"1059\" data-end=\"1171\"><strong data-start=\"1059\" data-end=\"1068\">Mesta<\/strong>, dar ta\u015f sokaklar\u0131 ve labirent gibi planlanm\u0131\u015f yap\u0131s\u0131yla korsan sald\u0131r\u0131lar\u0131na kar\u015f\u0131 in\u015fa edilmi\u015ftir.<\/p>\n<\/li>\n<li class=\"\" data-start=\"1172\" data-end=\"1428\">\n<p class=\"\" data-start=\"1174\" data-end=\"1428\"><strong data-start=\"1174\" data-end=\"1183\">Pyrgi<\/strong> ise siyah-beyaz geometrik desenlerle s\u00fcslenmi\u015f ev cepheleriyle \u00fcnl\u00fcd\u00fcr. Bu s\u00fcsleme tekni\u011fine \u201cxysta\u201d denir ve yaln\u0131zca bu b\u00f6lgede g\u00f6r\u00fcl\u00fcr.<br data-start=\"1322\" data-end=\"1325\" \/>Her iki k\u00f6yde de geleneksel el sanatlar\u0131n\u0131 ve yerel ya\u015fam\u0131 yak\u0131ndan deneyimleme f\u0131rsat\u0131 bulabilirsiniz.<\/p>\n<\/li>\n<\/ul>\n<p data-start=\"1430\" data-end=\"1469\"><strong data-start=\"1435\" data-end=\"1467\">Emporios Plaj\u0131 (Mavra Volia)<\/strong><\/p>\n<p class=\"\" data-start=\"1470\" data-end=\"1753\">Adan\u0131n g\u00fcney k\u0131y\u0131s\u0131nda yer alan bu \u00f6zel plaj, siyah volkanik ta\u015flar\u0131yla di\u011fer plajlardan hemen ayr\u0131l\u0131r. Sakin ve berrak deniziyle y\u00fczmek ve g\u00fcne\u015flenmek i\u00e7in ideal bir noktad\u0131r. Do\u011fal yap\u0131s\u0131 korunmu\u015f olan bu koy, ayn\u0131 zamanda etkileyici foto\u011fraflar i\u00e7in de harika bir arka plan sunar.<\/p>\n<p data-start=\"1755\" data-end=\"1778\"><strong data-start=\"1760\" data-end=\"1776\">Sak\u0131z M\u00fczesi<\/strong><\/p>\n<p class=\"\" data-start=\"1779\" data-end=\"2103\">Adan\u0131n sembol\u00fc olan sak\u0131z \u00fcretimini yak\u0131ndan tan\u0131mak isteyenler i\u00e7in interaktif b\u00f6l\u00fcmleriyle dikkat \u00e7eken bu m\u00fcze, \u00e7ocuklar ve yeti\u015fkinler i\u00e7in e\u011fitici bir durakt\u0131r. Sak\u0131z a\u011fac\u0131n\u0131n i\u015flenmesinden, ticaretine kadar t\u00fcm s\u00fcreci g\u00f6rebilece\u011finiz bu alanda b\u00f6lgenin ekonomik ve k\u00fclt\u00fcrel miras\u0131 hakk\u0131nda kapsaml\u0131 bilgi edinilebilir.<\/p>\n<p data-start=\"2105\" data-end=\"2128\"><strong data-start=\"2110\" data-end=\"2126\">Sak\u0131z Kalesi<\/strong><\/p>\n<ol start=\"13\" data-start=\"2129\" data-end=\"2424\">\n<li class=\"\" data-start=\"2129\" data-end=\"2424\">\n<p class=\"\" data-start=\"2133\" data-end=\"2424\">y\u00fczy\u0131lda Cenevizliler taraf\u0131ndan in\u015fa edilen bu kale, adan\u0131n ba\u015fkentinde (Chios kent merkezi) yer al\u0131r. \u0130\u00e7inde cami, kilise ve Osmanl\u0131 d\u00f6nemine ait yap\u0131lar da bulunan kale, tarih merakl\u0131lar\u0131 i\u00e7in ger\u00e7ek bir hazinedir. Kalenin surlar\u0131ndan \u015fehrin ve liman\u0131n manzaras\u0131 da olduk\u00e7a etkileyicidir.<\/p>\n<\/li>\n<\/ol>\n<p data-start=\"2426\" data-end=\"2449\"><strong data-start=\"2431\" data-end=\"2447\">Karfas Plaj\u0131<\/strong><\/p>\n<p class=\"\" data-start=\"2450\" data-end=\"2766\">Sak\u0131z Adas\u0131\u2019n\u0131n en pop\u00fcler plajlar\u0131ndan biri olan Karfas, \u00f6zellikle yaz aylar\u0131nda canl\u0131 atmosferiyle \u00f6ne \u00e7\u0131kar. \u0130nce alt\u0131n rengi kumu ve s\u0131\u011f, berrak denizi sayesinde hem \u00e7ocuklu aileler hem de su sporlar\u0131 tutkunlar\u0131 i\u00e7in idealdir. Sahil boyunca uzanan restoran ve kafelerde yerel lezzetlerin tad\u0131n\u0131 \u00e7\u0131karabilirsiniz.<\/p>\n<p>&nbsp;<\/p>\n<h3><strong>Sak\u0131z Adas\u0131\u2019nda Al\u0131\u015fveri\u015f ve Yeme-\u0130\u00e7me<\/strong><\/h3>\n<p class=\"\" data-start=\"161\" data-end=\"619\">Sak\u0131z Adas\u0131, hem geleneksel lezzetleri hem de yerel \u00fcr\u00fcnleriyle ziyaret\u00e7ilere e\u015fsiz bir gastronomi ve al\u0131\u015fveri\u015f deneyimi sunar. Adan\u0131n simgesi haline gelen <strong data-start=\"317\" data-end=\"333\">sak\u0131z re\u00e7eli<\/strong>, hem tatl\u0131 hem de aromatik yap\u0131s\u0131yla en \u00e7ok tercih edilen hediyelikler aras\u0131ndad\u0131r. <strong data-start=\"418\" data-end=\"434\">Sak\u0131z lik\u00f6r\u00fc<\/strong>, hafif aromas\u0131yla yemeklerden sonra t\u00fcketilen pop\u00fcler bir i\u00e7kidir. <strong data-start=\"502\" data-end=\"516\">Zeytinya\u011f\u0131<\/strong> ise adan\u0131n verimli topraklar\u0131ndan elde edilen, lezzet ve kalite a\u00e7\u0131s\u0131ndan olduk\u00e7a de\u011ferli bir \u00fcr\u00fcnd\u00fcr.<\/p>\n<p class=\"\" data-start=\"621\" data-end=\"844\">Al\u0131\u015fveri\u015f yaparken yerel \u00fcreticilerin sundu\u011fu sabunlar, sak\u0131z aromal\u0131 kozmetik \u00fcr\u00fcnler, ev yap\u0131m\u0131 re\u00e7eller ve el i\u015fi seramikler de dikkat \u00e7eker. Bu \u00fcr\u00fcnler hem kendiniz hem de sevdikleriniz i\u00e7in g\u00fczel birer hat\u0131ra olabilir.<\/p>\n<p class=\"\" data-start=\"846\" data-end=\"1180\">Yeme-i\u00e7me konusunda ise Sak\u0131z Adas\u0131, tipik bir Ege mutfa\u011f\u0131 deneyimi sunar. <strong data-start=\"921\" data-end=\"944\">Taze deniz \u00fcr\u00fcnleri<\/strong>, <strong data-start=\"946\" data-end=\"969\">zeytinya\u011fl\u0131 mezeler<\/strong>, <strong data-start=\"971\" data-end=\"989\">\u0131zgara ahtapot<\/strong> ve <strong data-start=\"993\" data-end=\"1004\">kalamar<\/strong> gibi lezzetler restoranlar\u0131n vazge\u00e7ilmezlerindendir. \u00d6zellikle k\u0131y\u0131ya yak\u0131n tavernalarda g\u00fcn bat\u0131m\u0131nda deniz \u00fcr\u00fcnlerinin tad\u0131n\u0131 \u00e7\u0131karmak, adan\u0131n en keyifli anlar\u0131ndan biridir.<\/p>\n<p class=\"\" data-start=\"1182\" data-end=\"1507\">B\u00f6lgeye \u00f6zg\u00fc <strong data-start=\"1195\" data-end=\"1214\">Mastelo peyniri<\/strong>, hafif tuzlu ve yumu\u015fak yap\u0131s\u0131yla kahvalt\u0131larda ya da mezelerde s\u0131k\u00e7a yer al\u0131r. Bu lezzete e\u015flik eden en pop\u00fcler i\u00e7eceklerden biri ise hi\u00e7 ku\u015fkusuz <strong data-start=\"1363\" data-end=\"1371\">ouzo<\/strong>dur. Anason aromal\u0131 bu geleneksel Yunan i\u00e7kisi, genellikle buzla servis edilir ve \u00f6zellikle deniz mahsulleriyle harika bir uyum yakalar.<\/p>\n<p class=\"\" data-start=\"1509\" data-end=\"1658\">Sak\u0131z Adas\u0131&#8217;nda hem yerel tatlar\u0131 deneyimlemek hem de \u00f6zg\u00fcn \u00fcr\u00fcnlerle al\u0131\u015fveri\u015f yapmak, adan\u0131n k\u00fclt\u00fcrel zenginli\u011fini daha yak\u0131ndan tan\u0131man\u0131z\u0131 sa\u011flar.<\/p>\n<p>&nbsp;<\/p>\n<h3><strong>Sak\u0131z Adas\u0131\u2019na Gitmeden \u00d6nce Bilmeniz Gerekenler<\/strong><\/h3>\n<ul>\n<li><strong>Para birimi:<\/strong> Euro (EUR)<\/li>\n<li><strong>Saat fark\u0131:<\/strong> T\u00fcrkiye ile ayn\u0131 saat dilimindedir.<\/li>\n<li><strong>Elektrik prizi:<\/strong> Avrupa tipi (C ve F tipi prizler kullan\u0131l\u0131r).<\/li>\n<li><strong>Dil:<\/strong> Resmi dil Yunanca olup, turistik b\u00f6lgelerde \u0130ngilizce konu\u015fulmaktad\u0131r.<\/li>\n<li><strong>\u0130nternet ve SIM Kart:<\/strong> T\u00fcrkiye hatt\u0131n\u0131z adada y\u00fcksek roaming \u00fccreti \u00e7\u0131karabilir, bu y\u00fczden yerel SIM kart almay\u0131 d\u00fc\u015f\u00fcnebilirsiniz.<\/li>\n<\/ul>\n<p>&nbsp;<\/p>\n<h4><strong>Sak\u0131z Adas\u0131 2025 Seyahat Rehberi<\/strong><\/h4>\n<p>Sak\u0131z Adas\u0131, T\u00fcrkiye\u2019den kolay ula\u015f\u0131m\u0131 ve\u00a0kap\u0131da vize\u00a0imkan\u0131 sayesinde ideal bir hafta sonu ka\u00e7ama\u011f\u0131. Kap\u0131da vize uygulamas\u0131 sayesinde Schengen vizesi almadan da aday\u0131 ziyaret edebilirsiniz. Seyahatinizi planlarken g\u00fcncel kap\u0131da vize \u00fccretlerini, ba\u015fvuru s\u00fcrecini ve gerekli belgeleri \u00f6nceden \u00f6\u011frenmek, sorunsuz bir tatil ge\u00e7irmenize yard\u0131mc\u0131 olacakt\u0131r.<\/p>\n<p>E\u011fer Ege\u2019nin b\u00fcy\u00fcleyici adalar\u0131n\u0131 ke\u015ffetmek istiyorsan\u0131z, Sak\u0131z Adas\u0131 listenizde mutlaka olmal\u0131!<\/p>\n","protected":false},"excerpt":{"rendered":"Ege Denizi&#8217;nin b\u00fcy\u00fcleyici adalar\u0131ndan biri olan\u00a0Sak\u0131z Adas\u0131, tarihi dokusu, lezzetli mutfa\u011f\u0131 ve masmavi sular\u0131yla her y\u0131l binlerce turisti&hellip;","protected":false},"author":1,"featured_media":1719,"comment_status":"open","ping_status":"open","sticky":false,"template":"","format":"standard","meta":{"csco_singular_sidebar":"","csco_page_header_type":"","csco_page_load_nextpost":"","csco_post_video_location":[],"csco_post_video_location_hash":"","csco_post_video_url":"","csco_post_video_bg_start_time":0,"csco_post_video_bg_end_time":0,"csco_post_video_bg_volume":false,"footnotes":""},"categories":[28],"tags":[],"class_list":{"0":"post-1717","1":"post","2":"type-post","3":"status-publish","4":"format-standard","5":"has-post-thumbnail","7":"category-vize","8":"cs-entry","9":"cs-video-wrap"},"aioseo_notices":[],"_links":{"self":[{"href":"https:\/\/seyahatpolicesi.com\/blog\/wp-json\/wp\/v2\/posts\/1717","targetHints":{"allow":["GET"]}}],"collection":[{"href":"https:\/\/seyahatpolicesi.com\/blog\/wp-json\/wp\/v2\/posts"}],"about":[{"href":"https:\/\/seyahatpolicesi.com\/blog\/wp-json\/wp\/v2\/types\/post"}],"author":[{"embeddable":true,"href":"https:\/\/seyahatpolicesi.com\/blog\/wp-json\/wp\/v2\/users\/1"}],"replies":[{"embeddable":true,"href":"https:\/\/seyahatpolicesi.com\/blog\/wp-json\/wp\/v2\/comments?post=1717"}],"version-history":[{"count":11,"href":"https:\/\/seyahatpolicesi.com\/blog\/wp-json\/wp\/v2\/posts\/1717\/revisions"}],"predecessor-version":[{"id":1739,"href":"https:\/\/seyahatpolicesi.com\/blog\/wp-json\/wp\/v2\/posts\/1717\/revisions\/1739"}],"wp:featuredmedia":[{"embeddable":true,"href":"https:\/\/seyahatpolicesi.com\/blog\/wp-json\/wp\/v2\/media\/1719"}],"wp:attachment":[{"href":"https:\/\/seyahatpolicesi.com\/blog\/wp-json\/wp\/v2\/media?parent=1717"}],"wp:term":[{"taxonomy":"category","embeddable":true,"href":"https:\/\/seyahatpolicesi.com\/blog\/wp-json\/wp\/v2\/categories?post=1717"},{"taxonomy":"post_tag","embeddable":true,"href":"https:\/\/seyahatpolicesi.com\/blog\/wp-json\/wp\/v2\/tags?post=1717"}],"curies":[{"name":"wp","href":"https:\/\/api.w.org\/{rel}","templated":true}]}}