{"id":1648,"date":"2025-02-17T21:08:08","date_gmt":"2025-02-17T18:08:08","guid":{"rendered":"https:\/\/seyahatpolicesi.com\/blog\/?p=1648"},"modified":"2025-02-17T21:08:08","modified_gmt":"2025-02-17T18:08:08","slug":"brezilyanin-coskulu-karnavallari","status":"publish","type":"post","link":"https:\/\/seyahatpolicesi.com\/blog\/brezilyanin-coskulu-karnavallari\/","title":{"rendered":"Brezilya\u2019n\u0131n Co\u015fkulu Karnavallar\u0131: Rio\u2019dan Salvador\u2019a"},"content":{"rendered":"<p>Brezilya, sadece b\u00fcy\u00fcleyici do\u011fas\u0131 ve e\u015fsiz plajlar\u0131yla de\u011fil, ayn\u0131 zamanda renkli ve enerjik karnavallar\u0131yla da \u00fcnl\u00fcd\u00fcr. Her y\u0131l milyonlarca turistin kat\u0131ld\u0131\u011f\u0131 bu karnavallar, m\u00fczik, dans ve e\u011flencenin zirveye \u00e7\u0131kt\u0131\u011f\u0131 etkinliklerdir. <strong>Rio de Janeiro Karnaval\u0131<\/strong>, bu k\u00fclt\u00fcrel \u015f\u00f6lenin en ikonik \u00f6rne\u011fidir. Ancak Brezilya\u2019da karnaval, yaln\u0131zca Rio ile s\u0131n\u0131rl\u0131 kalmaz; Salvador, Recife ve Olinda gibi \u015fehirlerde de kutlamalar yerel k\u00fclt\u00fcrle harmanlanarak ger\u00e7ekle\u015ftirilir. Brezilya karnavallar\u0131, sadece bir festival de\u011fil, ayn\u0131 zamanda \u00fclkenin k\u00f6kl\u00fc tarihini ve zengin k\u00fclt\u00fcrel miras\u0131n\u0131 yans\u0131tan bir g\u00f6steridir.<\/p>\n<p>Karnavallar, Brezilya\u2019n\u0131n sanat, m\u00fczik ve dans alan\u0131ndaki yeteneklerini sergiledi\u011fi platformlard\u0131r. Samba ritimlerinden frevo danslar\u0131na kadar her detay, bu etkinliklerin ne kadar emekle haz\u0131rland\u0131\u011f\u0131n\u0131 g\u00f6zler \u00f6n\u00fcne serer. Bu yaz\u0131da, Brezilya\u2019n\u0131n karnaval k\u00fclt\u00fcr\u00fcn\u00fc, farkl\u0131 \u015fehirlerdeki karnavallar\u0131n \u00f6zelliklerini ve bu e\u015fsiz festivalleri deneyimlemek i\u00e7in ihtiyac\u0131n\u0131z olan ipu\u00e7lar\u0131n\u0131 detayl\u0131 bir \u015fekilde ele alaca\u011f\u0131z.<\/p>\n<h2>Rio de Janeiro Karnaval\u0131: Sambadrome\u2019un I\u015f\u0131lt\u0131s\u0131<\/h2>\n<p>Rio de Janeiro Karnaval\u0131, d\u00fcnya \u00e7ap\u0131nda \u00fcnl\u00fc bir etkinliktir ve Brezilya\u2019n\u0131n k\u00fclt\u00fcrel miras\u0131n\u0131n en bilinen simgelerinden biridir. \u00d6zellikle <strong>Sambadrome<\/strong>&#8216;da d\u00fczenlenen ge\u00e7it t\u00f6renleri, bu karnaval\u0131n en dikkat \u00e7ekici unsurlar\u0131ndan biridir. Samba okullar\u0131, bu ge\u00e7itlerde aylarca s\u00fcren haz\u0131rl\u0131klar\u0131n\u0131n \u00fcr\u00fcnlerini sergiler.<\/p>\n<h3>Sambadrome\u2019da Samba Ge\u00e7itleri<\/h3>\n<p>Rio karnaval\u0131n\u0131n en b\u00fcy\u00fcleyici k\u0131sm\u0131, hi\u00e7 \u015f\u00fcphesiz Sambadrome\u2019daki ge\u00e7it t\u00f6renleridir. Samba okullar\u0131, birbirinden renkli kost\u00fcmler ve g\u00f6z al\u0131c\u0131 dekorlarla haz\u0131rlad\u0131klar\u0131 performanslar\u0131 sunar. Bu t\u00f6renler, karnaval\u0131n zirve noktas\u0131 olarak kabul edilir ve her y\u0131l binlerce ki\u015fi taraf\u0131ndan izlenir. E\u011fer Sambadrome deneyimini ya\u015famak istiyorsan\u0131z, biletlerinizi aylar \u00f6ncesinden sat\u0131n alman\u0131z gerekti\u011fini unutmay\u0131n.<\/p>\n<h2>Salvador Karnaval\u0131: Sokaklar\u0131n Ritmi<\/h2>\n<p>Salvador Karnaval\u0131, Brezilya\u2019n\u0131n kuzeydo\u011fusunda yer al\u0131r ve Rio\u2019dan farkl\u0131 olarak sokak odakl\u0131d\u0131r. Bu karnavalda, <strong>trio el\u00e9trico<\/strong> ad\u0131 verilen devasa m\u00fczik kamyonlar\u0131, \u015fehir sokaklar\u0131nda dola\u015farak halk\u0131 dansa ve e\u011flenceye davet eder. Salvador Karnaval\u0131, halka a\u00e7\u0131k ve interaktif bir etkinlik olarak tan\u0131mlan\u0131r.<\/p>\n<p><img fetchpriority=\"high\" decoding=\"async\" class=\"aligncenter size-full wp-image-1635\" src=\"https:\/\/seyahatpolicesi.com\/blog\/wp-content\/uploads\/2025\/02\/4-1.png\" alt=\"\" width=\"800\" height=\"400\" srcset=\"https:\/\/seyahatpolicesi.com\/blog\/wp-content\/uploads\/2025\/02\/4-1.png 800w, https:\/\/seyahatpolicesi.com\/blog\/wp-content\/uploads\/2025\/02\/4-1-300x150.png 300w, https:\/\/seyahatpolicesi.com\/blog\/wp-content\/uploads\/2025\/02\/4-1-768x384.png 768w\" sizes=\"(max-width: 800px) 100vw, 800px\" \/><\/p>\n<h3>Trio El\u00e9trico Deneyimi<\/h3>\n<p>Trio el\u00e9trico, Salvador karnaval\u0131n\u0131n vazge\u00e7ilmez bir par\u00e7as\u0131d\u0131r. Bu devasa kamyonlar, canl\u0131 m\u00fczik performanslar\u0131 e\u015fli\u011finde sokaklar\u0131 gezer ve t\u00fcm \u015fehir bir dans pistine d\u00f6n\u00fc\u015f\u00fcr. Salvador Karnaval\u0131, samimi ve kat\u0131l\u0131mc\u0131 yap\u0131s\u0131yla, Brezilya\u2019n\u0131n di\u011fer karnavallar\u0131ndan ayr\u0131l\u0131r.<\/p>\n<h2>Recife ve Olinda Karnavallar\u0131: Geleneksel Bir Miras<\/h2>\n<p>Recife ve Olinda\u2019daki karnavallar, Brezilya\u2019n\u0131n k\u00fclt\u00fcrel zenginliklerini ve yerel m\u00fczik geleneklerini en iyi \u015fekilde yans\u0131t\u0131r. \u00d6zellikle <strong>frevo<\/strong> ve <strong>maracatu<\/strong> gibi m\u00fczik t\u00fcrleri, bu karnavallar\u0131n ruhunu olu\u015fturur.<\/p>\n<h3>Frevo ve Maracatu Ritmleri<\/h3>\n<p>Frevo, Brezilya\u2019n\u0131n yerel m\u00fczik ve dans k\u00fclt\u00fcr\u00fcn\u00fcn enerjik bir yans\u0131mas\u0131d\u0131r. Akrobatik dans hareketleri ve h\u0131zl\u0131 ritmleriyle izleyenleri b\u00fcy\u00fcler. Maracatu ise k\u00f6keni Afrika\u2019ya dayanan ve geleneksel ritmleriyle dikkat \u00e7eken bir m\u00fczik t\u00fcr\u00fcd\u00fcr. Recife ve Olinda, bu iki geleneksel unsuru bir araya getirerek kat\u0131l\u0131mc\u0131lara unutulmaz anlar ya\u015fat\u0131r.,<\/p>\n<p><img decoding=\"async\" class=\"aligncenter size-full wp-image-1636\" src=\"https:\/\/seyahatpolicesi.com\/blog\/wp-content\/uploads\/2025\/02\/4-2.png\" alt=\"\" width=\"800\" height=\"400\" srcset=\"https:\/\/seyahatpolicesi.com\/blog\/wp-content\/uploads\/2025\/02\/4-2.png 800w, https:\/\/seyahatpolicesi.com\/blog\/wp-content\/uploads\/2025\/02\/4-2-300x150.png 300w, https:\/\/seyahatpolicesi.com\/blog\/wp-content\/uploads\/2025\/02\/4-2-768x384.png 768w\" sizes=\"(max-width: 800px) 100vw, 800px\" \/><\/p>\n<h2>Brezilya Karnavallar\u0131na Kat\u0131lmak \u0130\u00e7in \u0130pu\u00e7lar\u0131<\/h2>\n<p>Brezilya karnavallar\u0131, b\u00fcy\u00fck ve yo\u011fun etkinliklerdir. Bu nedenle seyahatinizi planlarken dikkatli olman\u0131z gerekir. Konaklama ve biletlerinizi \u00f6nceden ayarlamak, festival s\u00fcrecinde rahat etmenizi sa\u011flar.<\/p>\n<h2>Konaklama ve Ula\u015f\u0131m<\/h2>\n<p>Karnaval s\u0131ras\u0131nda otel fiyatlar\u0131n\u0131n olduk\u00e7a y\u00fcksek olabilece\u011fini ve toplu ta\u015f\u0131ma ara\u00e7lar\u0131n\u0131n yo\u011funla\u015faca\u011f\u0131n\u0131 unutmay\u0131n. Bu nedenle, seyahat planlar\u0131n\u0131z\u0131 m\u00fcmk\u00fcn oldu\u011funca erken yapman\u0131z \u00f6nemlidir. Konaklama rezervasyonunuzu birka\u00e7 ay \u00f6nceden yapmak, hem b\u00fct\u00e7eniz hem de rahat\u0131n\u0131z i\u00e7in faydal\u0131 olacakt\u0131r.<\/p>\n<h2>Brezilya Karnavallar\u0131na Kat\u0131lmadan \u00d6nce Sa\u011fl\u0131k Sigortas\u0131 Yapt\u0131rmay\u0131 Unutmay\u0131n<\/h2>\n<p>Brezilya karnavallar\u0131, d\u00fcnyadaki en b\u00fcy\u00fck ve en co\u015fkulu kutlamalardan biri olarak her y\u0131l milyonlarca turistin ilgisini \u00e7eker. Ancak, bu t\u00fcr b\u00fcy\u00fck etkinliklere kat\u0131l\u0131rken sa\u011fl\u0131k a\u00e7\u0131s\u0131ndan dikkatli olman\u0131z \u00f6nemlidir. Karnavallar, b\u00fcy\u00fck kalabal\u0131klar\u0131n i\u00e7inde ge\u00e7en, enerjik ve uzun s\u00fcren kutlamalar oldu\u011fundan, beklenmedik sa\u011fl\u0131k sorunlar\u0131 veya kazalar ya\u015fanabilir. Brezilya\u2019da, bu t\u00fcr olaylara kar\u015f\u0131 korunmak i\u00e7in bir <strong>seyahat sa\u011fl\u0131k sigortas\u0131<\/strong> yapt\u0131rmak, seyahatinizin g\u00fcvenli ve keyifli ge\u00e7mesini sa\u011flar.<\/p>\n<p>Seyahat sa\u011fl\u0131k sigortas\u0131, sadece bir zorunluluk de\u011fil, ayn\u0131 zamanda karnavala kat\u0131lan herkes i\u00e7in b\u00fcy\u00fck bir avantajd\u0131r. Bu sigorta t\u00fcr\u00fc, olas\u0131 sa\u011fl\u0131k problemlerinizde veya kaza durumlar\u0131nda hastanelerle h\u0131zl\u0131 bir ba\u011flant\u0131 kurman\u0131za ve y\u00fcksek tedavi masraflar\u0131ndan ka\u00e7\u0131nman\u0131za olanak tan\u0131r. Ayr\u0131ca, Brezilya\u2019da sa\u011fl\u0131k hizmetlerinin maliyetinin y\u00fcksek olabilece\u011fini g\u00f6z \u00f6n\u00fcnde bulundurursak, sigorta yapt\u0131rmak bu masraflardan sizi korur.<\/p>\n<p>Karnavallar\u0131n heyecan\u0131 i\u00e7inde sa\u011fl\u0131kla ilgili endi\u015fe duymamak i\u00e7in seyahatinizden \u00f6nce sigortan\u0131z\u0131 yapt\u0131rmak \u00e7ok \u00f6nemlidir. <strong>Seyahat sa\u011fl\u0131k sigortas\u0131<\/strong>, yaln\u0131zca sa\u011fl\u0131k de\u011fil, ayn\u0131 zamanda karnaval s\u0131ras\u0131nda ya\u015fanabilecek olas\u0131 kay\u0131plara, iptallere veya de\u011fi\u015fikliklere kar\u015f\u0131 da sizi korur. Herhangi bir acil durumda, sigorta poli\u00e7eniz sayesinde sa\u011fl\u0131k hizmetlerine h\u0131zl\u0131 bir \u015fekilde eri\u015febilirsiniz. <strong>Seyahat sa\u011fl\u0131k sigortas\u0131<\/strong> hakk\u0131nda daha fazla bilgi almak ve poli\u00e7enizi hemen almak i\u00e7in <a href=\"https:\/\/seyahatpolicesi.com\/seyahat-saglik-sigortasi\">seyahat sa\u011f\u0131k sigortas\u0131 sayfam\u0131za<\/a> g\u00f6z atabilirsiniz.<\/p>\n<p><img decoding=\"async\" class=\"aligncenter size-full wp-image-1637\" src=\"https:\/\/seyahatpolicesi.com\/blog\/wp-content\/uploads\/2025\/02\/4-3.png\" alt=\"\" width=\"800\" height=\"400\" srcset=\"https:\/\/seyahatpolicesi.com\/blog\/wp-content\/uploads\/2025\/02\/4-3.png 800w, https:\/\/seyahatpolicesi.com\/blog\/wp-content\/uploads\/2025\/02\/4-3-300x150.png 300w, https:\/\/seyahatpolicesi.com\/blog\/wp-content\/uploads\/2025\/02\/4-3-768x384.png 768w\" sizes=\"(max-width: 800px) 100vw, 800px\" \/><\/p>\n<p>Karnavaldan daha fazla keyif alabilmek i\u00e7in sigortan\u0131z\u0131 yapt\u0131rarak g\u00fcvenle yola \u00e7\u0131k\u0131n ve unutulmaz bir deneyim ya\u015fay\u0131n!<\/p>\n<p><strong>Bu da ilginizi \u00e7ekebilir:<\/strong> <a href=\"https:\/\/seyahatpolicesi.com\/blog\/fransada-yiyebileceginiz-en-ilginc-5-yemek\/\">Fransa\u2019da Yiyebilece\u011finiz En \u0130lgin\u00e7 5 Yemek<\/a><\/p>\n<p>&nbsp;<\/p>\n","protected":false},"excerpt":{"rendered":"Brezilya, sadece b\u00fcy\u00fcleyici do\u011fas\u0131 ve e\u015fsiz plajlar\u0131yla de\u011fil, ayn\u0131 zamanda renkli ve enerjik karnavallar\u0131yla da \u00fcnl\u00fcd\u00fcr. Her y\u0131l&hellip;","protected":false},"author":1,"featured_media":1634,"comment_status":"open","ping_status":"open","sticky":false,"template":"","format":"standard","meta":{"csco_singular_sidebar":"","csco_page_header_type":"","csco_page_load_nextpost":"","csco_post_video_location":[],"csco_post_video_location_hash":"","csco_post_video_url":"","csco_post_video_bg_start_time":0,"csco_post_video_bg_end_time":0,"csco_post_video_bg_volume":false,"footnotes":""},"categories":[51],"tags":[97,100,92,105,109,104,107,99,81,102,98,103,96,112,95,93,110,106,111,94,101,31,34,108],"class_list":{"0":"post-1648","1":"post","2":"type-post","3":"status-publish","4":"format-standard","5":"has-post-thumbnail","7":"category-festivaller","8":"tag-brezilya-festivalleri","9":"tag-brezilya-gezisi","10":"tag-brezilya-karnavallari","11":"tag-brezilya-saglik-sigortasi","12":"tag-brezilya-seyahat-saglik-sigortasi","13":"tag-brezilya-seyahati","14":"tag-brezilya-tatil-sigortasi","15":"tag-brezilya-tatili","16":"tag-festival-saglik-sigortasi","17":"tag-frevo","18":"tag-karnaval-saglik-sigortasi","19":"tag-maracatu","20":"tag-olinda-karnavali","21":"tag-recife-festivali","22":"tag-recife-karnavali","23":"tag-rio-de-janeiro-karnavali","24":"tag-rio-festivali","25":"tag-saglik-sigortasi-karnaval","26":"tag-salvador-festivali","27":"tag-salvador-karnavali","28":"tag-samba","29":"tag-seyahat-saglik-sigortasi","30":"tag-seyahat-sigortasi","31":"tag-seyahat-sigortasi-yaptirmak","32":"cs-entry","33":"cs-video-wrap"},"aioseo_notices":[],"_links":{"self":[{"href":"https:\/\/seyahatpolicesi.com\/blog\/wp-json\/wp\/v2\/posts\/1648","targetHints":{"allow":["GET"]}}],"collection":[{"href":"https:\/\/seyahatpolicesi.com\/blog\/wp-json\/wp\/v2\/posts"}],"about":[{"href":"https:\/\/seyahatpolicesi.com\/blog\/wp-json\/wp\/v2\/types\/post"}],"author":[{"embeddable":true,"href":"https:\/\/seyahatpolicesi.com\/blog\/wp-json\/wp\/v2\/users\/1"}],"replies":[{"embeddable":true,"href":"https:\/\/seyahatpolicesi.com\/blog\/wp-json\/wp\/v2\/comments?post=1648"}],"version-history":[{"count":1,"href":"https:\/\/seyahatpolicesi.com\/blog\/wp-json\/wp\/v2\/posts\/1648\/revisions"}],"predecessor-version":[{"id":1649,"href":"https:\/\/seyahatpolicesi.com\/blog\/wp-json\/wp\/v2\/posts\/1648\/revisions\/1649"}],"wp:featuredmedia":[{"embeddable":true,"href":"https:\/\/seyahatpolicesi.com\/blog\/wp-json\/wp\/v2\/media\/1634"}],"wp:attachment":[{"href":"https:\/\/seyahatpolicesi.com\/blog\/wp-json\/wp\/v2\/media?parent=1648"}],"wp:term":[{"taxonomy":"category","embeddable":true,"href":"https:\/\/seyahatpolicesi.com\/blog\/wp-json\/wp\/v2\/categories?post=1648"},{"taxonomy":"post_tag","embeddable":true,"href":"https:\/\/seyahatpolicesi.com\/blog\/wp-json\/wp\/v2\/tags?post=1648"}],"curies":[{"name":"wp","href":"https:\/\/api.w.org\/{rel}","templated":true}]}}