{"id":1413,"date":"2024-11-22T19:05:40","date_gmt":"2024-11-22T16:05:40","guid":{"rendered":"https:\/\/seyahatpolicesi.com\/blog\/?p=1413"},"modified":"2024-11-22T19:05:40","modified_gmt":"2024-11-22T16:05:40","slug":"avusturyanin-gizli-kalmis-3-degeri","status":"publish","type":"post","link":"https:\/\/seyahatpolicesi.com\/blog\/avusturyanin-gizli-kalmis-3-degeri\/","title":{"rendered":"Avusturya&#8217;n\u0131n Gizli Kalm\u0131\u015f 3 De\u011feri"},"content":{"rendered":"<p>Avusturya, Alpler&#8217;in eteklerindeki b\u00fcy\u00fcleyici do\u011fas\u0131, tarihi \u015fehirleri ve k\u00fclt\u00fcrel zenginlikleriyle tan\u0131n\u0131r. Ancak, \u00fclkenin turistik a\u00e7\u0131dan yo\u011fun ziyaret edilen b\u00f6lgelerinin \u00f6tesine ge\u00e7ti\u011finizde, sizi daha derinden etkileyecek, g\u00f6zden uzak ve e\u015fsiz g\u00fczellikte yerler ke\u015ffedebilirsiniz. Bu yaz\u0131da, Avusturya\u2019n\u0131n turistik bro\u015f\u00fcrlerde s\u0131k\u00e7a yer almayan ama ruhunuza dokunacak \u00fc\u00e7 sakl\u0131 de\u011ferine birlikte yak\u0131ndan bak\u0131yoruz.<\/p>\n<p>Haz\u0131rsan\u0131z, do\u011fan\u0131n, tarihin ve k\u00fclt\u00fcr\u00fcn i\u00e7 i\u00e7e ge\u00e7ti\u011fi bu ke\u015fif yolculu\u011funa ba\u015flayal\u0131m!<\/p>\n<h2><strong>Hallstatt\u2019\u0131n Sakl\u0131 Kom\u015fusu: Gosau<\/strong><\/h2>\n<p>Hallstatt\u2019\u0131n masals\u0131 atmosferi d\u00fcnya \u00e7ap\u0131nda \u00fcn kazansa da, hemen yan\u0131 ba\u015f\u0131ndaki Gosau, \u00e7ok daha sakin ve huzurlu bir deneyim sunuyor. <strong>Gosau<\/strong>, Alpler\u2019in b\u00fcy\u00fcleyici do\u011fas\u0131yla \u00e7evrili, dingin bir k\u00f6y. Y\u00fcksek da\u011flar ve yemye\u015fil vadiler aras\u0131nda kaybolan bu k\u00fc\u00e7\u00fck yerle\u015fim yeri, bir ressam\u0131n paletinden \u00e7\u0131km\u0131\u015f gibi hissettiriyor.<\/p>\n<p>Gosau\u2019yu ziyaret etti\u011finizde ilk dura\u011f\u0131n\u0131z <strong>Gosausee<\/strong> olmal\u0131. Bu g\u00f6l, kristal berrakl\u0131\u011f\u0131ndaki suyu ve arkas\u0131nda y\u00fckselen Dachstein Buzulu ile adeta bir do\u011fa harikas\u0131. G\u00f6l \u00e7evresinde y\u00fcr\u00fcy\u00fc\u015f yapabilir, ku\u015f sesleri e\u015fli\u011finde do\u011fan\u0131n tad\u0131n\u0131 \u00e7\u0131karabilirsiniz. E\u011fer maceraya biraz daha yak\u0131n olmak istiyorsan\u0131z, da\u011f bisikleti kiralayarak b\u00f6lgedeki patikalarda keyifli bir ke\u015ffe \u00e7\u0131kabilirsiniz.<\/p>\n<p>K\u0131\u015f aylar\u0131nda Gosau, kayak severler i\u00e7in m\u00fckemmel bir destinasyon haline gelirken, yaz aylar\u0131nda trekking ve kamp aktiviteleriyle dolup ta\u015f\u0131yor. Ama her ne zaman giderseniz gidin, yerel halk\u0131n s\u0131cakkanl\u0131l\u0131\u011f\u0131 ve k\u00f6y\u00fcn samimi atmosferi sizi evinizde hissettirecek.<\/p>\n<p>Burada mutlaka yerel bir f\u0131r\u0131ndan taze yap\u0131lm\u0131\u015f Avusturya \u00e7\u00f6reklerini tatmal\u0131s\u0131n\u0131z. Yan\u0131nda kahvenizi yudumlarken, da\u011f manzaras\u0131n\u0131n keyfini \u00e7\u0131kar\u0131n ve \u015fehrin temposundan ne kadar uzakta oldu\u011funuzu hissedin.<\/p>\n<h2><strong>Wachau Vadisi: Tuna\u2019n\u0131n \u015earap Dolu Kucaklay\u0131\u015f\u0131<\/strong><\/h2>\n<p>Viyana\u2019dan yakla\u015f\u0131k bir saatlik mesafede yer alan Wachau Vadisi, Avusturya\u2019n\u0131n gizli kalm\u0131\u015f hazinelerinden biri. Tuna Nehri boyunca uzanan bu b\u00fcy\u00fcleyici vadi, yemye\u015fil \u00fcz\u00fcm ba\u011flar\u0131, tarihi kaleleri ve masals\u0131 k\u00f6yleriyle tam bir tablo gibi.<\/p>\n<p>Wachau\u2019yu ke\u015ffetmenin en keyifli yollar\u0131ndan biri, bisiklet kiralay\u0131p nehir kenar\u0131ndaki yollar\u0131 gezmek. Pedal \u00e7evirirken bir yanda nehrin sakin ak\u0131\u015f\u0131, di\u011fer yanda ba\u011flar\u0131n aras\u0131nda y\u00fckselen Melk Manast\u0131r\u0131 gibi tarihi yap\u0131lar sizi selaml\u0131yor. E\u011fer \u015farap tutkunuysan\u0131z, buradaki ba\u011f evlerinde \u00fcretilen Riesling \u015faraplar\u0131n\u0131n tad\u0131na bakmadan d\u00f6nmeyin.<\/p>\n<p>Vadi boyunca yer alan k\u00f6yler, yerel k\u00fclt\u00fcr\u00fcn ve mutfa\u011f\u0131n en g\u00fczel \u00f6rneklerini sunuyor. Burada bir kafede oturup Tuna\u2019ya kar\u015f\u0131 kahvenizi yudumlamak ya da yerel bir restoranda ev yap\u0131m\u0131 Avusturya yemeklerini tatmak, Wachau\u2019nun sundu\u011fu e\u015fsiz deneyimlerden sadece birka\u00e7\u0131.<\/p>\n<p>Ve unutmay\u0131n, bu b\u00f6lge yaln\u0131zca yaz aylar\u0131nda de\u011fil, sonbahar aylar\u0131nda da ziyaret edilmeli. \u00dcz\u00fcmler hasat edilirken vadiyi saran alt\u0131n ve k\u0131rm\u0131z\u0131 tonlar\u0131 g\u00f6rmek, bu b\u00f6lgeyi bir kez daha \u00e2\u015f\u0131k olman\u0131za neden olacak.<\/p>\n<h2><strong>Bregenzerwald: Alp K\u00f6ylerinin Ruhunu Ya\u015famak<\/strong><\/h2>\n<p>Avusturya\u2019n\u0131n bat\u0131s\u0131nda yer alan <strong>Bregenzerwald<\/strong>, otantik Alp ya\u015fam\u0131n\u0131 deneyimlemek isteyenler i\u00e7in bir cennet. Vorarlberg b\u00f6lgesinde konumlanan bu alan, yemye\u015fil \u00e7ay\u0131rlar\u0131, ah\u015fap mimarisi ve geleneksel k\u00fclt\u00fcr\u00fcyle modern d\u00fcnyan\u0131n karma\u015fas\u0131ndan ka\u00e7\u0131p sakinli\u011fe s\u0131\u011f\u0131nmak isteyenler i\u00e7in birebir.<\/p>\n<p>Bregenzerwald\u2019\u0131n en dikkat \u00e7eken \u00f6zelliklerinden biri, b\u00f6lgedeki ah\u015fap yap\u0131lar. Geleneksel Alp mimarisiyle modern tasar\u0131m\u0131 birle\u015ftiren bu evler, hem g\u00f6z al\u0131c\u0131 hem de do\u011fayla uyum i\u00e7inde. B\u00f6lgeye \u00f6zg\u00fc olan &#8220;Peynir Rotas\u0131&#8221; ise gastronomi tutkunlar\u0131n\u0131n g\u00f6zdesi. Burada yerel \u00e7iftlikleri ziyaret ederek taze peynirlerin tad\u0131na bakabilir, yap\u0131m s\u00fcre\u00e7lerini \u00f6\u011frenebilirsiniz.<\/p>\n<p>Do\u011faseverler i\u00e7in say\u0131s\u0131z trekking rotas\u0131 sunan Bregenzerwald, ayn\u0131 zamanda k\u0131\u015f aylar\u0131nda kayak severlerin favori destinasyonlar\u0131ndan biri haline geliyor. Ancak buran\u0131n b\u00fcy\u00fcs\u00fc yaln\u0131zca do\u011fal g\u00fczelliklerinden kaynaklanm\u0131yor; buradaki yerel halk\u0131n s\u0131cakkanl\u0131l\u0131\u011f\u0131 ve misafirperverli\u011fi, buray\u0131 unutulmaz k\u0131lan bir di\u011fer detay.<\/p>\n<p>E\u011fer biraz dinlenmek isterseniz, k\u00f6y meydan\u0131ndaki kafelerden birine oturup s\u0131cak bir kahveyle \u00e7evrenizi izleyin. \u0130nsanlar\u0131n g\u00fcnl\u00fck ya\u015fam tela\u015f\u0131n\u0131 izlerken, huzurun asl\u0131nda k\u00fc\u00e7\u00fck detaylarda sakl\u0131 oldu\u011funu fark edeceksiniz.<\/p>\n<h2><strong>Avusturya\u2019da Gizli Bir Cennet: Ruhunuza Dokunacak Bir Seyahat<\/strong><\/h2>\n<p>Avusturya\u2019n\u0131n her k\u00f6\u015fesi kendine has bir g\u00fczellik ta\u015f\u0131yor, ama Gosau, Wachau Vadisi ve Bregenzerwald gibi sakl\u0131 kalm\u0131\u015f yerler, \u00fclkenin ger\u00e7ek ruhunu ke\u015ffetmek isteyenlere \u00f6zel bir deneyim sunuyor. Hallstatt\u2019\u0131n ta\u015f evlerinden \u00e7ok daha fazlas\u0131n\u0131, Viyana\u2019n\u0131n saraylar\u0131ndan \u00e7ok daha derin bir k\u00fclt\u00fcr\u00fc ar\u0131yorsan\u0131z, bu rotalar tam size g\u00f6re.<\/p>\n<p>Bu sakl\u0131 cennetlerde, da\u011flar\u0131n, nehirlerin ve tarih kokan sokaklar\u0131n aras\u0131nda gezinirken sadece Avusturya\u2019y\u0131 de\u011fil, kendinizi de ke\u015ffedeceksiniz. Haydi, bir sonraki seyahat plan\u0131n\u0131za bu de\u011ferleri ekleyin ve s\u0131radan bir tatilin \u00f6tesinde, ruhunuza dokunan bir yolculu\u011fa \u00e7\u0131k\u0131n.<\/p>\n","protected":false},"excerpt":{"rendered":"Avusturya, Alpler&#8217;in eteklerindeki b\u00fcy\u00fcleyici do\u011fas\u0131, tarihi \u015fehirleri ve k\u00fclt\u00fcrel zenginlikleriyle tan\u0131n\u0131r. Ancak, \u00fclkenin turistik a\u00e7\u0131dan yo\u011fun ziyaret edilen&hellip;","protected":false},"author":1,"featured_media":1414,"comment_status":"open","ping_status":"open","sticky":false,"template":"","format":"standard","meta":{"csco_singular_sidebar":"","csco_page_header_type":"","csco_page_load_nextpost":"","csco_post_video_location":[],"csco_post_video_location_hash":"","csco_post_video_url":"","csco_post_video_bg_start_time":0,"csco_post_video_bg_end_time":0,"csco_post_video_bg_volume":false,"footnotes":""},"categories":[1],"tags":[],"class_list":{"0":"post-1413","1":"post","2":"type-post","3":"status-publish","4":"format-standard","5":"has-post-thumbnail","7":"category-genel","8":"cs-entry","9":"cs-video-wrap"},"aioseo_notices":[],"_links":{"self":[{"href":"https:\/\/seyahatpolicesi.com\/blog\/wp-json\/wp\/v2\/posts\/1413","targetHints":{"allow":["GET"]}}],"collection":[{"href":"https:\/\/seyahatpolicesi.com\/blog\/wp-json\/wp\/v2\/posts"}],"about":[{"href":"https:\/\/seyahatpolicesi.com\/blog\/wp-json\/wp\/v2\/types\/post"}],"author":[{"embeddable":true,"href":"https:\/\/seyahatpolicesi.com\/blog\/wp-json\/wp\/v2\/users\/1"}],"replies":[{"embeddable":true,"href":"https:\/\/seyahatpolicesi.com\/blog\/wp-json\/wp\/v2\/comments?post=1413"}],"version-history":[{"count":1,"href":"https:\/\/seyahatpolicesi.com\/blog\/wp-json\/wp\/v2\/posts\/1413\/revisions"}],"predecessor-version":[{"id":1415,"href":"https:\/\/seyahatpolicesi.com\/blog\/wp-json\/wp\/v2\/posts\/1413\/revisions\/1415"}],"wp:featuredmedia":[{"embeddable":true,"href":"https:\/\/seyahatpolicesi.com\/blog\/wp-json\/wp\/v2\/media\/1414"}],"wp:attachment":[{"href":"https:\/\/seyahatpolicesi.com\/blog\/wp-json\/wp\/v2\/media?parent=1413"}],"wp:term":[{"taxonomy":"category","embeddable":true,"href":"https:\/\/seyahatpolicesi.com\/blog\/wp-json\/wp\/v2\/categories?post=1413"},{"taxonomy":"post_tag","embeddable":true,"href":"https:\/\/seyahatpolicesi.com\/blog\/wp-json\/wp\/v2\/tags?post=1413"}],"curies":[{"name":"wp","href":"https:\/\/api.w.org\/{rel}","templated":true}]}}